{"id":135519,"date":"2026-01-07T04:33:07","date_gmt":"2026-01-07T04:33:07","guid":{"rendered":"https:\/\/www.europesays.com\/fi\/135519\/"},"modified":"2026-01-07T04:33:07","modified_gmt":"2026-01-07T04:33:07","slug":"moni-ravintola-lappeenrannassa-korotti-lounaan-hintaa-vuodenvaihteessa-mietityttaa-etta-onko-joku-1550-euroa-hintansa-arvoinen-paikalliset","status":"publish","type":"post","link":"https:\/\/www.europesays.com\/fi\/135519\/","title":{"rendered":"Moni ravintola Lappeenrannassa korotti lounaan hintaa vuodenvaihteessa \u2013 &#8221;Mietitytt\u00e4\u00e4, ett\u00e4 onko joku 15,50 euroa hintansa arvoinen&#8221; | Paikalliset"},"content":{"rendered":"<p>Verohallinto nosti j\u00e4lleen lounasedun v\u00e4himm\u00e4is- ja enimm\u00e4ism\u00e4\u00e4ri\u00e4 vuodenvaihteessa. Ty\u00f6nantajan my\u00f6nt\u00e4m\u00e4 lounasetu on nyt enint\u00e4\u00e4n 14 euroa. Jo viime vuonna moni n\u00e4ki, ett\u00e4 liikutaan kipurajoilla. Lounasp\u00f6ydiss\u00e4 puhutaan, ett\u00e4 nousut saisivat olla nyt t\u00e4ss\u00e4 tai ty\u00f6paikan lounaassa siirryt\u00e4\u00e4n ev\u00e4slinjalle.<\/p>\n<p>Lounaiden hinnat nousivat j\u00e4lleen vuodenvaihteessa useissa paikoissa. Moni lounasravintola nostaa hintoja, kun verottaja korottaa lounasedun enimm\u00e4ism\u00e4\u00e4r\u00e4\u00e4. T\u00e4n\u00e4 vuonna ravintoedun arvo on v\u00e4hint\u00e4\u00e4n 8,80 euroa ateriaa kohden. Enimm\u00e4ism\u00e4\u00e4r\u00e4 on 14 euroa. Summat m\u00e4\u00e4r\u00e4ytyv\u00e4t edun hankkimisesta ty\u00f6nantajalle aiheutuvien kustannusten ja niiden arvonlis\u00e4veron m\u00e4\u00e4r\u00e4n mukaan.<\/p>\n<p><strong class=\"diks-storyline__impact\">Esimerkiksi<\/strong> Saimaan Helmess\u00e4 lounaan hinta on vuoden alusta 14 euroa eli lounasedun enimm\u00e4ism\u00e4\u00e4r\u00e4n verran. Vuosi sitten se oli 13,90 euroa, sit\u00e4 edellisen\u00e4 vuonna 13,50 euroa. Yritt\u00e4j\u00e4 <strong>Maria Yl\u00e4-Outinen<\/strong> sanoo, ett\u00e4 verottajan m\u00e4\u00e4rittelem\u00e4 ravintoedun m\u00e4\u00e4r\u00e4 on toiminut heill\u00e4 ohjenuorana, jonka vanavedess\u00e4 hinnatkin yleens\u00e4 nousevat.<\/p>\n<p>\u2013\u2009Lounasedun arvo on ohjuri. Raaka-aineet, kuljetukset ja palkat nousevat my\u00f6s, ett\u00e4 paljon on hintojakin tarkisteltava, Yl\u00e4-Outinen sanoo.<\/p>\n<p>H\u00e4n muistuttaa, ett\u00e4 Saimaan Helmen hinnankorotus on kuitenkin pieni.<\/p>\n","protected":false},"excerpt":{"rendered":"Verohallinto nosti j\u00e4lleen lounasedun v\u00e4himm\u00e4is- ja enimm\u00e4ism\u00e4\u00e4ri\u00e4 vuodenvaihteessa. Ty\u00f6nantajan my\u00f6nt\u00e4m\u00e4 lounasetu on nyt enint\u00e4\u00e4n 14 euroa. Jo viime&hellip;\n","protected":false},"author":2,"featured_media":135520,"comment_status":"","ping_status":"","sticky":false,"template":"","format":"standard","meta":{"footnotes":""},"categories":[12],"tags":[22,23,22584,26,27,33,31,30,17,2864,3667,4508,1446,24,25,28,29,15,18,21,900,2331,32,19,20,2865,16],"class_list":{"0":"post-135519","1":"post","2":"type-post","3":"status-publish","4":"format-standard","5":"has-post-thumbnail","7":"category-suomi","8":"tag-breaking-news","9":"tag-breakingnews","10":"tag-es-elama-ja-ihmiset","11":"tag-featured-news","12":"tag-featurednews","13":"tag-fi","14":"tag-finland","15":"tag-finnish","16":"tag-headlines","17":"tag-kasinot","18":"tag-lappee","19":"tag-lappeenrannan-seutukunta","20":"tag-lappeenranta","21":"tag-latest-news","22":"tag-latestnews","23":"tag-main-news","24":"tag-mainnews","25":"tag-news","26":"tag-otsikot","27":"tag-paauutiset","28":"tag-ruoka","29":"tag-ruoka-ja-juoma","30":"tag-suomi","31":"tag-top-stories","32":"tag-topstories","33":"tag-uhkapelit-ja-rahapeli-ja-vedonlyontipalvelut","34":"tag-uutiset"},"share_on_mastodon":{"url":"","error":"Validation failed: Text character limit of 500 exceeded"},"_links":{"self":[{"href":"https:\/\/www.europesays.com\/fi\/wp-json\/wp\/v2\/posts\/135519","targetHints":{"allow":["GET"]}}],"collection":[{"href":"https:\/\/www.europesays.com\/fi\/wp-json\/wp\/v2\/posts"}],"about":[{"href":"https:\/\/www.europesays.com\/fi\/wp-json\/wp\/v2\/types\/post"}],"author":[{"embeddable":true,"href":"https:\/\/www.europesays.com\/fi\/wp-json\/wp\/v2\/users\/2"}],"replies":[{"embeddable":true,"href":"https:\/\/www.europesays.com\/fi\/wp-json\/wp\/v2\/comments?post=135519"}],"version-history":[{"count":0,"href":"https:\/\/www.europesays.com\/fi\/wp-json\/wp\/v2\/posts\/135519\/revisions"}],"wp:featuredmedia":[{"embeddable":true,"href":"https:\/\/www.europesays.com\/fi\/wp-json\/wp\/v2\/media\/135520"}],"wp:attachment":[{"href":"https:\/\/www.europesays.com\/fi\/wp-json\/wp\/v2\/media?parent=135519"}],"wp:term":[{"taxonomy":"category","embeddable":true,"href":"https:\/\/www.europesays.com\/fi\/wp-json\/wp\/v2\/categories?post=135519"},{"taxonomy":"post_tag","embeddable":true,"href":"https:\/\/www.europesays.com\/fi\/wp-json\/wp\/v2\/tags?post=135519"}],"curies":[{"name":"wp","href":"https:\/\/api.w.org\/{rel}","templated":true}]}}