{"id":135521,"date":"2026-01-07T04:34:09","date_gmt":"2026-01-07T04:34:09","guid":{"rendered":"https:\/\/www.europesays.com\/fi\/135521\/"},"modified":"2026-01-07T04:34:09","modified_gmt":"2026-01-07T04:34:09","slug":"aidinmaidonkorvikkeen-takaisinveto-laajenee-ruokavirasto","status":"publish","type":"post","link":"https:\/\/www.europesays.com\/fi\/135521\/","title":{"rendered":"\u00c4idinmaidonkorvikkeen takaisinveto laajenee &#8211; Ruokavirasto"},"content":{"rendered":"<ol>\n<li><a href=\"https:\/\/news.google.com\/rss\/articles\/CBMixwFBVV95cUxOLVNsdjJ2akF5Sjg0WmY4Wm5lWnNtWEh4X3lhMHNaeGc1TEMwcXNwUWFqcWNuVGE2WGljcUR2SlNjb2RkSmhqdlp2OXQtWFN1bGtzNEdxOE5SUEYzUlhIcWNLVEZLVk91TEZaS19EOHhoeEZtdlVUM1czNWUzVkJScE1tNE83SHFoZWljZVNjb1JqTlJybjd5bmN6Ti1IZEFDSmZ6eng1RHlYRFNGbkd5a1FGbWFQbXBWVGk5V3g4SlZSV1NZS2pZ?oc=5\" target=\"_blank\" rel=\"nofollow noopener\">\u00c4idinmaidonkorvikkeen takaisinveto laajenee<\/a>&nbsp;&nbsp;Ruokavirasto<\/li>\n<li><a href=\"https:\/\/news.google.com\/rss\/articles\/CBMie0FVX3lxTE5YanE0UzI1blUwbUhvOUpFM2FHLWlNZlRMMGNlMlNTZW1oQlJQQjdfVFR1ZU5CeDk5VXhocUxOWXNqVnpnMHB3YXpGUXcwekJyX3BPOUpHRDhqWGhsZlZ4ZmZIMFZQUjllTGpLNVVUR202dF85QlE2bjZMbw?oc=5\" target=\"_blank\" rel=\"nofollow noopener\">\u00c4l\u00e4 k\u00e4yt\u00e4 n\u00e4it\u00e4 \u00e4idinmaidonkorvikkeita<\/a>&nbsp;&nbsp;Iltalehti<\/li>\n<li><a href=\"https:\/\/news.google.com\/rss\/articles\/CBMiXkFVX3lxTE53cF9WRUd5WGNMVXpZX0ZDV3QySWZIZ3BZZmkxN0RUZGhBblVjYlQtVXQtN0wtemVWal9hZ29rUEZTRTZhakVSN091ZDFZbWdBNjNpYXVNblhnTmM0Wnc?oc=5\" target=\"_blank\" rel=\"nofollow noopener\">\u00c4idinmaidonkorvikkeiden takaisinvetosoppa laajenee<\/a>&nbsp;&nbsp;Ilta-Sanomat<\/li>\n<li><a href=\"https:\/\/news.google.com\/rss\/articles\/CBMibkFVX3lxTE94UGJWd2N5eHlDYk55ZG1uZkN5bmZPWWVJQ0g0ZE4xbWNJdjNCRTI4Zy15S0wwaWZNOFhId3drNTJFdThQNWxtVGtqcmZuUmdTWU1lSTc1ZkZkM0xxbl9VcWdHSzF0UnMzYS1lekRn?oc=5\" target=\"_blank\" rel=\"nofollow noopener\">Takaisinvedot | Nestl\u00e9 laajentaa \u00e4idinmaidonkorvikkeiden takaisinvetoa<\/a>&nbsp;&nbsp;HS.fi<\/li>\n<li><a href=\"https:\/\/news.google.com\/rss\/articles\/CBMilAFBVV95cUxPdnB5R1ZqSnBQRzRpX0hvM1d3WWdrQ2t1TEpiMjlRR1Ftekg4M1hqMG5uMnBDOVdUU2hNT1lZcWpMV0MtYW9aYUNvc0JlYmtUbkFyNTY4OG5QT3VqenF3RnRnOU1Nd0Q5bGNKcV9EZkJFRlRFcmk2bFFIVHFNeWN2VF9FNVJYZ2ZDSVhQd1hfemk1aEl6?oc=5\" target=\"_blank\" rel=\"nofollow noopener\">Vauvanruokaa vedet\u00e4\u00e4n pois varotoimena \u2013 voi sis\u00e4lt\u00e4\u00e4 kereulidia<\/a>&nbsp;&nbsp;Voice.fi<\/li>\n<\/ol>\n","protected":false},"excerpt":{"rendered":"\u00c4idinmaidonkorvikkeen takaisinveto laajenee&nbsp;&nbsp;Ruokavirasto \u00c4l\u00e4 k\u00e4yt\u00e4 n\u00e4it\u00e4 \u00e4idinmaidonkorvikkeita&nbsp;&nbsp;Iltalehti \u00c4idinmaidonkorvikkeiden takaisinvetosoppa laajenee&nbsp;&nbsp;Ilta-Sanomat Takaisinvedot | Nestl\u00e9 laajentaa \u00e4idinmaidonkorvikkeiden takaisinvetoa&nbsp;&nbsp;HS.fi Vauvanruokaa vedet\u00e4\u00e4n&hellip;\n","protected":false},"author":2,"featured_media":80870,"comment_status":"","ping_status":"","sticky":false,"template":"","format":"standard","meta":{"footnotes":""},"categories":[5],"tags":[22,23,26,27,33,31,30,17,24,25,28,29,15,18,21,32,19,20,16],"class_list":{"0":"post-135521","1":"post","2":"type-post","3":"status-publish","4":"format-standard","5":"has-post-thumbnail","7":"category-otsikot","8":"tag-breaking-news","9":"tag-breakingnews","10":"tag-featured-news","11":"tag-featurednews","12":"tag-fi","13":"tag-finland","14":"tag-finnish","15":"tag-headlines","16":"tag-latest-news","17":"tag-latestnews","18":"tag-main-news","19":"tag-mainnews","20":"tag-news","21":"tag-otsikot","22":"tag-paauutiset","23":"tag-suomi","24":"tag-top-stories","25":"tag-topstories","26":"tag-uutiset"},"share_on_mastodon":{"url":"https:\/\/pubeurope.com\/@fi\/115851956245315849","error":""},"_links":{"self":[{"href":"https:\/\/www.europesays.com\/fi\/wp-json\/wp\/v2\/posts\/135521","targetHints":{"allow":["GET"]}}],"collection":[{"href":"https:\/\/www.europesays.com\/fi\/wp-json\/wp\/v2\/posts"}],"about":[{"href":"https:\/\/www.europesays.com\/fi\/wp-json\/wp\/v2\/types\/post"}],"author":[{"embeddable":true,"href":"https:\/\/www.europesays.com\/fi\/wp-json\/wp\/v2\/users\/2"}],"replies":[{"embeddable":true,"href":"https:\/\/www.europesays.com\/fi\/wp-json\/wp\/v2\/comments?post=135521"}],"version-history":[{"count":0,"href":"https:\/\/www.europesays.com\/fi\/wp-json\/wp\/v2\/posts\/135521\/revisions"}],"wp:featuredmedia":[{"embeddable":true,"href":"https:\/\/www.europesays.com\/fi\/wp-json\/wp\/v2\/media\/80870"}],"wp:attachment":[{"href":"https:\/\/www.europesays.com\/fi\/wp-json\/wp\/v2\/media?parent=135521"}],"wp:term":[{"taxonomy":"category","embeddable":true,"href":"https:\/\/www.europesays.com\/fi\/wp-json\/wp\/v2\/categories?post=135521"},{"taxonomy":"post_tag","embeddable":true,"href":"https:\/\/www.europesays.com\/fi\/wp-json\/wp\/v2\/tags?post=135521"}],"curies":[{"name":"wp","href":"https:\/\/api.w.org\/{rel}","templated":true}]}}