{"id":135522,"date":"2026-01-07T04:39:08","date_gmt":"2026-01-07T04:39:08","guid":{"rendered":"https:\/\/www.europesays.com\/fi\/135522\/"},"modified":"2026-01-07T04:39:08","modified_gmt":"2026-01-07T04:39:08","slug":"ymparisto-kunta-panostaa-puhtaisiin-ajoneuvoihin-seka-latausinfran-kehittamiseen-paikalliset","status":"publish","type":"post","link":"https:\/\/www.europesays.com\/fi\/135522\/","title":{"rendered":"Ymp\u00e4rist\u00f6 | Kunta panostaa puhtaisiin ajoneuvoihin sek\u00e4 latausinfran kehitt\u00e4miseen | Paikalliset"},"content":{"rendered":"<p>Nurmij\u00e4rven kunta edist\u00e4\u00e4 ilmastoty\u00f6t\u00e4\u00e4n olemalla mukana erilaisissa hankkeissa ja ohjelmissa sek\u00e4 tekem\u00e4ll\u00e4 omaa paikallista ilmastoty\u00f6t\u00e4, kunnan tiedotteessa sanotaan. Viime vuosina kunta on muun muassa perustanut ilmastoty\u00f6ryhm\u00e4n, laatinut ymp\u00e4rist\u00f6- ja ilmasto-ohjelman ja toimenpidesuunnitelman.<\/p>\n<p>Toimenpidesuunnitelma sis\u00e4lt\u00e4\u00e4 l\u00e4himpin\u00e4 vuosina k\u00e4ynnistyv\u00e4t hankkeet, ja suunnitelma p\u00e4ivitet\u00e4\u00e4n kahden vuoden v\u00e4lein eli p\u00e4ivitys on parhaillaan ty\u00f6n alla. Tiedotteen mukaan toteutettaviksi valitaan toimenpiteit\u00e4, jotka tukevat toimialojen ydinteht\u00e4vi\u00e4 ja ovat vaikuttavia ilmastonmuutoksen ehk\u00e4isyss\u00e4.<\/p>\n<p><strong class=\"diks-storyline__impact\">Ilmastoty\u00f6n toimenpidesuunnitelman<\/strong> yhten\u00e4 hankekokonaisuutena on puhtaat ajoneuvot ja latausinfra. Tavoitteeksi on asetettu, ett\u00e4 kunnalla on lain mukainen osuus puhtaita ajoneuvoja 31. joulukuuta 2030 menness\u00e4.<\/p>\n<p>Kunnalle on tullut kuusi uutta s\u00e4hk\u00f6autoa viime vuoden lopulla korvaamaan vanhoja polttomoottoriajoneuvoja. Autot ovat leasing-ajoneuvoja. Autoista nelj\u00e4 on tilakeskuksen k\u00e4yt\u00f6ss\u00e4 olevia pakettiautoja, ja kaksi henkil\u00f6autoa rakennusvalvonnan ja metsurin k\u00e4yt\u00f6ss\u00e4.<\/p>\n","protected":false},"excerpt":{"rendered":"Nurmij\u00e4rven kunta edist\u00e4\u00e4 ilmastoty\u00f6t\u00e4\u00e4n olemalla mukana erilaisissa hankkeissa ja ohjelmissa sek\u00e4 tekem\u00e4ll\u00e4 omaa paikallista ilmastoty\u00f6t\u00e4, kunnan tiedotteessa sanotaan.&hellip;\n","protected":false},"author":2,"featured_media":135523,"comment_status":"","ping_status":"","sticky":false,"template":"","format":"standard","meta":{"footnotes":""},"categories":[113],"tags":[446,33,31,30,2986,5060,401,2985,5061,118,32,119,447,709,23330],"class_list":{"0":"post-135522","1":"post","2":"type-post","3":"status-publish","4":"format-standard","5":"has-post-thumbnail","7":"category-ymparisto","8":"tag-environment","9":"tag-fi","10":"tag-finland","11":"tag-finnish","12":"tag-hybridi-ja-sahkoajoneuvo","13":"tag-nurmijarven-kunta","14":"tag-nurmijarvi","15":"tag-sahkoajoneuvo","16":"tag-sahkoauto","17":"tag-science","18":"tag-suomi","19":"tag-tiede","20":"tag-ymparisto","21":"tag-ymparistoasiat","22":"tag-ymparistoystavallinen-ajoneuvo"},"share_on_mastodon":{"url":"https:\/\/pubeurope.com\/@fi\/115851975904680187","error":""},"_links":{"self":[{"href":"https:\/\/www.europesays.com\/fi\/wp-json\/wp\/v2\/posts\/135522","targetHints":{"allow":["GET"]}}],"collection":[{"href":"https:\/\/www.europesays.com\/fi\/wp-json\/wp\/v2\/posts"}],"about":[{"href":"https:\/\/www.europesays.com\/fi\/wp-json\/wp\/v2\/types\/post"}],"author":[{"embeddable":true,"href":"https:\/\/www.europesays.com\/fi\/wp-json\/wp\/v2\/users\/2"}],"replies":[{"embeddable":true,"href":"https:\/\/www.europesays.com\/fi\/wp-json\/wp\/v2\/comments?post=135522"}],"version-history":[{"count":0,"href":"https:\/\/www.europesays.com\/fi\/wp-json\/wp\/v2\/posts\/135522\/revisions"}],"wp:featuredmedia":[{"embeddable":true,"href":"https:\/\/www.europesays.com\/fi\/wp-json\/wp\/v2\/media\/135523"}],"wp:attachment":[{"href":"https:\/\/www.europesays.com\/fi\/wp-json\/wp\/v2\/media?parent=135522"}],"wp:term":[{"taxonomy":"category","embeddable":true,"href":"https:\/\/www.europesays.com\/fi\/wp-json\/wp\/v2\/categories?post=135522"},{"taxonomy":"post_tag","embeddable":true,"href":"https:\/\/www.europesays.com\/fi\/wp-json\/wp\/v2\/tags?post=135522"}],"curies":[{"name":"wp","href":"https:\/\/api.w.org\/{rel}","templated":true}]}}