{"id":135524,"date":"2026-01-07T04:49:08","date_gmt":"2026-01-07T04:49:08","guid":{"rendered":"https:\/\/www.europesays.com\/fi\/135524\/"},"modified":"2026-01-07T04:49:08","modified_gmt":"2026-01-07T04:49:08","slug":"illalla-tvssa-naurettavan-hyva-sotaisa-komedia-paaroolivalinta-tosin-jakoi-mielipiteet","status":"publish","type":"post","link":"https:\/\/www.europesays.com\/fi\/135524\/","title":{"rendered":"Illalla tv:ss\u00e4: Naurettavan hyv\u00e4 sotaisa komedia &#8211; p\u00e4\u00e4roolivalinta tosin jakoi mielipiteet"},"content":{"rendered":"<p>Illan leffaksi on tarjolla sotateemoilla s\u00e4vytetty musta komedia War Dogs (2016). Elokuva on my\u00f6s suoratoistopalvelu Viaplayssa.<\/p>\n<p>Kaksi asekauppiasta saa vihi\u00e4 poikkeuksellisen suuresta kaupasta ja tempautuu nopeasti mukaan peliin, jonka mittakaava kasvaa hallitsemattomaksi. Pian heille selvi\u00e4\u00e4, ett\u00e4 miljardiluokan bisneksess\u00e4 yksikin virhearvio voi koitua kohtalokkaaksi.<\/p>\n<p>Elokuvan p\u00e4\u00e4rooleihin kaavailtiin alun perin <strong>Jesse Eisenbergi\u00e4<\/strong> ja <strong>Shia LaBeoufia<\/strong>, mutta lopulta roolit meniv\u00e4t <strong>Jonah Hillille<\/strong> ja <strong>Miles Tellerille<\/strong>. Sivuosissa n\u00e4hd\u00e4\u00e4n <strong>Ana de Armas<\/strong> ja <strong>Bradley Cooper<\/strong>. Ohjauksesta vastaa <strong>Todd Phillips<\/strong>, joka tunnetaan my\u00f6s elokuvasta Joker.<\/p>\n<p><img loading=\"lazy\" height=\"271\" width=\"648\" class=\"wp-image-162379 sp-no-webp perfmatters-lazy\" alt=\"\" decoding=\"async\" src=\"https:\/\/www.europesays.com\/fi\/wp-content\/uploads\/2026\/01\/war-dogs-648x271.jpg\"  data-\/> <\/p>\n<p>Lue my\u00f6s: <a href=\"https:\/\/www.episodi.fi\/uutiset\/nyt-suoratoistona-hulvaton-katastrofikomedia-nimekas-tahtikaarti-esittaa-leffassa-itseaan\/\" title=\"Nyt suoratoistona: Hulvaton katastrofikomedia \u2013 nimek\u00e4s t\u00e4htikaarti esitt\u00e4\u00e4 leffassa itse\u00e4\u00e4n\" class=\"underline-custom !font-montserrat !font-bold !underline-offset-4 !decoration-4 !decoration-episodi-blue !text-md\" rel=\"nofollow noopener\" target=\"_blank\">Nyt suoratoistona: Hulvaton katastrofikomedia \u2013 nimek\u00e4s t\u00e4htikaarti esitt\u00e4\u00e4 leffassa itse\u00e4\u00e4n<\/a><\/p>\n<p>Oikean el\u00e4m\u00e4n <strong>Efraim Diveroli<\/strong> ei halunnut Hilli\u00e4 n\u00e4yttelem\u00e4\u00e4n itse\u00e4\u00e4n, joten h\u00e4n kielt\u00e4ytyi tapaamasta n\u00e4yttelij\u00e4\u00e4. Hill tuumi asiasta seuraavasti: \u201dOlen tottunut siihen. Jos henkil\u00f6 vastustaa aggressiivisesti minua n\u00e4yttelem\u00e4st\u00e4 heit\u00e4, se on luultavasti hyv\u00e4 merkki.\u201d Hill n\u00e4ytteli roolinsa sen verran hyvin, ett\u00e4 h\u00e4net huomioitiin roolisuorituksestaan Golden Globe -ehdokkuudella.<\/p>\n<p>Elokuva sai kriitikoilta vaihtelevan vastaanoton. Rotten Tomatoes -sivustolla sen kriitikkomittari on luvussa 62 prosenttia. Arvio perustuu 235 arvosteluun, ja keskiarvoksi muodostuu 6,0\/10. Sivuston kriitikkoyhteenvedon mukaan elokuva nousee paremmaksi erityisesti Jonah Hillin vahvan roolity\u00f6n ansiosta. Alla traileri.<\/p>\n<p>Tulevat l\u00e4hetykset:<\/p>\n<ul class=\"wp-block-list\">\n<li>Ke 7.1.2026 klo 21.00 \u00b7 Kutonen<\/li>\n<li>To 8.1.2026 klo 23.30 \u00b7 Kutonen<\/li>\n<\/ul>\n<p>Lue my\u00f6s: <a href=\"https:\/\/www.episodi.fi\/uutiset\/nyt-suoratoistona-dicaprio-hulvattomassa-bisnesleffassa-mcconaugheyn-improvisointi-asetti-savyn-koko-leffalle\/\" title=\"Nyt suoratoistona: DiCaprio hulvattomassa rikosleffassa \u2013 McConaugheyn improvisointi asetti s\u00e4vyn koko leffalle\" class=\"underline-custom !font-montserrat !font-bold !underline-offset-4 !decoration-4 !decoration-episodi-blue !text-md\" rel=\"nofollow noopener\" target=\"_blank\">Nyt suoratoistona: DiCaprio hulvattomassa rikosleffassa \u2013 McConaugheyn improvisointi asetti s\u00e4vyn koko leffalle<\/a><\/p>\n<p>Lue my\u00f6s: <a href=\"https:\/\/www.episodi.fi\/uutiset\/nyt-netflixissa-george-clooneyn-molaytys-pakotti-tekemaan-vuoden-2016-komedian-heratti-niin-paljon-julkisuutta\/\" title=\"Nyt Netflixiss\u00e4: George Clooneyn m\u00f6l\u00e4ytys pakotti tekem\u00e4\u00e4n vuoden 2016 komedian \u2013 her\u00e4tti niin paljon julkisuutta\" class=\"underline-custom !font-montserrat !font-bold !underline-offset-4 !decoration-4 !decoration-episodi-blue !text-md\" rel=\"nofollow noopener\" target=\"_blank\">Nyt Netflixiss\u00e4: George Clooneyn m\u00f6l\u00e4ytys pakotti tekem\u00e4\u00e4n vuoden 2016 komedian \u2013 her\u00e4tti niin paljon julkisuutta<\/a><\/p>\n<p>Lue my\u00f6s: <a href=\"https:\/\/www.episodi.fi\/uutiset\/nyt-suoratoistona-vangin-ja-toimittajan-erikoislaatuinen-ystavyyssuhde-intensiivinen-kohtaus-vei-nayttelijan-sairaalaan\/\" title=\"Nyt suoratoistona: Vangin ja toimittajan erikoislaatuinen yst\u00e4vyyssuhde \u2013 intensiivinen kohtaus vei n\u00e4yttelij\u00e4n sairaalaan\" class=\"underline-custom !font-montserrat !font-bold !underline-offset-4 !decoration-4 !decoration-episodi-blue !text-md\" rel=\"nofollow noopener\" target=\"_blank\">Nyt suoratoistona: Vangin ja toimittajan erikoislaatuinen yst\u00e4vyyssuhde \u2013 intensiivinen kohtaus vei n\u00e4yttelij\u00e4n sairaalaan<\/a><\/p>\n<p><img loading=\"lazy\" decoding=\"async\" alt=\"YouTube video\" width=\"480\" height=\"360\" data-pin-nopin=\"true\" nopin=\"nopin\" class=\"perfmatters-lazy\" src=\"https:\/\/www.europesays.com\/fi\/wp-content\/uploads\/2026\/01\/1767761348_1_hqdefault.jpg\"\/><\/p>\n<p>L\u00e4hde: <a href=\"https:\/\/www.imdb.com\/title\/tt2005151\/\" target=\"_blank\" rel=\"noreferrer noopener nofollow\">IMDb<\/a><\/p>\n<p>Lue my\u00f6s: <a href=\"https:\/\/www.episodi.fi\/uutiskirje\/?uutiskirjemainos=tekstilinkkimainos\" title=\"Tilaa Episodin uutiskirje ja voit voittaa leffalippuja! Nappaa tv-vinkit suoraan s\u00e4hk\u00f6postiin t\u00e4st\u00e4.\" class=\"underline-custom !font-montserrat !font-bold !underline-offset-4 !decoration-4 !decoration-episodi-blue !text-md\" rel=\"nofollow noopener\" target=\"_blank\">Tilaa Episodin uutiskirje ja voit voittaa leffalippuja! Nappaa katseluvinkit suoraan s\u00e4hk\u00f6postiin t\u00e4st\u00e4.<\/a><\/p>\n<p>\t\t\t<a href=\"https:\/\/www.facebook.com\/sharer\/sharer.php?u=https:\/\/www.episodi.fi\/uutiset\/illalla-tvssa-naurettavan-hyva-sotaisa-komedia-paaroolivalinta-tosin-jakoi-mielipiteet\/\" target=\"_blank\" class=\"block px-4 py-2 text-sm text-gray-800 border-b hover:bg-gray-200\" rel=\"nofollow noopener\"><\/p>\n<p>\t\t\t\tFacebook<br \/>\n\t\t\t<\/a><br \/>\n\t\t\t<a href=\"https:\/\/twitter.com\/intent\/tweet?text=https:\/\/www.episodi.fi\/uutiset\/illalla-tvssa-naurettavan-hyva-sotaisa-komedia-paaroolivalinta-tosin-jakoi-mielipiteet\/\" target=\"_blank\" class=\"block px-4 py-2 text-sm text-gray-800 border-b hover:bg-gray-200\" rel=\"nofollow noopener\"><\/p>\n<p>\t\t\t\tTwitter<br \/>\n\t\t\t<\/a><br \/>\n\t\t\t<a href=\"mailto:?subject=Illalla tv:ss\u00e4: Naurettavan hyv\u00e4 sotaisa komedia \u2013 p\u00e4\u00e4roolivalinta tosin jakoi mielipiteet&amp;body=https:\/\/www.episodi.fi\/uutiset\/illalla-tvssa-naurettavan-hyva-sotaisa-komedia-paaroolivalinta-tosin-jakoi-mielipiteet\/\" target=\"_blank\" class=\"block px-4 py-2 text-sm text-gray-800 border-b hover:bg-gray-200\"><\/p>\n<p>\t\t\t\tS\u00e4hk\u00f6posti<\/a><\/p>\n<p>\t\t\t\t<script async src=\"https:\/\/platform.twitter.com\/widgets.js\" charset=\"utf-8\"><\/script><\/p>\n","protected":false},"excerpt":{"rendered":"Illan leffaksi on tarjolla sotateemoilla s\u00e4vytetty musta komedia War Dogs (2016). Elokuva on my\u00f6s suoratoistopalvelu Viaplayssa. Kaksi asekauppiasta&hellip;\n","protected":false},"author":2,"featured_media":135525,"comment_status":"","ping_status":"","sticky":false,"template":"","format":"standard","meta":{"footnotes":""},"categories":[133],"tags":[137,33,31,30,32,206,139,156,109],"class_list":{"0":"post-135524","1":"post","2":"type-post","3":"status-publish","4":"format-standard","5":"has-post-thumbnail","7":"category-televisiot","8":"tag-entertainment","9":"tag-fi","10":"tag-finland","11":"tag-finnish","12":"tag-suomi","13":"tag-televisiot","14":"tag-tv-ohjelmat","15":"tag-tv","16":"tag-viihde"},"share_on_mastodon":{"url":"https:\/\/pubeurope.com\/@fi\/115852015201977162","error":""},"_links":{"self":[{"href":"https:\/\/www.europesays.com\/fi\/wp-json\/wp\/v2\/posts\/135524","targetHints":{"allow":["GET"]}}],"collection":[{"href":"https:\/\/www.europesays.com\/fi\/wp-json\/wp\/v2\/posts"}],"about":[{"href":"https:\/\/www.europesays.com\/fi\/wp-json\/wp\/v2\/types\/post"}],"author":[{"embeddable":true,"href":"https:\/\/www.europesays.com\/fi\/wp-json\/wp\/v2\/users\/2"}],"replies":[{"embeddable":true,"href":"https:\/\/www.europesays.com\/fi\/wp-json\/wp\/v2\/comments?post=135524"}],"version-history":[{"count":0,"href":"https:\/\/www.europesays.com\/fi\/wp-json\/wp\/v2\/posts\/135524\/revisions"}],"wp:featuredmedia":[{"embeddable":true,"href":"https:\/\/www.europesays.com\/fi\/wp-json\/wp\/v2\/media\/135525"}],"wp:attachment":[{"href":"https:\/\/www.europesays.com\/fi\/wp-json\/wp\/v2\/media?parent=135524"}],"wp:term":[{"taxonomy":"category","embeddable":true,"href":"https:\/\/www.europesays.com\/fi\/wp-json\/wp\/v2\/categories?post=135524"},{"taxonomy":"post_tag","embeddable":true,"href":"https:\/\/www.europesays.com\/fi\/wp-json\/wp\/v2\/tags?post=135524"}],"curies":[{"name":"wp","href":"https:\/\/api.w.org\/{rel}","templated":true}]}}