{"id":135536,"date":"2026-01-07T05:12:09","date_gmt":"2026-01-07T05:12:09","guid":{"rendered":"https:\/\/www.europesays.com\/fi\/135536\/"},"modified":"2026-01-07T05:12:09","modified_gmt":"2026-01-07T05:12:09","slug":"pappi-ei-ollut-uskoa-korviaan-kuullessaan-rinkeliruhtinas-sarjan-sami-haaran-ja-charlotte-fellmanin-lapsen-nimen","status":"publish","type":"post","link":"https:\/\/www.europesays.com\/fi\/135536\/","title":{"rendered":"Pappi ei ollut uskoa korviaan kuullessaan Rinkeliruhtinas-sarjan Sami Haaran ja Charlotte Fellmanin lapsen nimen"},"content":{"rendered":"<p>Uutta Rinkeliruhtinas-tosi-tv-sarjaa t\u00e4hditt\u00e4v\u00e4 Sami Haara ja Charlotte Fellman avaavat ohjelmassa perhekuviotaan, joka ei ole tavanomaisimmasta p\u00e4\u00e4st\u00e4. Heid\u00e4n lapsensa sai alkunsa ensitreffeill\u00e4.<\/p>\n<p class=\"article-body mb-nof-24 px-nof-16\">Elettiin loppiaista 2022, kun rinkelitehtailija <a class=\"font-bold underline-offset-[0.12em] [text-decoration:var(--person-link-text-decoration)] ![text-decoration-color:var(--person-link-text-decoration-color)]\" href=\"https:\/\/www.is.fi\/haku\/?query=Sami%20Haara\" rel=\"nofollow noopener\" target=\"_blank\">Sami Haara<\/a> tarttui puhelimeen ja pirautti naapurissa asuvalle <a class=\"font-bold underline-offset-[0.12em] [text-decoration:var(--person-link-text-decoration)] ![text-decoration-color:var(--person-link-text-decoration-color)]\" href=\"https:\/\/www.is.fi\/haku\/?query=Charlotte%20Fellmanille\" rel=\"nofollow noopener\" target=\"_blank\">Charlotte Fellmanille<\/a>, ett\u00e4 nyt muuten menn\u00e4\u00e4n treffeille.<\/p>\n<p class=\"article-body mb-nof-24 px-nof-16\">\u2013 Piti menn\u00e4 kahvilaan, mutta se oli koronan takia kiinni. Pyysin h\u00e4net sitten kyl\u00e4\u00e4n. Kiitos koronan, sill\u00e4 ilman sit\u00e4 ei oltaisi nyt t\u00e4ss\u00e4! Keski oy:ta kipparoiva Haara, 49, velmuilee.<\/p>\n<p class=\"article-body mb-nof-24 px-nof-16\">\u2013 Viel\u00e4 edellisen\u00e4 jouluna makoilin sohvalla ja mietin, ett\u00e4 ai miten kiva, ei oo muijaa, eik\u00e4 lapsia. Loppiaisena kaikki loppui.<\/p>\n<p class=\"article-body mb-nof-24 px-nof-16\">Seurasi salamarakastuminen ja iloinen perheuutinen, kun parin poika <a class=\"font-bold underline-offset-[0.12em] [text-decoration:var(--person-link-text-decoration)] ![text-decoration-color:var(--person-link-text-decoration-color)]\" href=\"https:\/\/www.is.fi\/haku\/?query=Prince\" rel=\"nofollow noopener\" target=\"_blank\">Prince<\/a> sai alkunsa ensitreffeill\u00e4.<\/p>\n<p class=\"article-body mb-nof-24 px-nof-16\">\u2013 Tai en tied\u00e4 onko t\u00e4ss\u00e4 edes ehtinyt rakastumaan, kun asiat on edenneet niin vauhdilla ja vasta muutaman kerranhan me ollaan n\u00e4hty! Fellman, 37, naurahtaa.<\/p>\n<p class=\"article-body mb-nof-24 px-nof-16\">Tavatessa uutta TV5:n Rinkeliruhtinas-tosi-tv-sarjaa t\u00e4hditt\u00e4v\u00e4 pari k\u00e4ttelee ja vaihtaa nopeasti kuulumisia, sill\u00e4 molemmat ovat her\u00e4illeet uuteen p\u00e4iv\u00e4\u00e4n omissa kodeissaan.<\/p>\n<p class=\"article-body mb-nof-24 px-nof-16\">Fellman sanoo, ett\u00e4 kahden kiireisen yritt\u00e4j\u00e4n arki toimii, koska he ovat tehneet siit\u00e4 omann\u00e4k\u00f6isens\u00e4. Se tarkoittaa, ett\u00e4 he hoitavat poikaa vuorotellen omissa kodeissaan Helsingin kanta-kaupungissa. Viikonloput ja lomat koko perhe viett\u00e4\u00e4 yhdess\u00e4.<\/p>\n<p class=\"article-body mb-nof-24 px-nof-16\">\u2013 Eih\u00e4n t\u00e4m\u00e4 tavanomaisin kuvio lapsiperheiss\u00e4 ole ja kyll\u00e4 siit\u00e4 kuulee ihmettely\u00e4, Fellman sanoo.<\/p>\n<p class=\"article-body mb-nof-24 px-nof-16\">Molemmat vierastavat ajatusta siit\u00e4, ett\u00e4 parisuhteessa kaikki pit\u00e4isi tehd\u00e4 yhdess\u00e4 ihan koko ajan.<\/p>\n<p class=\"article-body mb-nof-24 px-nof-16\">\u2013 Olemme molemmat itsen\u00e4isi\u00e4 oman tien kulkijoita. En ole leffailtaihminen, ett\u00e4 katsottaisi sohvalla iltaisin elokuvaa k\u00e4sikynk\u00e4ss\u00e4. Enemm\u00e4n puuhastelee omia juttuja ja el\u00e4\u00e4 my\u00f6s omaa el\u00e4m\u00e4\u00e4, Fellman kertoo.<\/p>\n<p class=\"article-body mb-nof-24 px-nof-16\">\u2013 Ei Charlotte \u00e4ij\u00e4\u00e4 kaipaa vierelleen. Enk\u00e4 min\u00e4 kaipaa sit\u00e4, ett\u00e4 joku soittelisi koko ajan per\u00e4\u00e4n, ett\u00e4 miss\u00e4 s\u00e4 oot. Karseeta, Haara sanoo.<\/p>\n<p><img decoding=\"async\" src=\"https:\/\/www.europesays.com\/fi\/wp-content\/uploads\/2026\/01\/1767762728_941_468.jpg\" alt=\"Charlotte Fellman ja Sami Haara tunsivat pitk\u00e4\u00e4n ja asuivat naapureina, ennen kuin suhde syveni ja heist\u00e4 tuli perhe.\" class=\"_Img_1rerz_1\" style=\"aspect-ratio:0.7489583333333333\" loading=\"eager\"\/><\/p>\n<p class=\"article-picture-caption\">Charlotte Fellman ja Sami Haara tunsivat pitk\u00e4\u00e4n ja asuivat naapureina, ennen kuin suhde syveni ja heist\u00e4 tuli perhe. Kuva:\u00a0Warner Bros Discovery<\/p>\n<p class=\"article-body mb-nof-24 px-nof-16\">Arki kahdessa osoitteessa tarkoittaa esimerkiksi sit\u00e4, ett\u00e4 Haara hakee parin pojan p\u00e4iv\u00e4kodista joka toinen p\u00e4iv\u00e4. Silloin is\u00e4 ja poika viett\u00e4v\u00e4t laatuaikaa ja omaa kauneusalan yrityst\u00e4\u00e4n py\u00f6ritt\u00e4v\u00e4 Fellman voi keskitty\u00e4 rauhassa t\u00f6ihin.<\/p>\n<p class=\"article-body mb-nof-24 px-nof-16\">\u2013 Mun mielest\u00e4 t\u00e4m\u00e4 toimii hyvin. Luulen, ett\u00e4 moni avioliitto olisi voitu pelastaa t\u00e4ll\u00e4 mallilla, Haara sanoo ja Fellman ny\u00f6kk\u00e4\u00e4 vieress\u00e4.<\/p>\n<p class=\"article-body mb-nof-24 px-nof-16\">\u2013 On kiva tuoda sarjassa n\u00e4kyviin meid\u00e4n el\u00e4m\u00e4\u00e4 ja sit\u00e4, ett\u00e4 on olemassa erilaisia perhemuotoja. Ehk\u00e4 se voi inspiroida tai her\u00e4tt\u00e4\u00e4 ajatuksia katsojissa, h\u00e4n sanoo.<\/p>\n<p><img decoding=\"async\" src=\"https:\/\/www.europesays.com\/fi\/wp-content\/uploads\/2026\/01\/1767762729_273_468.jpg\" alt=\"Parin Prince-poikaa on n\u00e4hty Keskin rinkelimainoksissa ja vanhemmat uskovatkin, ett\u00e4 poika kenties aikanaan hypp\u00e4\u00e4 mukaan perheyritykseen.\" class=\"_Img_1rerz_1\" style=\"aspect-ratio:0.8\" loading=\"eager\"\/><\/p>\n<p class=\"article-picture-caption\">Parin Prince-poikaa on n\u00e4hty Keskin rinkelimainoksissa ja vanhemmat uskovatkin, ett\u00e4 poika kenties aikanaan hypp\u00e4\u00e4 mukaan perheyritykseen. Kuva:\u00a0Warner Bros Discovery<\/p>\n<p class=\"article-body mb-nof-24 px-nof-16\">Fellmanilla on 11-vuotias lapsi aiemmasta suhteesta ja Haaran esikoinen puolestaan on jo t\u00e4ysi-ik\u00e4inen.<\/p>\n<p class=\"article-body mb-nof-24 px-nof-16\">Vaipanvaihdosta ja y\u00f6her\u00e4\u00e4misist\u00e4 oli ehtinyt vier\u00e4ht\u00e4\u00e4 jo sen verran aikaa, ett\u00e4 Haara sanoo olleensa hieman shokissa, kun h\u00e4nest\u00e4 tuli j\u00e4lleen is\u00e4 l\u00e4hemm\u00e4s viisikymppisen\u00e4.<\/p>\n<p class=\"article-body mb-nof-24 px-nof-16\">\u2013 Olen ennen ollut railakas juhlija ja Princen syntym\u00e4n j\u00e4lkeen l\u00e4hdin v\u00e4h\u00e4n heilahtelemaan, kun s\u00e4ik\u00e4hdin t\u00e4t\u00e4 tilannetta. Ett\u00e4 joudun kasvattamaan pienen pojan ja kaupan p\u00e4\u00e4lle el\u00e4m\u00e4\u00e4n tuli nainenkin, Haara sanoo.<\/p>\n<p class=\"article-body mb-nof-24 px-nof-16\">Pari on tapaillut nyt nelj\u00e4n vuoden ajan ja on kihloissa. H\u00e4it\u00e4 on tarkoitus juhlia 3\u20135 vuoden p\u00e4\u00e4st\u00e4 ja luvassa on isot h\u00e4\u00e4t. Yhteen he muuttavat Haaran mukaan \u201dehk\u00e4 kymmenen vuoden p\u00e4\u00e4st\u00e4\u201d.<\/p>\n<p class=\"article-body mb-nof-24 px-nof-16\">Fellman kertoo, ett\u00e4 Rinkeliruhtinas-sarjan kuvausten siirrytty\u00e4 Aurinkorannikolle he viettiv\u00e4t saman katon alla pidemm\u00e4n ajan kuin koskaan ennen.<\/p>\n<p class=\"article-body mb-nof-24 px-nof-16\">\u2013 Ai oltiinko pisin aika? Mutta onhan me ennenkin reissattu yhdess\u00e4 ulkomailla, Haara kummastelee.<\/p>\n<p class=\"article-body mb-nof-24 px-nof-16\">\u2013 Joo, mutta ei me olla ennen oltu viikkoa yhdess\u00e4 saman katon alla. Reissuissa ollaan aiemmin nukuttu eri osoitteissa, Fellman huomauttaa puolisolleen.<\/p>\n<p class=\"article-body mb-nof-24 px-nof-16\">Oman tien kulkeminen n\u00e4kyy paitsi asumiskuviossa, my\u00f6s siin\u00e4, kun pari valitsi pojalleen nimen Prince, eli prinssi.<\/p>\n<p class=\"article-body mb-nof-24 px-nof-16\">\u2013 Se oli siin\u00e4 rajalla, kun nime\u00e4 mietittiin, ett\u00e4 onko normaalia antaa lapsen nimeksi Prince. Nimi tuli vain jostain mieleen, eik\u00e4 Charlotte vastustellut, Haara sanoo.<\/p>\n<p class=\"article-body mb-nof-24 px-nof-16\">\u2013 Pappi meinasi kyll\u00e4 py\u00f6rty\u00e4! H\u00e4nen piti ihan tarkistaa, ett\u00e4 voiko t\u00e4llaisen nimen antaa lapselle Suomessa, Fellman hymyilee.<\/p>\n<p class=\"article-body nof-ui-body-medium mb-nof-24 px-nof-16\">Rinkeliruhtinas TV5 klo 20.30 keskiviikkona 7.1. alkaen<\/p>\n","protected":false},"excerpt":{"rendered":"Uutta Rinkeliruhtinas-tosi-tv-sarjaa t\u00e4hditt\u00e4v\u00e4 Sami Haara ja Charlotte Fellman avaavat ohjelmassa perhekuviotaan, joka ei ole tavanomaisimmasta p\u00e4\u00e4st\u00e4. Heid\u00e4n lapsensa&hellip;\n","protected":false},"author":2,"featured_media":135537,"comment_status":"","ping_status":"","sticky":false,"template":"","format":"standard","meta":{"footnotes":""},"categories":[136],"tags":[407,137,33,31,30,34,408,32,109],"class_list":{"0":"post-135536","1":"post","2":"type-post","3":"status-publish","4":"format-standard","5":"has-post-thumbnail","7":"category-julkkikset","8":"tag-celebrities","9":"tag-entertainment","10":"tag-fi","11":"tag-finland","12":"tag-finnish","13":"tag-ilta-sanomat","14":"tag-julkkikset","15":"tag-suomi","16":"tag-viihde"},"share_on_mastodon":{"url":"https:\/\/pubeurope.com\/@fi\/115852105674975239","error":""},"_links":{"self":[{"href":"https:\/\/www.europesays.com\/fi\/wp-json\/wp\/v2\/posts\/135536","targetHints":{"allow":["GET"]}}],"collection":[{"href":"https:\/\/www.europesays.com\/fi\/wp-json\/wp\/v2\/posts"}],"about":[{"href":"https:\/\/www.europesays.com\/fi\/wp-json\/wp\/v2\/types\/post"}],"author":[{"embeddable":true,"href":"https:\/\/www.europesays.com\/fi\/wp-json\/wp\/v2\/users\/2"}],"replies":[{"embeddable":true,"href":"https:\/\/www.europesays.com\/fi\/wp-json\/wp\/v2\/comments?post=135536"}],"version-history":[{"count":0,"href":"https:\/\/www.europesays.com\/fi\/wp-json\/wp\/v2\/posts\/135536\/revisions"}],"wp:featuredmedia":[{"embeddable":true,"href":"https:\/\/www.europesays.com\/fi\/wp-json\/wp\/v2\/media\/135537"}],"wp:attachment":[{"href":"https:\/\/www.europesays.com\/fi\/wp-json\/wp\/v2\/media?parent=135536"}],"wp:term":[{"taxonomy":"category","embeddable":true,"href":"https:\/\/www.europesays.com\/fi\/wp-json\/wp\/v2\/categories?post=135536"},{"taxonomy":"post_tag","embeddable":true,"href":"https:\/\/www.europesays.com\/fi\/wp-json\/wp\/v2\/tags?post=135536"}],"curies":[{"name":"wp","href":"https:\/\/api.w.org\/{rel}","templated":true}]}}