{"id":135538,"date":"2026-01-07T05:15:08","date_gmt":"2026-01-07T05:15:08","guid":{"rendered":"https:\/\/www.europesays.com\/fi\/135538\/"},"modified":"2026-01-07T05:15:08","modified_gmt":"2026-01-07T05:15:08","slug":"emmerdale-juonipaljastukset-tomin-syyte-rubyn-salaisuus-ja-kimin-juonittelut","status":"publish","type":"post","link":"https:\/\/www.europesays.com\/fi\/135538\/","title":{"rendered":"Emmerdale juonipaljastukset: Tomin syyte, Rubyn salaisuus ja Kimin juonittelut"},"content":{"rendered":"<p>            ITV\n        <\/p>\n<p class=\"subtitle \">Ensi viikon Emmerdalessa Ruby ja Cain ovat kiusaantuneita Moiran edess\u00e4, Kim yritt\u00e4\u00e4 hankkiutua eroon Willist\u00e4 ja verkko Tomin ymp\u00e4rill\u00e4 kiristyy.<\/p>\n<p class=\"article-content article-content-width !bg-background\">Tomilla on ollut huono p\u00e4iv\u00e4, ja h\u00e4n ilkeilee Amelialle, joka odotti yhteist\u00e4 iltaa ja toivoi my\u00f6s l\u00e4heisyytt\u00e4.<\/p>\n<p class=\"article-content article-content-width !bg-background\">Pian Tom antaa Amelialle taas toivoa ja mainitsee sormuksen. Sam kuulee, kuinka Tom puhuu Amelialle yhteenmuutosta. Belle palaa kotiin ja majoittuu Charityn luo, mist\u00e4 Tom varastaa h\u00e4nen neuleensa. Belle n\u00e4kee paidan my\u00f6hemmin Amelian p\u00e4\u00e4ll\u00e4. Tom seuraa Belle\u00e4 ja rikkoo l\u00e4hestymiskieltoa.\u00a0<\/p>\n<p>        <a itemprop=\"url\" href=\"https:\/\/www.seiska.fi\/katso\/emmerdalen-juonipaljastukset-belle-iskee-tomia-kirveella\/1996638\" rel=\"nofollow noopener\" target=\"_blank\"><\/p>\n<p>\nEmmerdalen juonipaljastukset\n<\/p>\n<p class=\"section-date\">\n        <strong class=\"article-section\" data-section=\"katso\"><br \/>\n            katso<br \/>\n        <\/strong><br \/>\n        20.11.2025 05:15\n    <\/p>\n<p>Emmerdalen juonipaljastukset: Belle iskee Tomia kirveell\u00e4\n    <\/p>\n<p itemprop=\"description\" class=\"subtitle \">\n    Ensi viikon Emmerdalessa Laurel ja Charles himoitsevat toisiaan, John tekee vaikutuksen ja Tomin ja Bellen kissa ja hiiri -leikill\u00e4 on karu lopputulos.\n<\/p>\n<p>        <\/a><\/p>\n<p class=\"article-content article-content-width !bg-background\">Tom vied\u00e4\u00e4n kuulusteluihin, koska h\u00e4nen rikkomaltaan tabletilta on onnistuttu kaivamaan kuvamateriaalia. Amelia kertoo Kerrylle ep\u00e4ilyksist\u00e4\u00e4n Tomin suhteen. Belle huojentuu kuullessaan, ettei h\u00e4nt\u00e4 vastaan nosteta syytett\u00e4. Tom saa syytteen Bellen pahoinpitelyst\u00e4 mutta ei aio luovuttaa ilman taistelua. Jimmy tuntee syyllisyytt\u00e4, ett\u00e4 uskoi Tomia, ja heitt\u00e4\u00e4 h\u00e4net kodistaan.<\/p>\n<p>Ruby on vaarassa paljastua<\/p>\n<p class=\"article-content article-content-width !bg-background\">Caleb tuo katumuspillerilaatikon p\u00f6yd\u00e4lle ja kertoo Rubylle huolensa Stephin ehk\u00e4isyasioista. Laatikko on oikeasti Rubyn, joka vaatii puhua Stephille itse. Ruby katsoo Stephin kanssa vanhaa valokuvaansa ja alkaa itke\u00e4.<\/p>\n<p>                <img decoding=\"async\" src=\"https:\/\/www.europesays.com\/fi\/wp-content\/uploads\/2026\/01\/2033545.webp.jpeg\" width=\"576\" height=\"274\" alt=\"Ryby\u00e4 huolestuttaa, ett\u00e4 h\u00e4n j\u00e4\u00e4 kiinni.\" loading=\"lazy\" \/>            <\/p>\n<p>\n            Ryby\u00e4 huolestuttaa, ett\u00e4 h\u00e4n j\u00e4\u00e4 kiinni.<br \/>\n            ITV\n        <\/p>\n<p class=\"article-content article-content-width !bg-background\">Moira pelk\u00e4\u00e4, ett\u00e4 h\u00e4nen kasvaimensa on sy\u00f6p\u00e4\u00e4. Kesken\u00e4\u00e4n maanneet Cain ja Ruby vierailevat yht\u00e4 aikaa Moiran luona sairaalassa ja ovat kiusaantuneita. My\u00f6hemmin Cain tunnustaa Moiralle rakkauttaan.<\/p>\n<p>        <a itemprop=\"url\" href=\"https:\/\/www.seiska.fi\/katso\/emmerdaleen-ilmestyy-ilkea-pahis-tytarkin-vihaa\/2025347\" rel=\"nofollow noopener\" target=\"_blank\"><\/p>\n<p>\nEmmerdaleen uusi hahmo\n<\/p>\n<p class=\"section-date\">\n        <strong class=\"article-section\" data-section=\"katso\"><br \/>\n            katso<br \/>\n        <\/strong><br \/>\n        29.12.2025 06:15\n    <\/p>\n<p>Emmerdaleen ilmestyy ilke\u00e4 pahis \u2013 tyt\u00e4rkin vihaa\n    <\/p>\n<p itemprop=\"description\" class=\"subtitle \">\n    Suosikkisarjaan saapuu per\u00e4ti kaksi uutta hahmoa.\n<\/p>\n<p>        <\/a><\/p>\n<p>Kim on tuuliviiri<\/p>\n<p class=\"article-content article-content-width !bg-background\">Will kirist\u00e4\u00e4 Kimi\u00e4, koska h\u00e4nell\u00e4 on todisteita t\u00e4m\u00e4n veronkierrosta. Kimin auto varastetaan. Kim saa selville, ett\u00e4 syyllinen on Ross. Kim vaatii Rossia hankkiutumaan eroon Willist\u00e4. Will pit\u00e4\u00e4 karkottaa kyl\u00e4st\u00e4. Kim kauhistuu, kun Ross kertoo, ett\u00e4 Will on kuollut.\u00a0<\/p>\n<p class=\"article-content article-content-width !bg-background\">Will ei kuitenkaan ole kuollut, vaan ilmestyy pian mukiloituna kotiin. Kim ja Will suutelevat, muhinoivat ja palaavat yhteen. Will tapaa Kimin taloudellisen neuvonantajan Peterin ja haluaa perua heid\u00e4n diilins\u00e4, jota he ovat puuhanneet Kimin sel\u00e4n takana. Se ei sovi Peterille. Ross varoittelee Willi\u00e4 Kimist\u00e4, ja Will alkaa ep\u00e4r\u00f6id\u00e4.<\/p>\n<p>        <a itemprop=\"url\" href=\"https:\/\/www.seiska.fi\/katso\/emmerdalen-juonipaljastukset-will-paatyy-arkkuun\/1989504\" rel=\"nofollow noopener\" target=\"_blank\"><\/p>\n<p>\nEmmerdalen juonipaljastukset\n<\/p>\n<p class=\"section-date\">\n        <strong class=\"article-section\" data-section=\"katso\"><br \/>\n            katso<br \/>\n        <\/strong><br \/>\n        12.11.2025 05:15\n    <\/p>\n<p>Emmerdalen juonipaljastukset: Will p\u00e4\u00e4tyy arkkuun\n    <\/p>\n<p itemprop=\"description\" class=\"subtitle \">\n    Ensi viikon Emmerdalessa kirist\u00e4j\u00e4n henkil\u00f6llisyys paljastuu, Willin piina jatkuu ja Victoria tekee Johnin tavaroista erikoisen l\u00f6yd\u00f6n.\n<\/p>\n<p>        <\/a><\/p>\n<p class=\"article-content article-content-width !bg-background\">Chas ja Liam jatkavat salaisia tapaamisiaan, ja pian Liam kertoo rakastavansa Chasi\u00e4. John yll\u00e4tt\u00e4\u00e4 Chasin ja Liamin. Salasuhde paljastuu my\u00f6s Ellalle, ja h\u00e4n haukkuu tuoreen parin.<\/p>\n<p class=\"italic m-italic article-content article-content-width !bg-background\">Emmerdale MTV3:lla maanantaista perjantaihin.<\/p>\n<p>        <a itemprop=\"url\" href=\"https:\/\/www.seiska.fi\/katso\/emmerdalen-juonipaljastukset-mandyn-salaisuus-paljastuu\/2020638\" rel=\"nofollow noopener\" target=\"_blank\"><\/p>\n<p>\nEmmerdalen juonipaljastukset\n<\/p>\n<p class=\"section-date\">\n        <strong class=\"article-section\" data-section=\"katso\"><br \/>\n            katso<br \/>\n        <\/strong><br \/>\n        23.12.2025 06:15\n    <\/p>\n<p>Emmerdalen juonipaljastukset: Mandyn salaisuus paljastuu\n    <\/p>\n<p itemprop=\"description\" class=\"subtitle \">\n    Ensi viikon Emmerdalessa Mandy antaa Tinalle mutakylvyn, Ross yritt\u00e4\u00e4 suudella Charity\u00e4 ja Vinnyn oikea \u00e4iti paljastuu.\n<\/p>\n<p>        <\/a><\/p>\n","protected":false},"excerpt":{"rendered":"ITV Ensi viikon Emmerdalessa Ruby ja Cain ovat kiusaantuneita Moiran edess\u00e4, Kim yritt\u00e4\u00e4 hankkiutua eroon Willist\u00e4 ja verkko&hellip;\n","protected":false},"author":2,"featured_media":135539,"comment_status":"","ping_status":"","sticky":false,"template":"","format":"standard","meta":{"footnotes":""},"categories":[133],"tags":[1192,15297,1182,7849,1186,6540,14437,6532,22636,1183,6533,137,33,31,30,101,905,32,206,156,109],"class_list":{"0":"post-135538","1":"post","2":"type-post","3":"status-publish","4":"format-standard","5":"has-post-thumbnail","7":"category-televisiot","8":"tag-draamasarja","9":"tag-emmerdale-amelia","10":"tag-emmerdale-belle","11":"tag-emmerdale-cain","12":"tag-emmerdale-juonipaljastukset","13":"tag-emmerdale-kim","14":"tag-emmerdale-moira","15":"tag-emmerdale-ruby","16":"tag-emmerdale-steph","17":"tag-emmerdale-tom-king","18":"tag-emmerdale-will","19":"tag-entertainment","20":"tag-fi","21":"tag-finland","22":"tag-finnish","23":"tag-ihmissuhteet","24":"tag-mtv3","25":"tag-suomi","26":"tag-televisiot","27":"tag-tv","28":"tag-viihde"},"share_on_mastodon":{"url":"https:\/\/pubeurope.com\/@fi\/115852117460102145","error":""},"_links":{"self":[{"href":"https:\/\/www.europesays.com\/fi\/wp-json\/wp\/v2\/posts\/135538","targetHints":{"allow":["GET"]}}],"collection":[{"href":"https:\/\/www.europesays.com\/fi\/wp-json\/wp\/v2\/posts"}],"about":[{"href":"https:\/\/www.europesays.com\/fi\/wp-json\/wp\/v2\/types\/post"}],"author":[{"embeddable":true,"href":"https:\/\/www.europesays.com\/fi\/wp-json\/wp\/v2\/users\/2"}],"replies":[{"embeddable":true,"href":"https:\/\/www.europesays.com\/fi\/wp-json\/wp\/v2\/comments?post=135538"}],"version-history":[{"count":0,"href":"https:\/\/www.europesays.com\/fi\/wp-json\/wp\/v2\/posts\/135538\/revisions"}],"wp:featuredmedia":[{"embeddable":true,"href":"https:\/\/www.europesays.com\/fi\/wp-json\/wp\/v2\/media\/135539"}],"wp:attachment":[{"href":"https:\/\/www.europesays.com\/fi\/wp-json\/wp\/v2\/media?parent=135538"}],"wp:term":[{"taxonomy":"category","embeddable":true,"href":"https:\/\/www.europesays.com\/fi\/wp-json\/wp\/v2\/categories?post=135538"},{"taxonomy":"post_tag","embeddable":true,"href":"https:\/\/www.europesays.com\/fi\/wp-json\/wp\/v2\/tags?post=135538"}],"curies":[{"name":"wp","href":"https:\/\/api.w.org\/{rel}","templated":true}]}}