{"id":135540,"date":"2026-01-07T05:19:08","date_gmt":"2026-01-07T05:19:08","guid":{"rendered":"https:\/\/www.europesays.com\/fi\/135540\/"},"modified":"2026-01-07T05:19:08","modified_gmt":"2026-01-07T05:19:08","slug":"west-hamille-katkera-kotitappio-var-tuomiot-kaantyivat-nottinghamin-eduksi-urheilua-lyhyesti","status":"publish","type":"post","link":"https:\/\/www.europesays.com\/fi\/135540\/","title":{"rendered":"West Hamille katkera kotitappio \u2013 VAR-tuomiot k\u00e4\u00e4ntyiv\u00e4t Nottinghamin eduksi | Urheilua lyhyesti"},"content":{"rendered":"<p class=\"aw-1gybjub aw-5vja16 kEtdKx kmuxyA yle__article__paragraph\">Kylm\u00e4n\u00e4 iltana It\u00e4-Lontoossa monet West Hamin kannattajat osoittivat tyytym\u00e4tt\u00f6myytt\u00e4\u00e4n pysym\u00e4ll\u00e4 kotona. Stadionilla oli paljon tyhji\u00e4 paikkoja.<\/p>\n<p><img decoding=\"async\" alt=\" P\u00e4\u00e4valmentaja Nuno Espirito Santo West Hamin vaihtoaitiossa 6. tammikuuta 2026. \" src=\"https:\/\/www.europesays.com\/fi\/wp-content\/uploads\/2026\/01\/39-1577528695d8eb744c03.jpeg\" class=\"aw-1l9m598 hKVVvP\"\/><\/p>\n<p>Avaa kuvien katselu<\/p>\n<p>P\u00e4\u00e4valmentaja Nuno Espirito Santo West Hamin vaihtoaitiossa 6. tammikuuta 2026. Kuva: Dalton Bowden\/Shutterstock\/All Over Press<\/p>\n<p class=\"aw-1gybjub aw-1p7kakr kEtdKx cEmitX yle__article__paragraph\">Nottingham Forest otti t\u00e4rke\u00e4n 2\u20131-voiton kriisijoukkue West Hamista, mik\u00e4 pahensi kotijoukkueen putoamisvaaraa Valioliigassa.<\/p>\n<p class=\"aw-1gybjub aw-1p7kakr kEtdKx cEmitX yle__article__paragraph\">Nottingham nousi ensin tasoihin 0\u20131-tappioasemasta 55. minuutilla <strong class=\"aw-ak79eh KyCXm yle__article__strong\">Nicolas<\/strong> <strong class=\"aw-ak79eh KyCXm yle__article__strong\">Dominguezin<\/strong> puskumaalilla ja voitti ottelun <strong class=\"aw-ak79eh KyCXm yle__article__strong\">Morgan Gibbs-Whiten<\/strong> 89. minuutin rangaistuspotkuosumalla.<\/p>\n<p class=\"aw-1gybjub aw-1p7kakr kEtdKx cEmitX yle__article__paragraph\">Erikoistilanne viime minuuteilla tuomittiin VAR-tarkistuksen j\u00e4lkeen, kun West Hamin ranskalaismaalivahti <strong class=\"aw-ak79eh KyCXm yle__article__strong\">Alphonse<\/strong> <strong class=\"aw-ak79eh KyCXm yle__article__strong\">Areola<\/strong> osui nyrkeill\u00e4 pallontavoittelutilanteessa Gibbs-Whiten p\u00e4\u00e4h\u00e4n.<\/p>\n<p class=\"aw-1gybjub aw-1p7kakr kEtdKx cEmitX yle__article__paragraph\">Erotuomari hylk\u00e4si West Hamin toisen maalin 1\u20130-johtotilanteessa niukasta paitsiosta VAR-tarkistuksen j\u00e4lkeen. Hylk\u00e4ys tapahtui kaksi minuuttia ennen vieraiden tasoitusta.<\/p>\n<p class=\"aw-1gybjub aw-1p7kakr kEtdKx cEmitX yle__article__paragraph\">\u2013 Halusimme t\u00e4n\u00e4\u00e4n voittaa ja olimme todella l\u00e4hell\u00e4 2\u20130-tilannetta. Uskon, ett\u00e4 olisimme saaneet siin\u00e4 tapauksessa kolme pistett\u00e4, mutta nyt h\u00e4visimmekin ottelun. T\u00e4m\u00e4n on meille iso takaisku, koska tied\u00e4mme, miss\u00e4 olemme sarjataulukossa, murehti West Hamin keskikentt\u00e4pelaaja <strong class=\"aw-ak79eh KyCXm yle__article__strong\">Tomas Soucek<\/strong> Sky Sportsille.<\/p>\n<p class=\"aw-1gybjub aw-1p7kakr kEtdKx cEmitX yle__article__paragraph\">West Ham on nyt pelannut kymmenen ottelua ilman voittoa, ja p\u00e4\u00e4valmentaja <strong class=\"aw-ak79eh KyCXm yle__article__strong\">Nuno Espirito Santon<\/strong> asema on entist\u00e4kin tukalampi.<\/p>\n<p class=\"aw-1gybjub aw-1p7kakr kEtdKx cEmitX yle__article__paragraph\">Nuno Espirito Santo totesi viime viikonloppuna, ett\u00e4 0\u20133-tappio sarjajumbo Wolvesille oli h\u00e4nen uransa pahin. Tiistain tappio oli kuitenkin viel\u00e4kin kohtalokkaampi West Hamin toiveille v\u00e4ltt\u00e4\u00e4 putoaminen Mestaruussarjaan ensimm\u00e4ist\u00e4 kertaa sitten kauden 2011\u201312.<\/p>\n<p class=\"aw-1gybjub aw-1p7kakr kEtdKx cEmitX yle__article__paragraph\">West Ham on pelannut nyt 10 ottelua ilman voittoa ja saanut vain yhden pisteen viimeisest\u00e4 kuudesta ottelustaan.<\/p>\n<p class=\"aw-1gybjub aw-1p7kakr kEtdKx cEmitX yle__article__paragraph\">T\u00e4m\u00e4 on lis\u00e4nnyt paineita Nunon potkuvaatimuksille, vaikka h\u00e4n on ollut seurassa vasta muutaman kuukauden. Nunon alaisuudessa West Ham on ker\u00e4nnyt v\u00e4hemm\u00e4n pisteit\u00e4 ottelua kohden kuin paljon kritisoitu edelt\u00e4j\u00e4 <strong class=\"aw-ak79eh KyCXm yle__article__strong\">Graham Potter<\/strong>.<\/p>\n<p class=\"aw-1gybjub aw-1p7kakr kEtdKx cEmitX yle__article__paragraph\">Nottingham puolestaan kasvatti eron putoamisviivaan seitsem\u00e4\u00e4n pisteeseen ja otti ison askeleen kohti sarjapaikan s\u00e4ilytt\u00e4mist\u00e4.<\/p>\n<p class=\"aw-1gybjub aw-1p7kakr kEtdKx cEmitX yle__article__paragraph\">Valioliigan taulukko <a class=\"aw-iao6s4 iHOxEa yle__article__link\" href=\"https:\/\/yle.fi\/aihe\/tekstitv?P=674\" role=\"link\" rel=\"nofollow noopener\" target=\"_blank\">t\u00e4\u00e4lt\u00e4<\/a><\/p>\n","protected":false},"excerpt":{"rendered":"Kylm\u00e4n\u00e4 iltana It\u00e4-Lontoossa monet West Hamin kannattajat osoittivat tyytym\u00e4tt\u00f6myytt\u00e4\u00e4n pysym\u00e4ll\u00e4 kotona. Stadionilla oli paljon tyhji\u00e4 paikkoja. Avaa kuvien&hellip;\n","protected":false},"author":2,"featured_media":135541,"comment_status":"","ping_status":"","sticky":false,"template":"","format":"standard","meta":{"footnotes":""},"categories":[158],"tags":[531,33,31,30,43,2654,8924,159,32,160,23737],"class_list":{"0":"post-135540","1":"post","2":"type-post","3":"status-publish","4":"format-standard","5":"has-post-thumbnail","7":"category-urheilu","8":"tag-englannin-valioliiga","9":"tag-fi","10":"tag-finland","11":"tag-finnish","12":"tag-jalkapallo","13":"tag-jalkapallovalmentaja","14":"tag-nottingham-forest-fc","15":"tag-sports","16":"tag-suomi","17":"tag-urheilu","18":"tag-west-ham-united-fc"},"share_on_mastodon":{"url":"https:\/\/pubeurope.com\/@fi\/115852133317755893","error":""},"_links":{"self":[{"href":"https:\/\/www.europesays.com\/fi\/wp-json\/wp\/v2\/posts\/135540","targetHints":{"allow":["GET"]}}],"collection":[{"href":"https:\/\/www.europesays.com\/fi\/wp-json\/wp\/v2\/posts"}],"about":[{"href":"https:\/\/www.europesays.com\/fi\/wp-json\/wp\/v2\/types\/post"}],"author":[{"embeddable":true,"href":"https:\/\/www.europesays.com\/fi\/wp-json\/wp\/v2\/users\/2"}],"replies":[{"embeddable":true,"href":"https:\/\/www.europesays.com\/fi\/wp-json\/wp\/v2\/comments?post=135540"}],"version-history":[{"count":0,"href":"https:\/\/www.europesays.com\/fi\/wp-json\/wp\/v2\/posts\/135540\/revisions"}],"wp:featuredmedia":[{"embeddable":true,"href":"https:\/\/www.europesays.com\/fi\/wp-json\/wp\/v2\/media\/135541"}],"wp:attachment":[{"href":"https:\/\/www.europesays.com\/fi\/wp-json\/wp\/v2\/media?parent=135540"}],"wp:term":[{"taxonomy":"category","embeddable":true,"href":"https:\/\/www.europesays.com\/fi\/wp-json\/wp\/v2\/categories?post=135540"},{"taxonomy":"post_tag","embeddable":true,"href":"https:\/\/www.europesays.com\/fi\/wp-json\/wp\/v2\/tags?post=135540"}],"curies":[{"name":"wp","href":"https:\/\/api.w.org\/{rel}","templated":true}]}}