{"id":135554,"date":"2026-01-07T05:41:08","date_gmt":"2026-01-07T05:41:08","guid":{"rendered":"https:\/\/www.europesays.com\/fi\/135554\/"},"modified":"2026-01-07T05:41:08","modified_gmt":"2026-01-07T05:41:08","slug":"tanaan-tvssa-matt-damon-tekee-vakuuttavan-roolin-tyylikas-jannari-vuodelta-1999","status":"publish","type":"post","link":"https:\/\/www.europesays.com\/fi\/135554\/","title":{"rendered":"T\u00e4n\u00e4\u00e4n tv:ss\u00e4: Matt Damon tekee vakuuttavan roolin \u2013 Tyylik\u00e4s j\u00e4nn\u00e4ri vuodelta 1999"},"content":{"rendered":"<p>T\u00e4n\u00e4\u00e4n n\u00e4hd\u00e4\u00e4n televisiossa vuonna 1999 valmistunut Lahjakas herra Ripley.<\/p>\n<p>Sattumuksen kautta Tom Ripley (<strong>Matt Damon<\/strong>) saa teht\u00e4v\u00e4kseen hakea rikkaan perheen tyhj\u00e4ntoimittajapoika Dickie (<strong>Jude Law<\/strong>) takaisin kotiin Italiasta. K\u00f6yh\u00e4 Tom ihastuu Dickien huolettomaan el\u00e4m\u00e4ntapaan.<\/p>\n<p>Patologisena valehtelijana Ripley ujuttautuu miehen l\u00e4hipiiriin tekeytyen olevansa joku toinen. Valheiden suo johtaa traagisiin seuraamuksiin.<\/p>\n<p>Ohjauksesta vastaa Oscar-palkittu <strong>Anthony Minghella<\/strong> (Englantilainen potilas). Elokuvassa n\u00e4yttelev\u00e4t my\u00f6s <strong>Cate Blanchett, Philip Seymour Hoffman<\/strong> ja <strong>Gwyneth Paltrow<\/strong>.<\/p>\n<p>Ripleyn rooliin kaavailtiin aluksi<strong> Tom Cruisea<\/strong> ja<strong> Leonardo DiCapriota<\/strong>, mutta lopulta roolin sai Matt Damon, joka oli tehnyt ohjaajaan vaikutuksen elokuvassa Good Will Hunting.<\/p>\n<p>Lahjakas herra Ripley sai p\u00e4\u00e4osin positiivisia arvioita. Rotten Tomatoes -sivustolla sen arvosteluprosentti on 85, ja Metacriticiss\u00e4 se on ker\u00e4nnyt 76\/100 pistett\u00e4, mik\u00e4 viittaa yleisesti my\u00f6nteisiin arvioihin.<\/p>\n<p>Maineikas kriitikko Roger Ebert kehui elokuvaa \u00e4lykk\u00e4\u00e4ksi trilleriksi. Jude Law\u2019n roolisuoritusta ylistettiin erityisesti, ja Matt Damonin v\u00e4h\u00e4eleinen uhkaavuus vakuutti monia kriitikoita. Entertainment Weekly ja Time listasivat elokuvan vuoden parhaiden joukkoon.<\/p>\n<p>Osa kriitikoista piti kuitenkin elokuvan keskivaihetta hitaana ja hahmoja ep\u00e4uskottavina. James Berardinelli vertasi sit\u00e4 ep\u00e4suotuisasti aiempaan vuoden 1960 ranskalaisfilmatisointiin Kuuma aurinko (Plein solei) ja moitti Damonin suoritusta heikoksi. My\u00f6s The Guardian ja Village Voice kritisoivat elokuvan kerrontaa.<\/p>\n<p>Lue my\u00f6s: <a href=\"https:\/\/www.episodi.fi\/uutiset\/matt-damonilla-oli-vaikeuksia-katsoa-netflixin-huippusarjaa-vaikka-se-oli-virheettomasti-naytelty\/\" title=\"Matt Damonilla oli vaikeuksia katsoa Netflixin huippusarjaa \u2013 vaikka se oli \u201dvirheett\u00f6m\u00e4sti n\u00e4ytelty\u201d\" class=\"underline-custom !font-montserrat !font-bold !underline-offset-4 !decoration-4 !decoration-episodi-blue !text-md\" rel=\"nofollow noopener\" target=\"_blank\">Matt Damonilla oli vaikeuksia katsoa Netflixin huippusarjaa \u2013 vaikka se oli \u201dvirheett\u00f6m\u00e4sti n\u00e4ytelty\u201d<\/a><\/p>\n<p>Elokuva on j\u00e4\u00e4nyt mieleen visuaalisesti tyylikk\u00e4\u00e4n\u00e4 ja moraalisesti h\u00e4mment\u00e4v\u00e4n\u00e4 j\u00e4nn\u00e4rin\u00e4. Ohjaaja <strong>Florian Henckel von Donnersmarck <\/strong>on nimennyt sen suosikikseen. Far Out Magazine -lehden vuonna 2024 julkaisemassa listauksessa Tom Ripley nimettiin yhdeksi uskottavimmista elokuvapsykopaateista, jos tarkastellaan FBI:n laatimia profiileita.<\/p>\n<p>Lahjakas herra Ripley esitet\u00e4\u00e4n nyt televisiossa kolme kertaa:<\/p>\n<ul class=\"wp-block-list\">\n<li>Ke 7.1.2026 klo 21.00 \u00b7 TV5<\/li>\n<li>Pe 9.1.2026 klo 22.50 \u00b7 Frii<\/li>\n<li>Ma 12.1.2026 klo 00.55 \u00b7 TV5<\/li>\n<\/ul>\n<p>Elokuva kuuluu my\u00f6s SkyShowtimen valikoimaan. Katso traileri alta.<\/p>\n<p><img loading=\"lazy\" decoding=\"async\" alt=\"YouTube video\" width=\"480\" height=\"360\" data-pin-nopin=\"true\" nopin=\"nopin\" class=\"perfmatters-lazy\" src=\"https:\/\/www.europesays.com\/fi\/wp-content\/uploads\/2026\/01\/1767285487_254_hqdefault.jpg\"\/><\/p>\n<p>Lue my\u00f6s: <a href=\"https:\/\/www.episodi.fi\/uutiskirje\/?uutiskirjemainos=tekstilinkkimainos\" title=\"Tilaa Episodin uutiskirje ja voit voittaa leffalippuja! Nappaa tv-vinkit suoraan s\u00e4hk\u00f6postiin t\u00e4st\u00e4.\" class=\"underline-custom !font-montserrat !font-bold !underline-offset-4 !decoration-4 !decoration-episodi-blue !text-md\" rel=\"nofollow noopener\" target=\"_blank\">Tilaa Episodin uutiskirje ja voit voittaa leffalippuja! Nappaa katseluvinkit suoraan s\u00e4hk\u00f6postiin t\u00e4st\u00e4.<\/a><\/p>\n","protected":false},"excerpt":{"rendered":"T\u00e4n\u00e4\u00e4n n\u00e4hd\u00e4\u00e4n televisiossa vuonna 1999 valmistunut Lahjakas herra Ripley. Sattumuksen kautta Tom Ripley (Matt Damon) saa teht\u00e4v\u00e4kseen hakea&hellip;\n","protected":false},"author":2,"featured_media":135555,"comment_status":"","ping_status":"","sticky":false,"template":"","format":"standard","meta":{"footnotes":""},"categories":[133],"tags":[137,33,31,30,32,206,139,156,109],"class_list":{"0":"post-135554","1":"post","2":"type-post","3":"status-publish","4":"format-standard","5":"has-post-thumbnail","7":"category-televisiot","8":"tag-entertainment","9":"tag-fi","10":"tag-finland","11":"tag-finnish","12":"tag-suomi","13":"tag-televisiot","14":"tag-tv-ohjelmat","15":"tag-tv","16":"tag-viihde"},"share_on_mastodon":{"url":"https:\/\/pubeurope.com\/@fi\/115852219667754607","error":""},"_links":{"self":[{"href":"https:\/\/www.europesays.com\/fi\/wp-json\/wp\/v2\/posts\/135554","targetHints":{"allow":["GET"]}}],"collection":[{"href":"https:\/\/www.europesays.com\/fi\/wp-json\/wp\/v2\/posts"}],"about":[{"href":"https:\/\/www.europesays.com\/fi\/wp-json\/wp\/v2\/types\/post"}],"author":[{"embeddable":true,"href":"https:\/\/www.europesays.com\/fi\/wp-json\/wp\/v2\/users\/2"}],"replies":[{"embeddable":true,"href":"https:\/\/www.europesays.com\/fi\/wp-json\/wp\/v2\/comments?post=135554"}],"version-history":[{"count":0,"href":"https:\/\/www.europesays.com\/fi\/wp-json\/wp\/v2\/posts\/135554\/revisions"}],"wp:featuredmedia":[{"embeddable":true,"href":"https:\/\/www.europesays.com\/fi\/wp-json\/wp\/v2\/media\/135555"}],"wp:attachment":[{"href":"https:\/\/www.europesays.com\/fi\/wp-json\/wp\/v2\/media?parent=135554"}],"wp:term":[{"taxonomy":"category","embeddable":true,"href":"https:\/\/www.europesays.com\/fi\/wp-json\/wp\/v2\/categories?post=135554"},{"taxonomy":"post_tag","embeddable":true,"href":"https:\/\/www.europesays.com\/fi\/wp-json\/wp\/v2\/tags?post=135554"}],"curies":[{"name":"wp","href":"https:\/\/api.w.org\/{rel}","templated":true}]}}