{"id":135558,"date":"2026-01-07T05:46:11","date_gmt":"2026-01-07T05:46:11","guid":{"rendered":"https:\/\/www.europesays.com\/fi\/135558\/"},"modified":"2026-01-07T05:46:11","modified_gmt":"2026-01-07T05:46:11","slug":"epari-tayttaa-100-vuotta-syntymapaivat-keskustorilla-ja-tietysti-sata-esiintyjaa","status":"publish","type":"post","link":"https:\/\/www.europesays.com\/fi\/135558\/","title":{"rendered":"Epari t\u00e4ytt\u00e4\u00e4 100 vuotta \u2013 Syntym\u00e4p\u00e4iv\u00e4t Keskustorilla ja &#8221;tietysti sata esiintyj\u00e4\u00e4&#8221;"},"content":{"rendered":"<p>    <img decoding=\"async\" class=\"responsive-image article__image-image lozad\"   src=\"https:\/\/www.europesays.com\/fi\/wp-content\/uploads\/2026\/01\/l-WijJK6y-5IqEFxhGTrKFyh8bAqP0UGY-ItmfRuHKKaVZ1anFnt1rvqWuLRvFHhG7TW3B5fJSgPkup_tM0dpLjRtgnt2rF27W7n.jpeg\" alt=\"Sadan vuoden aikana Epari on ilmestynyt nelj\u00e4ll\u00e4 nimell\u00e4. Nykyinen nimi Epari on lyhennys Etel\u00e4-Pohjamaasta.\"\/><\/p>\n<p>\n                Sadan vuoden aikana Epari on ilmestynyt nelj\u00e4ll\u00e4 nimell\u00e4. Nykyinen nimi Epari on lyhennys Etel\u00e4-Pohjamaasta.\n              <\/p>\n<p>\n                Kuva: Virpi Kupiainen-\u00c4mm\u00e4l\u00e4\n              <\/p>\n<p>\n      JUHLAVUOSI\n    <\/p>\n<p class=\"article__paragraph\">\n      T\u00e4n\u00e4 vuonna juhlitaan, sill\u00e4 Epari t\u00e4ytt\u00e4\u00e4 sata vuotta. Ensimm\u00e4inen lehti valmistui 15. joulukuuta vuonna 1926 n\u00e4ytenumerona. Sein\u00e4joen Sanomat -nimell\u00e4 aloittanut aviisi ilmestyi ensi kertaa virallisesti 5. tammikuuta vuonna 1927.\n    <\/p>\n<p class=\"article__paragraph\">\n      Epari juhlii 100-vuotissyntym\u00e4p\u00e4ivi\u00e4\u00e4n koko t\u00e4m\u00e4n vuoden. Luvassa on jalkautettua yll\u00e4tysohjelmaa esimerkiksi yst\u00e4v\u00e4np\u00e4iv\u00e4n\u00e4, \u00e4itienp\u00e4iv\u00e4n\u00e4 ja yritt\u00e4jien perhep\u00e4iv\u00e4n\u00e4. Lis\u00e4ksi sosiaalisessa mediassa j\u00e4rjestet\u00e4\u00e4n kilpailuja ja arvontoja.\n    <\/p>\n<p class=\"article__paragraph\">\n      \u2013\u202fEmme halua paljastaa etuk\u00e4teen, mit\u00e4 on luvassa. Sen voisin sanoa, ett\u00e4 lahjoja saavat t\u00e4ss\u00e4 tapauksessa lukijat eik\u00e4 p\u00e4iv\u00e4nsankari, p\u00e4\u00e4toimittaja Tero Hautam\u00e4ki vihjaa.\n    <\/p>\n<p class=\"article__paragraph\">\n      Julkista tietoa on se, ett\u00e4 viralliset syntym\u00e4p\u00e4iv\u00e4juhlat pidet\u00e4\u00e4n Sein\u00e4joen Keskustorilla elokuun lopulla. Ohjelmaa j\u00e4rjestet\u00e4\u00e4n sek\u00e4 keskiviikkona 26. elokuuta ett\u00e4 torstaina 27. elokuuta kello 18\u201321. Koska juhla on samalla viikolla kuin huvilakauden p\u00e4\u00e4tt\u00e4j\u00e4iset, tapahtuma on saanut nimen Eparin Venetsialaiset.\n    <\/p>\n<p class=\"article__paragraph\">\n      \u2013 Juhlien p\u00e4\u00e4osassa ovat kulttuuria tekev\u00e4t kaupunkilaiset. Ennen muuta haluamme esitell\u00e4 osaavia harrastajia, mutta mahtuu mukaan ammattilaisiakin. Satavuotisjuhlan kunniaksi toripaviljongin lavalle nousee tietysti sata esiintyj\u00e4\u00e4, Venetsialaiset juontava Hautam\u00e4ki kertoo.\n    <\/p>\n<p class=\"article__paragraph\">\n      Eparin oma tiimi saa suunnitteluun apua Sein\u00e4joen ammattikorkeakoulun kulttuurintuottajaopiskelijoilta. Jenna R\u00f6nkk\u00f6 ja Arsi Joensuu tuottavat juhlan osana opintojaan.\n    <\/p>\n<p class=\"article__paragraph\">\n      Samalla viikolla, keskiviikkona 26.8., ilmestyy Eparin 100-vuotisjuhlanumero.\n    <\/p>\n<p>      Tavoite on s\u00e4ilynyt<\/p>\n<p class=\"article__paragraph\">\n      Suomen ensimm\u00e4inen sanomalehti oli ruotsinkielinen Tidningar utgifne af et s\u00e4llskap i \u00c5bo, joka perustettiin Turussa vuonna 1771 eli 255 vuotta sitten.\n    <\/p>\n<p class=\"article__paragraph\">\n      Etel\u00e4-Pohjanmaalla lehti\u00e4 p\u00e4\u00e4stiin lukemaan paljon my\u00f6hemmin: maakuntalehti Ilkka, nykyinen Ilkka-Pohjalainen, perustettiin 120 vuotta sitten.\n    <\/p>\n<p class=\"article__paragraph\">\n      Ensimm\u00e4isess\u00e4 Eparissa, silloiselta nimelt\u00e4\u00e4n Sein\u00e4joen Sanomat, uutta lehte\u00e4 perusteltiin n\u00e4in:\n    <\/p>\n<p class=\"article__paragraph\">\n      &#8221;Maassamme ilmestyv\u00e4t puoluelehdet ovat kyll\u00e4 tehneet parhaansa levenemisalueensa kunnallisen ja talouden el\u00e4m\u00e4n sek\u00e4 sivistysrientojen edist\u00e4miseksi. N\u00e4iden lehtien luonteesta ja laajasta levenemisalueesta kuitenkin johtuu, etteiv\u00e4t ne voi puolueettoman tasapuolisesti ja yksityiskohtaisesti k\u00e4sitell\u00e4 kunkin kunnan kunnallisia ja taloudellisia sivistysrientoja.&#8221;\n    <\/p>\n<p class=\"article__paragraph\">\n      Lehdess\u00e4 vastattiin my\u00f6s kysymykseen siit\u00e4, miksi se perustettiin:\n    <\/p>\n<p class=\"article__paragraph\">\n      &#8221;Ohjelmamme on lyhyt ja selv\u00e4: Ehdottomasti puolueeton, tasapuolinen asiain ja tapahtumain \u00a0selostaminen. Lehti tahtoo olla siin\u00e4 ty\u00f6kentt\u00e4n\u00e4, jolla erilaisen puoluekannan omaavat ja eri yhteiskuntaluokkiin kuuluvat levenemisalueen asukkaat voivat k\u00e4si k\u00e4dess\u00e4, yhteisvoimin, \u00a0ty\u00f6skennell\u00e4 kuntien ja niiden asukkaiden hyvinvoinnin ja henkisen el\u00e4m\u00e4n kohottamiseksi.&#8221;\n    <\/p>\n<p class=\"article__paragraph\">\n      Eparia nyky\u00e4\u00e4n luotsaava Tero Hautam\u00e4ki sanoo, ettei lehden teht\u00e4v\u00e4 ole vuosien varrella juuri muuttunut.\n    <\/p>\n<p class=\"article__paragraph\">\n      \u2013\u202fPuolueeton asiain selostaminen niin, ett\u00e4 keski\u00f6ss\u00e4 ovat Sein\u00e4joen seudun kunnalliset tapahtumat sek\u00e4 sivistysriennot. Ensimm\u00e4inen p\u00e4\u00e4toimittaja, Heikki Laurinm\u00e4ki, muotoili teht\u00e4v\u00e4n hyvin. Jatkamme samaa sarkaa.\n    <\/p>\n<p class=\"article__paragraph\">\n      Hautam\u00e4ki ei l\u00e4hde edes leikill\u00e4 ennustamaan, millainen Epari on seuraavan sadan vuoden kuluttua. Median nykyisess\u00e4 murroksessa kymmenen, jopa parinkin, vuoden p\u00e4\u00e4h\u00e4n povaaminen on vaikeaa.\n    <\/p>\n<p class=\"article__paragraph\">\n      \u2013 Epari ilmestyy paperilehten\u00e4, n\u00e4k\u00f6islehten\u00e4 ja verkkomediana toistaiseksi, joten ei uutisoitavaa silt\u00e4 osin. Joskus tulevaisuudessa Epariakin saatetaan lukea pelk\u00e4st\u00e4\u00e4n verkosta, mutta tuskin viel\u00e4 ihan l\u00e4hivuosina.\n    <\/p>\n<p>    <img decoding=\"async\" class=\"responsive-image article__image-image lozad\"   src=\"https:\/\/www.europesays.com\/fi\/wp-content\/uploads\/2026\/01\/6CFjASHlcfpl3gr7_0ZUepoOonAMfccwxFy6-3I8dRZiRGxopoLyDzfl241rT-8ILb4t8IV5nzWEMYqQ1H2eRqzkcTz3Z95zXOOv.jpeg\" alt=\"T\u00e4lt\u00e4 n\u00e4ytti aivan ensimm\u00e4isen Eparin etusivu 15.12.1926. Lehti ilmestyi aluksi nimell\u00e4 Sein\u00e4joen Sanomat.\"\/><\/p>\n<p>\n                T\u00e4lt\u00e4 n\u00e4ytti aivan ensimm\u00e4isen Eparin etusivu 15.12.1926. Lehti ilmestyi aluksi nimell\u00e4 Sein\u00e4joen Sanomat.\n              <\/p>\n<p>\n                Kuva: Kansalliskirjasto\n              <\/p>\n<p>Historia<\/p>\n<p>      Epari 100 vuotta<\/p>\n<p>      1926<\/p>\n<p class=\"article__fact-paragraph\">\n      Epari perustettiin 4.12.2926. Lehden nimeksi tuli Sein\u00e4joen Sanomat. N\u00e4ytenumero ilmestyi 15.12.1926. Merkitt\u00e4v\u00e4ksi tarjotut 750 kappaletta sadan markan osakkeita myytiin loppuun p\u00e4iv\u00e4ss\u00e4.\n    <\/p>\n<p>      1927<\/p>\n<p class=\"article__fact-paragraph\">\n      Lehti alkoi ilmesty\u00e4 s\u00e4\u00e4nn\u00f6llisesti alkuvuodesta 1927. Ensimm\u00e4inen p\u00e4\u00e4toimittaja oli Heikki Laurinm\u00e4ki.\n    <\/p>\n<p>      1928<\/p>\n<p class=\"article__fact-paragraph\">\n      Lehti ilmestyi tiistaina ja perjantaina. Jakelu siirrettiin iltaan ja Eparista tuli Suomen historian ensimm\u00e4inen iltap\u00e4iv\u00e4lehti, joka jaettiin postilaatikoihin illalla. Lehdell\u00e4 oli tuolloin noin 650 tilaajaa.\n    <\/p>\n<p>      1930<\/p>\n<p class=\"article__fact-paragraph\">\n      Lehti muuttui Etel\u00e4-Pohjanmaan maakunnalliseksi \u00e4\u00e4nenkannattajaksi samaan aikaan kun Sein\u00e4joesta tuli kauppala. Lehti alkoi ilmesty\u00e4 kaikkien yll\u00e4tykseksi nimell\u00e4 Kyr\u00f6nmaa.\n    <\/p>\n<p>      1932<\/p>\n<p class=\"article__fact-paragraph\">\n      Oli pulakausi ja lehti alkoi taas ilmesty\u00e4 kerran viikossa. Samalla se palasi maakuntalehden roolista paikallislehdeksi. Nimi muuttui samalla Sein\u00e4joeksi. Lehte\u00e4 jaettiin noin 2200 kotiin.\n    <\/p>\n<p>      1932<\/p>\n<p class=\"article__fact-paragraph\">\n      Vaasa Oy ostaa osake-enemmist\u00f6n. \u00a0Levikkialuetta laajennettiin Sein\u00e4joelta Nurmoon, Per\u00e4sein\u00e4joelle, Ilmajoelle, Jalasj\u00e4rvelle ja Alavudelle. Lehden nimi muutettiin Etel\u00e4-Pohjanmaaksi.\n    <\/p>\n<p>      1961<\/p>\n<p class=\"article__fact-paragraph\">\n      Lehti alkaa ilmesty\u00e4 nelj\u00e4sti viikossa.\n    <\/p>\n<p>      1977<\/p>\n<p class=\"article__fact-paragraph\">\n      Lehden koko pieneni broadsheetist\u00e4 tabloidiksi. Lehti t\u00e4ytti 50 vuotta. Sen kunniaksi juhlalehdess\u00e4 julkaistiin lehden ensimm\u00e4inen neliv\u00e4rikuva.\n    <\/p>\n<p>      1981<\/p>\n<p class=\"article__fact-paragraph\">\n      Etel\u00e4-Pohjanmaa alkoi ilmesty\u00e4 jokaisena arkip\u00e4iv\u00e4n\u00e4. Lehden logoon ilmestyi aviisin kutsumanimi ep.\n    <\/p>\n<p>      1985<\/p>\n<p class=\"article__fact-paragraph\">\n      Lehteen hankittiin ensimm\u00e4inen tietokone.\n    <\/p>\n<p>      1992<\/p>\n<p class=\"article__fact-paragraph\">\n      Ilkka osti Vaasa Oy:n. Sen omistukseen siirtyi my\u00f6s Etel\u00e4-Pohjanmaa.\n    <\/p>\n<p>      1998<\/p>\n<p class=\"article__fact-paragraph\">\n      Lehti alkoi ilmesty\u00e4 kolmesti viikossa: maanantaina, keskiviikkona ja perjantaina.\n    <\/p>\n<p>      2000<\/p>\n<p class=\"article__fact-paragraph\">\n      Keskiviikon lehti muutettiin ilmaiseksi. Muut numerot sai tilaamalla. Jakelum\u00e4\u00e4r\u00e4 oli 46 000.\n    <\/p>\n<p>      2001<\/p>\n<p class=\"article__fact-paragraph\">\n      Toimitus sai digikamerat.\n    <\/p>\n<p>      2002<\/p>\n<p class=\"article__fact-paragraph\">\n      Lehti muuttui paikallislehdest\u00e4 kerran viikossa ilmestyv\u00e4ksi ilmaisjakeluksi.\n    <\/p>\n<p>      2008<\/p>\n<p class=\"article__fact-paragraph\">\n      Etel\u00e4-Pohjanmaan kutsumanimeksi valittiin Epari.\n    <\/p>\n<p>      2010<\/p>\n<p class=\"article__fact-paragraph\">\n      Epari otti k\u00e4ytt\u00f6\u00f6n Facebookin.\n    <\/p>\n<p>      2012<\/p>\n<p class=\"article__fact-paragraph\">\n      Epari alkoi ilmesty\u00e4 verkkosivullaan my\u00f6s n\u00e4k\u00f6islehten\u00e4.\n    <\/p>\n<p>      2025<\/p>\n<p class=\"article__fact-paragraph\">\n      Kaleva Media osti Ilkalta enemmist\u00f6n osakkeista. Samalla my\u00f6s Eparin kustantaja vaihtui. Eparia painetaan 38 000 kappaletta.\n    <\/p>\n<p>      2026<\/p>\n<p class=\"article__fact-paragraph\">\n      Epari viett\u00e4\u00e4 satavuotisjuhlavuottaan yhdess\u00e4 kaupunkilaisten kanssa.\n    <\/p>\n<p>    <img decoding=\"async\" class=\"responsive-image article__image-image lozad\"   src=\"https:\/\/www.europesays.com\/fi\/wp-content\/uploads\/2026\/01\/EMy8zl9ai-YrGXEZRG-k5G4oghLFCsbeeV0OHupVCPRuTpp348eKovJk7Jt4OZ2oh38xWiL5TphLMEoOfxaA5xSinV0EoJGJ4onP.jpeg\" alt=\"Eparin p\u00e4\u00e4toimittaja Tero Hautam\u00e4ki ja toimittaja Virpi Kupiainen-\u00c4mm\u00e4l\u00e4 (oik.) sek\u00e4 toimistokoordinaattori Marja Vuorela eiv\u00e4t paljasta juhlavuoden tarkkaa ohjelmaa.\"\/><\/p>\n<p>\n                Eparin p\u00e4\u00e4toimittaja Tero Hautam\u00e4ki ja toimittaja Virpi Kupiainen-\u00c4mm\u00e4l\u00e4 (oik.) sek\u00e4 toimistokoordinaattori Marja Vuorela eiv\u00e4t paljasta juhlavuoden tarkkaa ohjelmaa.\n              <\/p>\n<p>\n                Kuva: Petri Torikka\n              <\/p>\n<p>      Monta nime\u00e4, monta pomoa<\/p>\n<ul class=\"article__fact-unordered_list\">\n<li>Eparin ensimm\u00e4inen numero ilmestyi nimell\u00e4 Sein\u00e4joen Sanomat. Rakkaan lapsen muita titteleit\u00e4 ovat olleet Kyr\u00f6nmaa, Sein\u00e4joki ja Etel\u00e4-Pohjanmaa. Ajan saatossa j\u00e4lkimm\u00e4inen lyhentyi kansan suussa nykyiseen asuunsa.<\/li>\n<li>Eparin p\u00e4\u00e4toimittajat: Heikki Laurinm\u00e4ki (1927\u20131952), O. J. Kuusisto (1952\u20131960), Armas Virtanen (1960\u20131972), Yrj\u00f6 Ripsaluoma (1972\u20131973), Paula H\u00e4m\u00e4l\u00e4inen (1974\u20131996), Raimo Vaisto (1996\u20132001), Sinikka V\u00e4likoski (2002\u20132007), Markku Leiwo (2008\u20132013), Laura Syv\u00e4oja (2013\u20132020) ja Tero Hautam\u00e4ki (2020\u2013).<\/li>\n<\/ul>\n","protected":false},"excerpt":{"rendered":"Sadan vuoden aikana Epari on ilmestynyt nelj\u00e4ll\u00e4 nimell\u00e4. Nykyinen nimi Epari on lyhennys Etel\u00e4-Pohjamaasta. Kuva: Virpi Kupiainen-\u00c4mm\u00e4l\u00e4 JUHLAVUOSI&hellip;\n","protected":false},"author":2,"featured_media":135559,"comment_status":"","ping_status":"","sticky":false,"template":"","format":"standard","meta":{"footnotes":""},"categories":[130],"tags":[137,33,31,30,32,109],"class_list":{"0":"post-135558","1":"post","2":"type-post","3":"status-publish","4":"format-standard","5":"has-post-thumbnail","7":"category-viihde","8":"tag-entertainment","9":"tag-fi","10":"tag-finland","11":"tag-finnish","12":"tag-suomi","13":"tag-viihde"},"share_on_mastodon":{"url":"https:\/\/pubeurope.com\/@fi\/115852239349450237","error":""},"_links":{"self":[{"href":"https:\/\/www.europesays.com\/fi\/wp-json\/wp\/v2\/posts\/135558","targetHints":{"allow":["GET"]}}],"collection":[{"href":"https:\/\/www.europesays.com\/fi\/wp-json\/wp\/v2\/posts"}],"about":[{"href":"https:\/\/www.europesays.com\/fi\/wp-json\/wp\/v2\/types\/post"}],"author":[{"embeddable":true,"href":"https:\/\/www.europesays.com\/fi\/wp-json\/wp\/v2\/users\/2"}],"replies":[{"embeddable":true,"href":"https:\/\/www.europesays.com\/fi\/wp-json\/wp\/v2\/comments?post=135558"}],"version-history":[{"count":0,"href":"https:\/\/www.europesays.com\/fi\/wp-json\/wp\/v2\/posts\/135558\/revisions"}],"wp:featuredmedia":[{"embeddable":true,"href":"https:\/\/www.europesays.com\/fi\/wp-json\/wp\/v2\/media\/135559"}],"wp:attachment":[{"href":"https:\/\/www.europesays.com\/fi\/wp-json\/wp\/v2\/media?parent=135558"}],"wp:term":[{"taxonomy":"category","embeddable":true,"href":"https:\/\/www.europesays.com\/fi\/wp-json\/wp\/v2\/categories?post=135558"},{"taxonomy":"post_tag","embeddable":true,"href":"https:\/\/www.europesays.com\/fi\/wp-json\/wp\/v2\/tags?post=135558"}],"curies":[{"name":"wp","href":"https:\/\/api.w.org\/{rel}","templated":true}]}}