{"id":135573,"date":"2026-01-07T06:11:08","date_gmt":"2026-01-07T06:11:08","guid":{"rendered":"https:\/\/www.europesays.com\/fi\/135573\/"},"modified":"2026-01-07T06:11:08","modified_gmt":"2026-01-07T06:11:08","slug":"miika-takkulan-aik-pani-tuulemaan-suomalaispomoa-mitataan-heti-kunnolla","status":"publish","type":"post","link":"https:\/\/www.europesays.com\/fi\/135573\/","title":{"rendered":"Miika Takkulan AIK pani tuulemaan \u2013 suomalaispomoa mitataan heti kunnolla"},"content":{"rendered":"<p class=\"article-body mb-nof-24 px-nof-16\">Aamulehti<\/p>\n<p class=\"article-body mb-nof-24 px-nof-16\">Tampereen Ilveksess\u00e4 vakuuttanut <a class=\"font-bold underline-offset-[0.12em] [text-decoration:var(--person-link-text-decoration)] ![text-decoration-color:var(--person-link-text-decoration-color)]\" href=\"https:\/\/www.aamulehti.fi\/haku\/?query=Miika%20Takkula\" rel=\"nofollow noopener\" target=\"_blank\">Miika Takkula<\/a> jatkaa uransa Tukholman suurseurassa AIK:ssa. Rekrytointip\u00e4\u00e4llikk\u00f6 p\u00e4\u00e4see heti pestins\u00e4 alkumetreill\u00e4 vaikuttamaan tulevaan p\u00e4\u00e4valmentajavalintaan.<\/p>\n<p class=\"article-body mb-nof-24 px-nof-16\">AIK tiedotti sunnuntaina, ettei <a class=\"font-bold underline-offset-[0.12em] [text-decoration:var(--person-link-text-decoration)] ![text-decoration-color:var(--person-link-text-decoration-color)]\" href=\"https:\/\/www.aamulehti.fi\/haku\/?query=Mikkjal%20Thomassen\" rel=\"nofollow noopener\" target=\"_blank\">Mikkjal Thomassen<\/a> jatka joukkueen ruorissa. Ryhm\u00e4 j\u00e4i p\u00e4\u00e4ttyneell\u00e4 kaudella seitsem\u00e4nneksi Ruotsin p\u00e4\u00e4sarjassa. Kolmossijaan tuli eroa vain nelj\u00e4 pistett\u00e4, mutta seura p\u00e4\u00e4tti vaihtaa p\u00e4\u00e4k\u00e4skij\u00e4\u00e4.<\/p>\n<p class=\"article-body mb-nof-24 px-nof-16\">F\u00e4rsaarelainen Thomassen ehti johtaa joukkuetta noin 1,5 vuotta ja kaikkiaan 55 ottelussa.<\/p>\n<p class=\"article-body mb-nof-24 px-nof-16\">Ruotsalaismedian mukaan uuden p\u00e4\u00e4valmentajan rekrytointia tehd\u00e4\u00e4n Takkulan johdolla. H\u00e4nt\u00e4 tukevat strategiap\u00e4\u00e4llikk\u00f6 <a class=\"font-bold underline-offset-[0.12em] [text-decoration:var(--person-link-text-decoration)] ![text-decoration-color:var(--person-link-text-decoration-color)]\" href=\"https:\/\/www.aamulehti.fi\/haku\/?query=Jeremy%20Steele\" rel=\"nofollow noopener\" target=\"_blank\">Jeremy Steele<\/a> ja toimitusjohtaja <a class=\"font-bold underline-offset-[0.12em] [text-decoration:var(--person-link-text-decoration)] ![text-decoration-color:var(--person-link-text-decoration-color)]\" href=\"https:\/\/www.aamulehti.fi\/haku\/?query=Fredrik%20S%C3%B6derberg\" rel=\"nofollow noopener\" target=\"_blank\">Fredrik S\u00f6derberg<\/a>.<\/p>\n<p class=\"article-body mb-nof-24 px-nof-16\">AIK aloittaa harjoitukset keskiviikkona ja pelaajia opastavat Thomassenin apurit.<\/p>\n<p class=\"article-body mb-nof-24 px-nof-16\">Huhujen mukaan k\u00e4rkiehdokas p\u00e4\u00e4luotsiksi on norjalainen <a class=\"font-bold underline-offset-[0.12em] [text-decoration:var(--person-link-text-decoration)] ![text-decoration-color:var(--person-link-text-decoration-color)]\" href=\"https:\/\/www.aamulehti.fi\/haku\/?query=Erling%20Moe\" rel=\"nofollow noopener\" target=\"_blank\">Erling Moe<\/a>, joka johdatti Molden Norjan mestariksi 2019 ja 2022.<\/p>\n","protected":false},"excerpt":{"rendered":"Aamulehti Tampereen Ilveksess\u00e4 vakuuttanut Miika Takkula jatkaa uransa Tukholman suurseurassa AIK:ssa. Rekrytointip\u00e4\u00e4llikk\u00f6 p\u00e4\u00e4see heti pestins\u00e4 alkumetreill\u00e4 vaikuttamaan tulevaan&hellip;\n","protected":false},"author":2,"featured_media":135574,"comment_status":"","ping_status":"","sticky":false,"template":"","format":"standard","meta":{"footnotes":""},"categories":[158],"tags":[157,33,31,30,159,32,160],"class_list":{"0":"post-135573","1":"post","2":"type-post","3":"status-publish","4":"format-standard","5":"has-post-thumbnail","7":"category-urheilu","8":"tag-aamulehti","9":"tag-fi","10":"tag-finland","11":"tag-finnish","12":"tag-sports","13":"tag-suomi","14":"tag-urheilu"},"share_on_mastodon":{"url":"https:\/\/pubeurope.com\/@fi\/115852337904706000","error":""},"_links":{"self":[{"href":"https:\/\/www.europesays.com\/fi\/wp-json\/wp\/v2\/posts\/135573","targetHints":{"allow":["GET"]}}],"collection":[{"href":"https:\/\/www.europesays.com\/fi\/wp-json\/wp\/v2\/posts"}],"about":[{"href":"https:\/\/www.europesays.com\/fi\/wp-json\/wp\/v2\/types\/post"}],"author":[{"embeddable":true,"href":"https:\/\/www.europesays.com\/fi\/wp-json\/wp\/v2\/users\/2"}],"replies":[{"embeddable":true,"href":"https:\/\/www.europesays.com\/fi\/wp-json\/wp\/v2\/comments?post=135573"}],"version-history":[{"count":0,"href":"https:\/\/www.europesays.com\/fi\/wp-json\/wp\/v2\/posts\/135573\/revisions"}],"wp:featuredmedia":[{"embeddable":true,"href":"https:\/\/www.europesays.com\/fi\/wp-json\/wp\/v2\/media\/135574"}],"wp:attachment":[{"href":"https:\/\/www.europesays.com\/fi\/wp-json\/wp\/v2\/media?parent=135573"}],"wp:term":[{"taxonomy":"category","embeddable":true,"href":"https:\/\/www.europesays.com\/fi\/wp-json\/wp\/v2\/categories?post=135573"},{"taxonomy":"post_tag","embeddable":true,"href":"https:\/\/www.europesays.com\/fi\/wp-json\/wp\/v2\/tags?post=135573"}],"curies":[{"name":"wp","href":"https:\/\/api.w.org\/{rel}","templated":true}]}}