{"id":135581,"date":"2026-01-07T06:17:06","date_gmt":"2026-01-07T06:17:06","guid":{"rendered":"https:\/\/www.europesays.com\/fi\/135581\/"},"modified":"2026-01-07T06:17:06","modified_gmt":"2026-01-07T06:17:06","slug":"perhetaustalla-vahva-yhteys-yritysjohtajien-talousrikoksiin","status":"publish","type":"post","link":"https:\/\/www.europesays.com\/fi\/135581\/","title":{"rendered":"Perhetaustalla vahva yhteys yritysjohtajien talousrikoksiin"},"content":{"rendered":"<p>Tutkimuksen mukaan ylimm\u00e4n tason yritysjohtajat syyllistyv\u00e4t talousrikoksiin selv\u00e4sti todenn\u00e4k\u00f6isemmin, jos heid\u00e4n vanhempiaan on aiemmin syytetty ja tuomittu talousrikoksista.<strong> <\/strong>Yhteys on erityisen voimakas silloin, kun vanhempien talousrikokset ovat olleet vakavia ja johtaneet vankeustuomioon.<\/p>\n<p>Oulun yliopiston kauppakorkeakoulussa tehty tutkimus tarkasteli suomalaisten osakeyhti\u00f6iden toimitusjohtajien ja hallitusj\u00e4senten talousrikostuomioita, jotka he ovat saaneet toimiessaan n\u00e4iss\u00e4 teht\u00e4viss\u00e4.<\/p>\n<p>Tutkimuksen aineistona on Tilastokeskuksen yll\u00e4pit\u00e4m\u00e4 oikeustilastojen rekisteriaineisto, joka kattaa l\u00e4hes 76 000 toimitusjohtajaa ja hallitusj\u00e4sent\u00e4. He ovat ty\u00f6skennelleet yli 64 000 osakeyhti\u00f6ss\u00e4 vuosina 1995\u20132019.<\/p>\n<p>Tulokset eiv\u00e4t tutkijoiden mukaan selity esimerkiksi yhteisell\u00e4 perheyhti\u00f6taustalla tai vanhempien matalalla sosioekonomisella asemalla.<\/p>\n<p>My\u00f6s puolison toiminta heijastuu johtajan k\u00e4ytt\u00e4ytymiseen. Talousrikoksiin syyllistyneill\u00e4 johtajilla on muita useammin my\u00f6s talousrikoksiin syyllistynyt puoliso. Todenn\u00e4k\u00f6isyys tehd\u00e4 talousrikoksia kasvaa, mit\u00e4 pidemp\u00e4\u00e4n parisuhde on kest\u00e4nyt.<\/p>\n<p>Talousrikollisuuteen syyllistymisen todenn\u00e4k\u00f6isyys kasvaa my\u00f6s johtajilla, jotka ovat nuoruudessaan asuneet alueilla, joilla talousrikollisuus on keskim\u00e4\u00e4r\u00e4ist\u00e4 yleisemp\u00e4\u00e4.<\/p>\n<p>Johtajien talousrikosten rikosnimikkeet kattoivat muun muassa kirjanpito-, vero- ja muita talousrikoksia. Tutkimusaineisto sis\u00e4lt\u00e4\u00e4 vain sellaiset v\u00e4\u00e4rink\u00e4yt\u00f6stapaukset, joista on langetettu syyte tuomioistuimissa.<\/p>\n<p>Tutkimustuloksella on professori <strong>Juha-Pekka Kallungin <\/strong>mukaan<strong> <\/strong>suuri yhteiskunnallinen merkitys, sill\u00e4 yksitt\u00e4isell\u00e4 talousrikoksella on usein laajat vaikutukset. \u201dYrityksen ylimp\u00e4\u00e4n johtoon kuuluvan henkil\u00f6n talousrikos johtaa usein ty\u00f6paikkojen, verotulojen ja sijoitettujen p\u00e4\u00e4omien menetyksiin, ja koskee siten suurta joukkoa ihmisi\u00e4\u201d, h\u00e4n sanoo.<\/p>\n<p>Tutkijat korostavat, ettei tutkimus osoita suoraa syy\u2013seuraussuhdetta, vaikka tulokset tukevat vahvasti johtajan sosiaalisessa ymp\u00e4rist\u00f6ss\u00e4, erityisesti lapsuusajan perheymp\u00e4rist\u00f6ss\u00e4, opittujen k\u00e4ytt\u00e4ytymismallien ja oppimisen merkityst\u00e4.<\/p>\n<p>Tutkimuksen tulokset osoittavat opitulla k\u00e4ytt\u00e4ytymisell\u00e4 oleva keskeinen merkitys talousrikollisuudessa, jopa yritysten ylimm\u00e4ss\u00e4 johdossa. \u201dHavainto korostaa t\u00e4llaisen k\u00e4ytt\u00e4ytymismallin \u00b4poisoppimisen\u00b4 merkityst\u00e4 talousrikollisuuden torjunnassa\u201d, Kallunki toteaa.<\/p>\n<p>Talousrikollisuus on yksi rikollisuuden muoto, mutta sit\u00e4 on tutkittu verrattain v\u00e4h\u00e4n. Yritystoiminnan vastuullisuutta on alettu korostaa laajemmin vasta t\u00e4ll\u00e4 vuosikymmenell\u00e4. Esimerkiksi kauppakorkeakoulujen opetukseen se on tullut omaksi aiheekseen vasta viime vuosina.<\/p>\n<p>Tutkimus on ensimm\u00e4inen, joka on selvitt\u00e4nyt yritysjohtajien talousrikoksiin liittyvi\u00e4 ylisukupolvisia yhteyksi\u00e4. Se tarjoaa uuden n\u00e4k\u00f6kulman siihen, miksi osa johtajista syyllistyy taloudellisiin v\u00e4\u00e4rink\u00e4yt\u00f6ksiin ja miten perhe- ja kasvuymp\u00e4rist\u00f6n vaikutteet muokkaavat yrityksen ylimm\u00e4n johdon p\u00e4\u00e4t\u00f6ksentekoa viel\u00e4 vuosienkin p\u00e4\u00e4st\u00e4.<\/p>\n<p>Tulokset on julkaistu arvostetussa Journal of Accounting Research -tiedelehdess\u00e4: Jenni Kallunki, Juha-Pekka Kallunki, Wayne Landsman, Emma-Riikka Myllym\u00e4ki, Lasse Niemi: <a href=\"https:\/\/onlinelibrary.wiley.com\/doi\/10.1111\/1475-679X.70028\" rel=\"nofollow noopener\" target=\"_blank\">Family Matters: Exploring the Link Between Parental and Executive Financial Misconduct<\/a><\/p>\n<p>DOI: <a href=\"https:\/\/doi.org\/10.1111\/1475-679X.70028\" rel=\"nofollow noopener\" target=\"_blank\">https:\/\/doi.org\/10.1111\/1475-679X.70028<\/a><\/p>\n<p>Lue lis\u00e4\u00e4: <a href=\"https:\/\/www.oulu.fi\/fi\/uutiset\/joka-viidennella-suomalaisen-porssiyhtion-johtoon-kuuluvalla-rikostuomio\" rel=\"nofollow noopener\" target=\"_blank\">Joka viidennell\u00e4 suomalaisen p\u00f6rssiyhti\u00f6n johtoon kuuluvalla rikostuomio<\/a><\/p>\n","protected":false},"excerpt":{"rendered":"Tutkimuksen mukaan ylimm\u00e4n tason yritysjohtajat syyllistyv\u00e4t talousrikoksiin selv\u00e4sti todenn\u00e4k\u00f6isemmin, jos heid\u00e4n vanhempiaan on aiemmin syytetty ja tuomittu talousrikoksista.&hellip;\n","protected":false},"author":2,"featured_media":135582,"comment_status":"","ping_status":"","sticky":false,"template":"","format":"standard","meta":{"footnotes":""},"categories":[12],"tags":[22,23,26,27,33,31,30,17,24,25,28,29,15,18,21,32,19,20,16],"class_list":{"0":"post-135581","1":"post","2":"type-post","3":"status-publish","4":"format-standard","5":"has-post-thumbnail","7":"category-suomi","8":"tag-breaking-news","9":"tag-breakingnews","10":"tag-featured-news","11":"tag-featurednews","12":"tag-fi","13":"tag-finland","14":"tag-finnish","15":"tag-headlines","16":"tag-latest-news","17":"tag-latestnews","18":"tag-main-news","19":"tag-mainnews","20":"tag-news","21":"tag-otsikot","22":"tag-paauutiset","23":"tag-suomi","24":"tag-top-stories","25":"tag-topstories","26":"tag-uutiset"},"share_on_mastodon":{"url":"https:\/\/pubeurope.com\/@fi\/115852361637277211","error":""},"_links":{"self":[{"href":"https:\/\/www.europesays.com\/fi\/wp-json\/wp\/v2\/posts\/135581","targetHints":{"allow":["GET"]}}],"collection":[{"href":"https:\/\/www.europesays.com\/fi\/wp-json\/wp\/v2\/posts"}],"about":[{"href":"https:\/\/www.europesays.com\/fi\/wp-json\/wp\/v2\/types\/post"}],"author":[{"embeddable":true,"href":"https:\/\/www.europesays.com\/fi\/wp-json\/wp\/v2\/users\/2"}],"replies":[{"embeddable":true,"href":"https:\/\/www.europesays.com\/fi\/wp-json\/wp\/v2\/comments?post=135581"}],"version-history":[{"count":0,"href":"https:\/\/www.europesays.com\/fi\/wp-json\/wp\/v2\/posts\/135581\/revisions"}],"wp:featuredmedia":[{"embeddable":true,"href":"https:\/\/www.europesays.com\/fi\/wp-json\/wp\/v2\/media\/135582"}],"wp:attachment":[{"href":"https:\/\/www.europesays.com\/fi\/wp-json\/wp\/v2\/media?parent=135581"}],"wp:term":[{"taxonomy":"category","embeddable":true,"href":"https:\/\/www.europesays.com\/fi\/wp-json\/wp\/v2\/categories?post=135581"},{"taxonomy":"post_tag","embeddable":true,"href":"https:\/\/www.europesays.com\/fi\/wp-json\/wp\/v2\/tags?post=135581"}],"curies":[{"name":"wp","href":"https:\/\/api.w.org\/{rel}","templated":true}]}}