{"id":135589,"date":"2026-01-07T06:34:10","date_gmt":"2026-01-07T06:34:10","guid":{"rendered":"https:\/\/www.europesays.com\/fi\/135589\/"},"modified":"2026-01-07T06:34:10","modified_gmt":"2026-01-07T06:34:10","slug":"kaksosten-lahes-telepaattinen-yhteissoitto-herattaa-huomiota-malmilla-paikalliset","status":"publish","type":"post","link":"https:\/\/www.europesays.com\/fi\/135589\/","title":{"rendered":"Kaksosten l\u00e4hes telepaattinen yhteissoitto her\u00e4tt\u00e4\u00e4 huomiota Malmilla | Paikalliset"},"content":{"rendered":"<p>Kaksoset <strong>Lauri<\/strong> ja <strong>Jukka Ylinen<\/strong> ovat soittaneet yhdess\u00e4 k\u00e4yt\u00e4nn\u00f6ss\u00e4 koko el\u00e4m\u00e4ns\u00e4. Musiikkiharrastus alkoi jo nelivuotiaana, kun veljekset opettelivat soittamaan nelik\u00e4tisesti pianoa. Sen j\u00e4lkeen instrumenttivalikoima on laajentunut k\u00e4yr\u00e4torveen, kontrabassoon, selloon, viuluun ja alttoviuluun.<\/p>\n<p>\t\t\t\t\t<img class=\"diks-card__image\" src=\"https:\/\/www.europesays.com\/fi\/wp-content\/uploads\/2026\/01\/11028597.jpg\"   loading=\"lazy\" decoding=\"sync\" alt=\"\"\/><\/p>\n<p>T\u00e4n\u00e4 p\u00e4iv\u00e4n\u00e4 Ylisen veljekset ovat selv\u00e4sti tuttu n\u00e4ky kauppakeskus Malmin Novalla. Helsingin Uutisten seuratessa veljesten soittoa vierest\u00e4 useampi ohikulkija pys\u00e4htyy hetkeksi, huikkaa soittajille tuttavallisen tervehdyksen, kiitt\u00e4\u00e4 edellisist\u00e4 juhlista tai vaihtaa kuulumisia.<\/p>\n<p>\t\t<a class=\"diks-gallery__link\" href=\"https:\/\/i.media.fi\/incoming\/44hm6o\/11224836.jpg\/alternates\/FREE_1440\/11224836.jpg\" data-thumbnail=\"\" data-sub-html=\"Kouluik\u00e4isen\u00e4 opettaja kertoi poikien vanhemmille, ett\u00e4 molemmilla on absoluuttinen s\u00e4velkorva. Asia oli kaksosille niin tavallinen, ett\u00e4 he ihmetteliv\u00e4t, eik\u00f6 kaikilla muillakin muka ole. Mikko Huisko\" aria-label=\"Katso isompi kuva\" rel=\"nofollow noopener\" target=\"_blank\"><br \/>\n\t\t\t\t<img class=\"diks-figure__image\" src=\"https:\/\/www.europesays.com\/fi\/wp-content\/uploads\/2026\/01\/11224836.jpg\" loading=\"lazy\" decoding=\"sync\" alt=\"\"\/><\/p>\n<p>\t\t\t<\/a><br \/>\n\t\t\t\t\tKouluik\u00e4isen\u00e4 opettaja kertoi poikien vanhemmille, ett\u00e4 molemmilla on absoluuttinen s\u00e4velkorva. Asia oli kaksosille niin tavallinen, ett\u00e4 he ihmetteliv\u00e4t, eik\u00f6 kaikilla muillakin muka ole. Mikko Huisko<\/p>\n<p>\t\t<a class=\"diks-gallery__link\" href=\"https:\/\/i.media.fi\/incoming\/1vw3oi\/11224824.jpg\/alternates\/FREE_1440\/11224824.jpg\" data-thumbnail=\"\" data-sub-html=\"Kaksoset vertaavat itse\u00e4\u00e4n Mattiin ja Teppoon. Jukka sanoo olevansa n\u00e4ist\u00e4 kahdesta Teppo. Mikko Huisko\" aria-label=\"Katso isompi kuva\" rel=\"nofollow noopener\" target=\"_blank\"><br \/>\n\t\t\t\t<img class=\"diks-figure__image\" src=\"https:\/\/www.europesays.com\/fi\/wp-content\/uploads\/2026\/01\/11224824.jpg\" loading=\"lazy\" decoding=\"sync\" alt=\"\"\/><\/p>\n<p>\t\t\t<\/a><br \/>\n\t\t\t\t\tKaksoset vertaavat itse\u00e4\u00e4n Mattiin ja Teppoon. Jukka sanoo olevansa n\u00e4ist\u00e4 kahdesta Teppo. Mikko Huisko<\/p>\n<p><strong class=\"diks-storyline__impact\">Kaksosten yhteys<\/strong> soittaessa n\u00e4ytt\u00e4\u00e4 l\u00e4hes telepaattiselta. Veljekset eiv\u00e4t seuraa nuotteja tai sovi \u00e4\u00e4neen seuraavaa kappaletta. Silti he soittavat kuin yhteisest\u00e4 sopimuksesta, n\u00e4ytt\u00e4v\u00e4t kuuntelevan toisiaan ja t\u00e4ydent\u00e4v\u00e4n toistensa soittoa.<\/p>\n<p>\u2013 Kyll\u00e4 se kaksosyhteys auttaa soittamisessa. Sin\u00e4 vain alat soittaa, Jukka sanoo.<\/p>\n<p>\u2013\u2009Ja sin\u00e4 liityt mukaan, Lauri naurahtaa Jukalle.<\/p>\n<p>Yhteys on veljeksille arkip\u00e4iv\u00e4inen.<\/p>\n<p>\u2013\u2009Tunnemme vain toisemme niin hyvin ja olemme yleens\u00e4 kaikesta samaa mielt\u00e4, Lauri ja Jukka kuittaavat asian.<\/p>\n<p><strong>Katso video: Veljekset kertovat, mit\u00e4 katusoitto heille merkitsee.<\/strong><\/p>\n<p><strong class=\"diks-storyline__impact\">Veljesten tapa<\/strong> soittaa on omalaatuinen eik\u00e4 asetu helposti yhteen musiikkilajiin. Veljekset kuvailevat soittoaan melodiseksi, vauhdikkaaksi, rytmiseksi ja kauniiksi.<\/p>\n<p>\u2013\u2009Se ei ole kansanmusiikkia, vaan musiikkia kansalle, Jukka tokaisee hymy huulessa.<\/p>\n<p><strong class=\"diks-storyline__impact\">Esiintymislavoja <\/strong>varten kaksoset opettelevat kappaleet etuk\u00e4teen, mutta kadulla kaksoset kertovat improvisoivansa kaikki sovitukset soittaessaan.<\/p>\n<p>Harvinainen yhteys n\u00e4kyy my\u00f6s puhuessa. Kun Jukka aloittaa puhumisen, Lauri saattaa p\u00e4\u00e4tt\u00e4\u00e4 sen h\u00e4nen puolestaan. Kaksoset kertovat tuttavansa kuvanneen heid\u00e4n puhettaan osuvasti pingisotteluksi.<\/p>\n<p>\u2013\u2009H\u00e4n ei pysynyt mukana, kun puhuimme vuorotellen jatkaen toistemme puhetta, Jukka kertoo.<\/p>\n<p>\t\t<a class=\"diks-gallery__link\" href=\"https:\/\/i.media.fi\/incoming\/b2wqj6\/11224834.jpg\/alternates\/FREE_1440\/11224834.jpg\" data-thumbnail=\"\" data-sub-html=\"Ohikulkijat kiitt\u00e4v\u00e4t veljeksi\u00e4 eri juhlista, joissa n\u00e4m\u00e4 ovat olleet esiintym\u00e4ss\u00e4. Mikko Huisko\" aria-label=\"Katso isompi kuva\" rel=\"nofollow noopener\" target=\"_blank\"><br \/>\n\t\t\t\t<img class=\"diks-figure__image\" src=\"https:\/\/www.europesays.com\/fi\/wp-content\/uploads\/2026\/01\/11224834.jpg\" loading=\"lazy\" decoding=\"sync\" alt=\"\"\/><\/p>\n<p>\t\t\t<\/a><br \/>\n\t\t\t\t\tOhikulkijat kiitt\u00e4v\u00e4t veljeksi\u00e4 eri juhlista, joissa n\u00e4m\u00e4 ovat olleet esiintym\u00e4ss\u00e4. Mikko Huisko<\/p>\n<p>\t\t<a class=\"diks-gallery__link\" href=\"https:\/\/i.media.fi\/incoming\/taycyf\/11224831.jpg\/alternates\/FREE_1440\/11224831.jpg\" data-thumbnail=\"\" data-sub-html=\"Lauri Ylinen soittaa kauppakeskus Malmin Novalla usein viulua. Mikko Huisko\" aria-label=\"Katso isompi kuva\" rel=\"nofollow noopener\" target=\"_blank\"><br \/>\n\t\t\t\t<img class=\"diks-figure__image\" src=\"https:\/\/www.europesays.com\/fi\/wp-content\/uploads\/2026\/01\/11224831.jpg\" loading=\"lazy\" decoding=\"sync\" alt=\"\"\/><\/p>\n<p>\t\t\t<\/a><br \/>\n\t\t\t\t\tLauri Ylinen soittaa kauppakeskus Malmin Novalla usein viulua. Mikko Huisko<\/p>\n<p><strong class=\"diks-storyline__impact\">Ylisill\u00e4 on kertynyt<\/strong> Excel-taulukkoon soitto-ohjelmistoa jo yli 1\u2009200 kappaleen edest\u00e4. Lista p\u00e4ivittyy koko ajan, kun uusia kappaleita tulee eteen tai heit\u00e4 pyydet\u00e4\u00e4n soittamaan eri juhlissa.<\/p>\n<p>\u2013\u2009Emme edes tied\u00e4, mik\u00e4 on kaikkien kappaleidemme nimi tai alkuper\u00e4inen esitt\u00e4j\u00e4, kertoo Jukka.<\/p>\n<p>Monet kappaleet ovat kaksikon is\u00e4n avokelanauhalle nauhoittamia kappaleita.<\/p>\n<p>\u2013\u2009Itse asiassa 70-luvun avokelanauhuri on innoittajamme musiikkiin. Onhan se lapsena mielenkiintoisempaa seurata nauhan keriytymist\u00e4 kelalta toiselle kuin kuunnella tietokoneelta suoratoistopalveluista musiikkia n\u00e4kem\u00e4tt\u00e4 liikkuvia osia, h\u00e4n intoilee.<\/p>\n<p>\t\t<a class=\"diks-gallery__link\" href=\"https:\/\/i.media.fi\/incoming\/2fwiw3\/11224837.jpg\/alternates\/FREE_1440\/11224837.jpg\" data-thumbnail=\"\" data-sub-html=\"Lauri ja Jukka Ylinen asuvat yhdess\u00e4 Espoossa. Mikko Huisko\" aria-label=\"Katso isompi kuva\" rel=\"nofollow noopener\" target=\"_blank\"><br \/>\n\t\t\t\t<img class=\"diks-figure__image\" src=\"https:\/\/www.europesays.com\/fi\/wp-content\/uploads\/2026\/01\/11224837.jpg\" loading=\"lazy\" decoding=\"sync\" alt=\"\"\/><\/p>\n<p>\t\t\t<\/a><br \/>\n\t\t\t\t\tLauri ja Jukka Ylinen asuvat yhdess\u00e4 Espoossa. Mikko Huisko<\/p>\n<p><strong class=\"diks-storyline__impact\">Veljekset ovat <\/strong>opiskelleet musiikkipedagogeiksi, ja musiikki on heille kokop\u00e4iv\u00e4ty\u00f6.<\/p>\n<p>Osan ajasta he soittavat kadulla, osan ajasta juhlissa ja lavoilla sek\u00e4 osan ajasta he toimivat soitonopettajina. Heid\u00e4n lempipaikkansa soittaa on kuitenkin kauppakeskus Malmin Novalla.<\/p>\n<p>\u2013\u2009Meid\u00e4t tunnetaan t\u00e4\u00e4ll\u00e4. Ihmiset kyselev\u00e4t, mihin olemme h\u00e4ipyneet, jos emme ole k\u00e4yneet t\u00e4\u00e4ll\u00e4 hetkeen, Lauri kertoo.<\/p>\n<p>Kaksosten mielest\u00e4 muualta ei l\u00f6ydy samanlaista tunnelmaa.<\/p>\n<p>\u2013\u2009T\u00e4\u00e4ll\u00e4 on sellainen antamisen ja huolehtimisen kulttuuri, jota ei l\u00f6ydy muualta.<\/p>\n<p>Kaksosten mukaan kulttuuri voi johtua esimerkiksi ulkomaalaistaustaisista asukkaista tai siit\u00e4, ett\u00e4 v\u00e4h\u00e4varaisemmilla alueilla toisista huolehtimiseen keskityt\u00e4\u00e4n enemm\u00e4n.<\/p>\n<p>\t\t<a class=\"diks-gallery__link\" href=\"https:\/\/i.media.fi\/incoming\/43hft1\/11224830.jpg\/alternates\/FREE_1440\/11224830.jpg\" data-thumbnail=\"\" data-sub-html=\"Kaksoset ovat soittaneet my\u00f6s duoa isommissa kokoonpanoissa. T\u00e4ll\u00f6in he toimivat niin sanottuina liidein\u00e4, jotka johtavat rytmill\u00e4\u00e4n muiden soittoa. Mikko Huisko\" aria-label=\"Katso isompi kuva\" rel=\"nofollow noopener\" target=\"_blank\"><br \/>\n\t\t\t\t<img class=\"diks-figure__image\" src=\"https:\/\/www.europesays.com\/fi\/wp-content\/uploads\/2026\/01\/11224830.jpg\" loading=\"lazy\" decoding=\"sync\" alt=\"\"\/><\/p>\n<p>\t\t\t<\/a><br \/>\n\t\t\t\t\tKaksoset ovat soittaneet my\u00f6s duoa isommissa kokoonpanoissa. T\u00e4ll\u00f6in he toimivat niin sanottuina liidein\u00e4, jotka johtavat rytmill\u00e4\u00e4n muiden soittoa. Mikko Huisko<\/p>\n<p>\t\t<a class=\"diks-gallery__link\" href=\"https:\/\/i.media.fi\/incoming\/77twex\/11224826.jpg\/alternates\/FREE_1440\/11224826.jpg\" data-thumbnail=\"\" data-sub-html=\"Kaksosten mukaan Jukka (vasemmalla) on boheemimpi ja \u00e4kkipikaisempi, mutta leppyy nopeammin. Lauri ei suutu helposti, mutta on suuttuessaan pitk\u00e4vihaisempi. Mikko Huisko\" aria-label=\"Katso isompi kuva\" rel=\"nofollow noopener\" target=\"_blank\"><br \/>\n\t\t\t\t<img class=\"diks-figure__image\" src=\"https:\/\/www.europesays.com\/fi\/wp-content\/uploads\/2026\/01\/11224826.jpg\" loading=\"lazy\" decoding=\"sync\" alt=\"\"\/><\/p>\n<p>\t\t\t<\/a><br \/>\n\t\t\t\t\tKaksosten mukaan Jukka (vasemmalla) on boheemimpi ja \u00e4kkipikaisempi, mutta leppyy nopeammin. Lauri ei suutu helposti, mutta on suuttuessaan pitk\u00e4vihaisempi. Mikko Huisko<\/p>\n<p><strong class=\"diks-storyline__impact\">Musiikilla on <\/strong>Ylisille my\u00f6s syvempi merkitys. Jukka huomasi l\u00e4heisens\u00e4 kuoleman j\u00e4lkeen, ett\u00e4 musiikki auttoi asian k\u00e4sittelyss\u00e4.<\/p>\n<p>\u2013\u2009Surua pystyy purkamaan soittamiseen, h\u00e4n kertoo.<\/p>\n<p>\u2013\u2009Musiikki tuo lohtua, Lauri jatkaa.<\/p>\n<p>Veljekset haluavat tuoda musiikillaan my\u00f6s yksinkertaisesti iloa ymp\u00e4rilleen.<\/p>\n<p>\u2013\u2009Ja se on hauskaa! T\u00e4ss\u00e4 saa kehitt\u00e4\u00e4 itse\u00e4\u00e4n ja toivottavasti levitt\u00e4\u00e4 my\u00f6s iloa ymp\u00e4rist\u00f6n ihmisille, Jukka sanoo.<\/p>\n<p>\t\t\t\t\t<img class=\"diks-card__image\" src=\"https:\/\/www.europesays.com\/fi\/wp-content\/uploads\/2026\/01\/10737767.jpg\"   loading=\"lazy\" decoding=\"sync\" alt=\"\"\/><\/p>\n","protected":false},"excerpt":{"rendered":"Kaksoset Lauri ja Jukka Ylinen ovat soittaneet yhdess\u00e4 k\u00e4yt\u00e4nn\u00f6ss\u00e4 koko el\u00e4m\u00e4ns\u00e4. Musiikkiharrastus alkoi jo nelivuotiaana, kun veljekset opettelivat&hellip;\n","protected":false},"author":2,"featured_media":135590,"comment_status":"","ping_status":"","sticky":false,"template":"","format":"standard","meta":{"footnotes":""},"categories":[132],"tags":[137,33,31,30,104,101,195,47,141,98,32,5742,109],"class_list":{"0":"post-135589","1":"post","2":"type-post","3":"status-publish","4":"format-standard","5":"has-post-thumbnail","7":"category-musiikki","8":"tag-entertainment","9":"tag-fi","10":"tag-finland","11":"tag-finnish","12":"tag-helsinki","13":"tag-ihmissuhteet","14":"tag-music","15":"tag-musiikki","16":"tag-muusikot-bandit","17":"tag-perhe","18":"tag-suomi","19":"tag-telepatia","20":"tag-viihde"},"share_on_mastodon":{"url":"https:\/\/pubeurope.com\/@fi\/115852428156352494","error":""},"_links":{"self":[{"href":"https:\/\/www.europesays.com\/fi\/wp-json\/wp\/v2\/posts\/135589","targetHints":{"allow":["GET"]}}],"collection":[{"href":"https:\/\/www.europesays.com\/fi\/wp-json\/wp\/v2\/posts"}],"about":[{"href":"https:\/\/www.europesays.com\/fi\/wp-json\/wp\/v2\/types\/post"}],"author":[{"embeddable":true,"href":"https:\/\/www.europesays.com\/fi\/wp-json\/wp\/v2\/users\/2"}],"replies":[{"embeddable":true,"href":"https:\/\/www.europesays.com\/fi\/wp-json\/wp\/v2\/comments?post=135589"}],"version-history":[{"count":0,"href":"https:\/\/www.europesays.com\/fi\/wp-json\/wp\/v2\/posts\/135589\/revisions"}],"wp:featuredmedia":[{"embeddable":true,"href":"https:\/\/www.europesays.com\/fi\/wp-json\/wp\/v2\/media\/135590"}],"wp:attachment":[{"href":"https:\/\/www.europesays.com\/fi\/wp-json\/wp\/v2\/media?parent=135589"}],"wp:term":[{"taxonomy":"category","embeddable":true,"href":"https:\/\/www.europesays.com\/fi\/wp-json\/wp\/v2\/categories?post=135589"},{"taxonomy":"post_tag","embeddable":true,"href":"https:\/\/www.europesays.com\/fi\/wp-json\/wp\/v2\/tags?post=135589"}],"curies":[{"name":"wp","href":"https:\/\/api.w.org\/{rel}","templated":true}]}}