{"id":135605,"date":"2026-01-07T06:56:07","date_gmt":"2026-01-07T06:56:07","guid":{"rendered":"https:\/\/www.europesays.com\/fi\/135605\/"},"modified":"2026-01-07T06:56:07","modified_gmt":"2026-01-07T06:56:07","slug":"ossi-kivimaen-vauvaonni-yllatystieto-kesken-haiden","status":"publish","type":"post","link":"https:\/\/www.europesays.com\/fi\/135605\/","title":{"rendered":"Ossi Kivim\u00e4en vauvaonni: Yll\u00e4tystieto kesken h\u00e4iden"},"content":{"rendered":"<p class=\"article-content article-content-width !bg-background\"><a alt=\"Haku\" class=\"text-primary-red font-extrabold\" href=\"https:\/\/www.seiska.fi\/haku?q=Sabina S\u00e4rk\u00e4n\" rel=\"nofollow noopener\" target=\"_blank\">Sabina S\u00e4rk\u00e4n<\/a> ex-miehen\u00e4 tunnettu <a alt=\"Haku\" class=\"text-primary-red font-extrabold\" href=\"https:\/\/www.seiska.fi\/haku?q=Ossi Kivim\u00e4ki\" rel=\"nofollow noopener\" target=\"_blank\">Ossi Kivim\u00e4ki<\/a> sai h\u00e4iss\u00e4\u00e4n odotetun tiedon tulevasta perheenj\u00e4senest\u00e4\u00e4n.<\/p>\n<p class=\"font-weight-bold m-font-weight-bold article-content article-content-width !bg-background\">Sabina S\u00e4rkk\u00e4 rakkaansa kanssa laivalla:<\/p>\n<p class=\"article-content article-content-width !bg-background\">Ossi ja h\u00e4nen nykyinen kumppaninsa <a alt=\"Haku\" class=\"text-primary-red font-extrabold\" href=\"https:\/\/www.seiska.fi\/haku?q=Noora Aarnio\" rel=\"nofollow noopener\" target=\"_blank\">Noora Aarnio<\/a> juhlivat h\u00e4it\u00e4\u00e4n vuoden vaihteessa. Nykyisin Noora kantaakin aviomiehens\u00e4 sukunime\u00e4.<\/p>\n<p class=\"article-content article-content-width !bg-background\">Ossi ja Noora ovat iloinneet h\u00e4\u00e4juhlistaan somessa, mutta nyt pariskunta on tehnyt paljastuksen my\u00f6s toisesta onnellisesta hetkest\u00e4, jonka he kokivat itseasiassa kesken h\u00e4iden.<\/p>\n<p class=\"article-content article-content-width !bg-background\">Nooran tuoreissa somejulkaisuissa hehkutetaan, kuinka pariskunta on saanut tiet\u00e4\u00e4 h\u00e4iss\u00e4\u00e4n tulevan lapsensa sukupuolen. Asia on paljastettu avioparille ilotulituksen muodossa.<\/p>\n<p class=\"article-content article-content-width !bg-background\">\u2013 Oli ihan hullu fiilis kun taivaalle r\u00e4j\u00e4hti punanen raketti ja selvis ett\u00e4 meille tulee tytt\u00f6, Noora kirjoittaa.<\/p>\n<p class=\"italic m-italic article-content article-content-width !bg-background\">\u2013 En edes tii\u00e4 mit\u00e4 siin\u00e4 hetkess\u00e4 ajattelin, olin vaan ihan super innoissani! Ehk\u00e4 kuitenki p\u00e4\u00e4llimm\u00e4isen\u00e4 ihan vaan ilo siit\u00e4 et nyt tiet\u00e4\u00e4 v\u00e4h\u00e4n enemm\u00e4n ket\u00e4 me odotetaan meij\u00e4n perheeseen.<\/p>\n<p>Toivottu tytt\u00f6<\/p>\n<p class=\"no_italic m-no_italic article-content article-content-width !bg-background\">Noora my\u00f6nt\u00e4\u00e4, ett\u00e4 perhe on toivonut saavansa tulevaisuudessa sek\u00e4 tytt\u00f6- ett\u00e4 poikalapsen, joten tieto tytt\u00f6vauvasta on ollut senkin suhteen odotettu ja mieleinen.<\/p>\n<p class=\"no_italic m-no_italic article-content article-content-width !bg-background\">Nooralla ja Ossilla on jo ennest\u00e4\u00e4n vuonna 2024 syntynyt poika. He odottavat sisaruksen syntyv\u00e4n toukokuussa.<\/p>\n<p class=\"no_italic m-no_italic article-content article-content-width !bg-background\">Ossi Kivim\u00e4ki oli viel\u00e4 muutama vuosi sitten aviossa somevaikuttaja ja ex-missi <a alt=\"Haku\" class=\"text-primary-red font-extrabold\" href=\"https:\/\/www.seiska.fi\/haku?q=Sabina S\u00e4rk\u00e4n\" rel=\"nofollow noopener\" target=\"_blank\">Sabina S\u00e4rk\u00e4n<\/a> kanssa, mutta vuonna 2022 pari p\u00e4\u00e4tyi eroamaan.<\/p>\n<p class=\"no_italic m-no_italic article-content article-content-width !bg-background\">H\u00e4it\u00e4 oltiin vietetty muutamaa vuotta aiemmin Kreikan saaristossa. Nyt Ossi avioituikin huomattavasti hyisemmiss\u00e4 maisemissa.<\/p>\n","protected":false},"excerpt":{"rendered":"Sabina S\u00e4rk\u00e4n ex-miehen\u00e4 tunnettu Ossi Kivim\u00e4ki sai h\u00e4iss\u00e4\u00e4n odotetun tiedon tulevasta perheenj\u00e4senest\u00e4\u00e4n. Sabina S\u00e4rkk\u00e4 rakkaansa kanssa laivalla: Ossi&hellip;\n","protected":false},"author":2,"featured_media":135606,"comment_status":"","ping_status":"","sticky":false,"template":"","format":"standard","meta":{"footnotes":""},"categories":[136],"tags":[407,137,33,31,30,1208,408,23265,23744,23264,98,6691,32,1461,23743,109],"class_list":{"0":"post-135605","1":"post","2":"type-post","3":"status-publish","4":"format-standard","5":"has-post-thumbnail","7":"category-julkkikset","8":"tag-celebrities","9":"tag-entertainment","10":"tag-fi","11":"tag-finland","12":"tag-finnish","13":"tag-haat","14":"tag-julkkikset","15":"tag-noora-aarnio","16":"tag-noora-kivimaki","17":"tag-ossi-kivimaki","18":"tag-perhe","19":"tag-sabina-sarkka","20":"tag-suomi","21":"tag-vauva","22":"tag-vauvaonni","23":"tag-viihde"},"share_on_mastodon":{"url":"https:\/\/pubeurope.com\/@fi\/115852514614570685","error":""},"_links":{"self":[{"href":"https:\/\/www.europesays.com\/fi\/wp-json\/wp\/v2\/posts\/135605","targetHints":{"allow":["GET"]}}],"collection":[{"href":"https:\/\/www.europesays.com\/fi\/wp-json\/wp\/v2\/posts"}],"about":[{"href":"https:\/\/www.europesays.com\/fi\/wp-json\/wp\/v2\/types\/post"}],"author":[{"embeddable":true,"href":"https:\/\/www.europesays.com\/fi\/wp-json\/wp\/v2\/users\/2"}],"replies":[{"embeddable":true,"href":"https:\/\/www.europesays.com\/fi\/wp-json\/wp\/v2\/comments?post=135605"}],"version-history":[{"count":0,"href":"https:\/\/www.europesays.com\/fi\/wp-json\/wp\/v2\/posts\/135605\/revisions"}],"wp:featuredmedia":[{"embeddable":true,"href":"https:\/\/www.europesays.com\/fi\/wp-json\/wp\/v2\/media\/135606"}],"wp:attachment":[{"href":"https:\/\/www.europesays.com\/fi\/wp-json\/wp\/v2\/media?parent=135605"}],"wp:term":[{"taxonomy":"category","embeddable":true,"href":"https:\/\/www.europesays.com\/fi\/wp-json\/wp\/v2\/categories?post=135605"},{"taxonomy":"post_tag","embeddable":true,"href":"https:\/\/www.europesays.com\/fi\/wp-json\/wp\/v2\/tags?post=135605"}],"curies":[{"name":"wp","href":"https:\/\/api.w.org\/{rel}","templated":true}]}}