{"id":135613,"date":"2026-01-07T07:04:09","date_gmt":"2026-01-07T07:04:09","guid":{"rendered":"https:\/\/www.europesays.com\/fi\/135613\/"},"modified":"2026-01-07T07:04:09","modified_gmt":"2026-01-07T07:04:09","slug":"pippa-laukka-krisse-salminen-ja-noora-karma-salon-messujen-vetonauloina","status":"publish","type":"post","link":"https:\/\/www.europesays.com\/fi\/135613\/","title":{"rendered":"Pippa Laukka, Krisse Salminen ja Noora Karma Salon Messujen vetonauloina"},"content":{"rendered":"<p><a href=\"https:\/\/www.salonjokilaakso.net\/wp-content\/uploads\/2026\/01\/L02-26-PM-Salon-Messut-2025-muotinaytos.jpg\" rel=\"nofollow noopener\" target=\"_blank\"><img loading=\"lazy\" decoding=\"async\" width=\"1024\" height=\"768\" src=\"https:\/\/www.europesays.com\/fi\/wp-content\/uploads\/2026\/01\/L02-26-PM-Salon-Messut-2025-muotinaytos-1024x768.jpg\" alt=\"Muotin\u00e4yt\u00f6s ja hyv\u00e4ntekev\u00e4isyyshuutokauppa ovat Salon Messujen suosituimpia ohjelmanumeroita.\" class=\"wp-image-17713\"  \/><\/a>Muotin\u00e4yt\u00f6s ja hyv\u00e4ntekev\u00e4isyyshuutokauppa ovat Salon Messujen suosituimpia ohjelmanumeroita.<\/p>\n<p><a href=\"https:\/\/www.salonjokilaakso.net\/wp-content\/uploads\/2026\/01\/L02-26-PM-Salon-Messut-2025-huutokauppa.jpg\" rel=\"nofollow noopener\" target=\"_blank\"><img loading=\"lazy\" decoding=\"async\" width=\"1024\" height=\"909\" src=\"https:\/\/www.europesays.com\/fi\/wp-content\/uploads\/2026\/01\/L02-26-PM-Salon-Messut-2025-huutokauppa-1024x909.jpg\" alt=\"\" class=\"wp-image-17714\" style=\"aspect-ratio:1.1265234546251643;width:431px;height:auto\"  \/><\/a><\/p>\n<p>Perinteiset Salon Messut j\u00e4rjestet\u00e4\u00e4n viikonloppuna Salohallissa 10.-11.tammikuuta.<\/p>\n<p>N\u00e4ht\u00e4vill\u00e4 on l\u00e4hes 200 n\u00e4ytteilleasettajaa, tunnettuja esiintyji\u00e4 ja mahdollisuus osallistua hyv\u00e4ntekev\u00e4isyyshuutokauppaan.<\/p>\n<p>Messukoordinaattori P\u00e4ivi Virtanen ja myyntip\u00e4\u00e4llikk\u00f6 Sari Kullanm\u00e4ki kertovat, ett\u00e4 mukana on t\u00e4n\u00e4kin vuonna runsaasti kotiin, m\u00f6kkeilyyn, vapaa-aikaan ja hyvinvointiin liittyvi\u00e4 yrityksi\u00e4.<br \/>-Messuosastot ovat t\u00e4yttyneet mukavasti, yritykset ovat taas innolla mukana. On ollut kiva kokemus tutustua salolaisin yritt\u00e4jiin; messujen j\u00e4rjest\u00e4misess\u00e4 on ihan oma positiivinen fiiliksens\u00e4, Kullanm\u00e4ki sanoo.<br \/>-Messujen erityisen\u00e4 teemana on t\u00e4n\u00e4 vuonna hyvinvointi.<\/p>\n<p>Lauantaina messulavalla n\u00e4hd\u00e4\u00e4n liikuntal\u00e4\u00e4ketieteen erikoisl\u00e4\u00e4k\u00e4ri Pippa Laukka, joka kertoo ajatuksiaan hyvinvoinnista kahdesti p\u00e4iv\u00e4n aikana. Lis\u00e4ksi lavalle nousee maailmankuulu mentalisti Noora Karma, joka tuo messuille kaksi maagista show\u2019taan.<br \/>-Sunnuntaina ohjelmassa on muotin\u00e4yt\u00f6s, jonka juontaa televisiosta tuttu Krisse Salminen. P\u00e4iv\u00e4\u00e4n kuuluu my\u00f6s hyv\u00e4ntekev\u00e4isyyshuutokauppa, jossa meklarina toimii Saku Nikkanen. Huutokaupan tuotto ohjataan salolaisten lasten ja nuorten syrj\u00e4ytymisen ehk\u00e4isemiseen, Virtanen kertoo.<\/p>\n<p>Salon Seudun Elinkeinomessut ry:n puheenjohtaja Jukka Alanko kertoo, ett\u00e4 messuista halutaan salolaisille ja t\u00e4nne tuleville vieraille sek\u00e4 hy\u00f6dyllinen ett\u00e4 el\u00e4myksellinen kokonaisuus.<br \/>\u2013Salon Messut yhdist\u00e4\u00e4 huvin ja hy\u00f6dyn. N\u00e4ytteilleasettajien lis\u00e4ksi haluamme tarjota k\u00e4vij\u00f6ille laadukasta ohjelmaa, tunnettuja esiintyji\u00e4 ja mahdollisuuksia hyv\u00e4n tekemiseen.<\/p>\n<p>H\u00e4n n\u00e4kee Salon Messut ennen kaikkea kohtaamispaikkana.<br \/>-T\u00e4\u00e4ll\u00e4 syntyy uusia kontakteja, ideoita ja yhteisty\u00f6t\u00e4 koko Salon seudun hyv\u00e4ksi, Alanko sanoo.<\/p>\n<p>My\u00f6s Salon iltatorin ensi kes\u00e4n ohjelmisto julkistetaan messuilla viikonvaihteen aikana.<\/p>\n<p>Iltatoriyhdistyksen puheenjohtaja Antti Ketonen kertoo saaneensa iltatorien artistisopimukset valmiiksi ja keskittyv\u00e4ns\u00e4 parhaillaan uuden albuminsa julkaisuun.<br \/>-Tulossa on kaikkien aikojen kes\u00e4 esiintyjien suhteen. Yritykset ovat todella panostaneet artisteihin, Ketonen kertoo.<\/p>\n<p>Salon Messut ovat avoinna lauantaina ja sunnuntaina Salohallissa.<\/p>\n<p>Messualueelta on saatavissa lounasta ja my\u00f6s messukahvio ja viinibaari palvelevat.<\/p>\n<p>Pys\u00e4k\u00f6inti on maksutonta.<\/p>\n<p><strong>Pekka M\u00e4enp\u00e4\u00e4<\/strong><\/p>\n<p><a href=\"https:\/\/www.salonjokilaakso.net\/wp-content\/uploads\/2026\/01\/L02-26-PM-Salon-Messut-naiskaksikko.jpg\" rel=\"nofollow noopener\" target=\"_blank\"><img loading=\"lazy\" decoding=\"async\" width=\"1024\" height=\"768\" src=\"https:\/\/www.europesays.com\/fi\/wp-content\/uploads\/2026\/01\/L02-26-PM-Salon-Messut-naiskaksikko-1024x768.jpg\" alt=\"Myyntip\u00e4\u00e4llikk\u00f6 Sari Kullanm\u00e4ki ja messukoordinaattori P\u00e4ivi Virtanen toivottavat vieraat tervetulleeksi Salon Messuille Salohalliin.&#10;\" class=\"wp-image-17715\"  \/><\/a>Myyntip\u00e4\u00e4llikk\u00f6 Sari Kullanm\u00e4ki ja messukoordinaattori P\u00e4ivi Virtanen toivottavat vieraat tervetulleeksi Salon Messuille Salohalliin.<\/p>\n","protected":false},"excerpt":{"rendered":"Muotin\u00e4yt\u00f6s ja hyv\u00e4ntekev\u00e4isyyshuutokauppa ovat Salon Messujen suosituimpia ohjelmanumeroita. Perinteiset Salon Messut j\u00e4rjestet\u00e4\u00e4n viikonloppuna Salohallissa 10.-11.tammikuuta. N\u00e4ht\u00e4vill\u00e4 on l\u00e4hes&hellip;\n","protected":false},"author":2,"featured_media":135614,"comment_status":"","ping_status":"","sticky":false,"template":"","format":"standard","meta":{"footnotes":""},"categories":[130],"tags":[137,33,31,30,32,109],"class_list":{"0":"post-135613","1":"post","2":"type-post","3":"status-publish","4":"format-standard","5":"has-post-thumbnail","7":"category-viihde","8":"tag-entertainment","9":"tag-fi","10":"tag-finland","11":"tag-finnish","12":"tag-suomi","13":"tag-viihde"},"share_on_mastodon":{"url":"https:\/\/pubeurope.com\/@fi\/115852546063578145","error":""},"_links":{"self":[{"href":"https:\/\/www.europesays.com\/fi\/wp-json\/wp\/v2\/posts\/135613","targetHints":{"allow":["GET"]}}],"collection":[{"href":"https:\/\/www.europesays.com\/fi\/wp-json\/wp\/v2\/posts"}],"about":[{"href":"https:\/\/www.europesays.com\/fi\/wp-json\/wp\/v2\/types\/post"}],"author":[{"embeddable":true,"href":"https:\/\/www.europesays.com\/fi\/wp-json\/wp\/v2\/users\/2"}],"replies":[{"embeddable":true,"href":"https:\/\/www.europesays.com\/fi\/wp-json\/wp\/v2\/comments?post=135613"}],"version-history":[{"count":0,"href":"https:\/\/www.europesays.com\/fi\/wp-json\/wp\/v2\/posts\/135613\/revisions"}],"wp:featuredmedia":[{"embeddable":true,"href":"https:\/\/www.europesays.com\/fi\/wp-json\/wp\/v2\/media\/135614"}],"wp:attachment":[{"href":"https:\/\/www.europesays.com\/fi\/wp-json\/wp\/v2\/media?parent=135613"}],"wp:term":[{"taxonomy":"category","embeddable":true,"href":"https:\/\/www.europesays.com\/fi\/wp-json\/wp\/v2\/categories?post=135613"},{"taxonomy":"post_tag","embeddable":true,"href":"https:\/\/www.europesays.com\/fi\/wp-json\/wp\/v2\/tags?post=135613"}],"curies":[{"name":"wp","href":"https:\/\/api.w.org\/{rel}","templated":true}]}}