{"id":135616,"date":"2026-01-07T07:08:10","date_gmt":"2026-01-07T07:08:10","guid":{"rendered":"https:\/\/www.europesays.com\/fi\/135616\/"},"modified":"2026-01-07T07:08:10","modified_gmt":"2026-01-07T07:08:10","slug":"rubiolta-valiintulo-hyokkayspuheisiin-trump-haluaa-ostaa-gronlannin","status":"publish","type":"post","link":"https:\/\/www.europesays.com\/fi\/135616\/","title":{"rendered":"Rubiolta v\u00e4liintulo hy\u00f6kk\u00e4yspuheisiin: \u201dTrump haluaa ostaa Gr\u00f6nlannin\u201d"},"content":{"rendered":"<p>Wall Street Journalin mukaan ulkoministeri Marco Rubio v\u00e4h\u00e4ttelee sotilaallisen toiminnan mahdollisuutta ja sanoo tavoitteena olevan nimenomaan Gr\u00f6nlannin ostaminen.<\/p>\n<p><img decoding=\"async\" class=\"image image-show image-preview\" src=\"https:\/\/www.europesays.com\/fi\/wp-content\/uploads\/2025\/11\/25ccdcad66e21528669c50b261aa6d304fdf320019a85f838e9a8d4581eb57b9.jpg\" alt=\"\"\/><img decoding=\"async\" class=\"image image-show\" src=\"https:\/\/www.europesays.com\/fi\/wp-content\/uploads\/2025\/11\/1764210249_138_25ccdcad66e21528669c50b261aa6d304fdf320019a85f838e9a8d4581eb57b9.jpg\" alt=\"\"\/><\/p>\n<p>Wall Street Journalin tietojen mukaan Rubio puhui yhdysvaltalaisille lains\u00e4\u00e4t\u00e4jille maanantaina. ZumaWire \/ MVPHOTOS<\/p>\n<p class=\"paragraph\">Ulkoministeri <a href=\"https:\/\/www.iltalehti.fi\/henkilot\/Marco Rubio\" class=\"article-link-person-page\" rel=\"nofollow noopener\" target=\"_blank\">Marco Rubion<\/a> mukaan Trumpin hallinnon viimeaikaiset uhkaukset Gr\u00f6nlantia kohtaan eiv\u00e4t tarkoita v\u00e4lit\u00f6nt\u00e4 hy\u00f6kk\u00e4yst\u00e4.<\/p>\n<p class=\"paragraph\">Sotilaskeinoista puhumisesta huolimatta tavoitteena on Rubion mukaan edelleen ostaa saari Tanskalta. Rubion kommenteista uutisoi <a href=\"https:\/\/www.wsj.com\/politics\/national-security\/rubio-tells-lawmakers-trump-aims-to-buy-greenland-downplays-military-action-5c94e05c\" rel=\"noopener nofollow\" target=\"_blank\">Wall Street Journal<\/a>.<\/p>\n<p class=\"paragraph\">Rubion mukaan Valkoinen talo k\u00e4ytt\u00e4\u00e4 kyseist\u00e4 retoriikkaa painostaakseen Tanskaa neuvotteluihin. Rubio antoi Wall Street Journalin mukaan lausunnot maanantaina  Yhdysvaltain kongressille ja lains\u00e4\u00e4t\u00e4jille suljettujen ovien takana. Samanaikaisesti Valkoinen talo on antanut yh\u00e4 aggressiivisempia lausuntoja saaren hallintatavoitteista.<\/p>\n<p class=\"paragraph\">Lehdist\u00f6sihteeri <a href=\"https:\/\/www.iltalehti.fi\/henkilot\/Karoline Leavitt\" class=\"article-link-person-page\" rel=\"nofollow noopener\" target=\"_blank\">Karoline Leavitt<\/a> sanoi AFP:lle antamassaan tiistaisessa lausunnossa, ett\u00e4 armeijan k\u00e4ytt\u00f6 on yksi Trumpin harkitsemista vaihtoehdoista.<\/p>\n<p class=\"paragraph\">Leavittin mukaan Gr\u00f6nlannin hankkiminen on Yhdysvaltojen \u201dkansallinen turvallisuusprioriteetti&#8221; Ven\u00e4j\u00e4n ja Kiinan kaltaisten vastustajien pelottelemiseksi.<\/p>\n<p class=\"paragraph\">\u2013 Presidentti ja h\u00e4nen tiimins\u00e4 keskustelevat useista vaihtoehdoista t\u00e4m\u00e4n t\u00e4rke\u00e4n ulkopoliittisen tavoitteen saavuttamiseksi. Tietenkin Yhdysvaltain armeijan k\u00e4ytt\u00f6 on aina ylip\u00e4\u00e4llik\u00f6n k\u00e4ytett\u00e4viss\u00e4 oleva vaihtoehto, Leavitt totesi tiistai-iltana AFP:lle antamassaan lausunnossa.<\/p>\n<p class=\"paragraph\">Reutersin haastatteleman virkamiehen mukaan Trumpin pyrkimys ottaa Gr\u00f6nlanti haltuun ei katoa mihink\u00e4\u00e4n. Trump on virkaan astuttuaan toistanut useaan otteeseen halunsa liitt\u00e4\u00e4 Gr\u00f6nlanti Yhdysvaltoihin. WSJ:n mukaan Gr\u00f6nlannin ostaminen oli Trumpin toiveissa jo h\u00e4nen ensimm\u00e4isell\u00e4 presidenttikaudellaan.<\/p>\n<p class=\"paragraph\">Toistaiseksi on ep\u00e4selv\u00e4\u00e4, pyrkik\u00f6 Rubio puheillaan rauhoittelemaan lains\u00e4\u00e4t\u00e4jien huolenaiheita. Trump on jo pitk\u00e4\u00e4n antanut ymm\u00e4rt\u00e4\u00e4, ett\u00e4 h\u00e4n haluaa Gr\u00f6nlannin hallintaansa. Lis\u00e4ksi h\u00e4n on valmis k\u00e4ytt\u00e4m\u00e4\u00e4n tilanteen vaatimia keinoja, jotta Tanska luovuttaisi Gr\u00f6nlannin Yhdysvalloille.<\/p>\n<p class=\"paragraph\">Wall Street Journalin haastattelemat Yhdysvaltain ja Euroopan virkamiehet eiv\u00e4t toistaiseksi ole n\u00e4hneet merkkej\u00e4 siit\u00e4, ett\u00e4 Valkoinen talo valmistelisi hy\u00f6kk\u00e4yst\u00e4 Gr\u00f6nlantiin.<\/p>\n<p class=\"paragraph\">Rubio tai ulkoministeri\u00f6 eiv\u00e4t v\u00e4litt\u00f6m\u00e4sti vastanneet Wall Street Journalin kommenttipyynt\u00f6\u00f6n.<\/p>\n","protected":false},"excerpt":{"rendered":"Wall Street Journalin mukaan ulkoministeri Marco Rubio v\u00e4h\u00e4ttelee sotilaallisen toiminnan mahdollisuutta ja sanoo tavoitteena olevan nimenomaan Gr\u00f6nlannin ostaminen.&hellip;\n","protected":false},"author":2,"featured_media":135617,"comment_status":"","ping_status":"","sticky":false,"template":"","format":"standard","meta":{"footnotes":""},"categories":[14],"tags":[35,22,23,26,27,33,31,30,17,24,25,28,29,15,18,21,142,637,144,32,19,20,56,16,638,59,60,61,143],"class_list":{"0":"post-135616","1":"post","2":"type-post","3":"status-publish","4":"format-standard","5":"has-post-thumbnail","7":"category-ulkomaat","8":"tag-24h","9":"tag-breaking-news","10":"tag-breakingnews","11":"tag-featured-news","12":"tag-featurednews","13":"tag-fi","14":"tag-finland","15":"tag-finnish","16":"tag-headlines","17":"tag-latest-news","18":"tag-latestnews","19":"tag-main-news","20":"tag-mainnews","21":"tag-news","22":"tag-otsikot","23":"tag-paauutiset","24":"tag-poliitikot","25":"tag-politiikka","26":"tag-presidentti","27":"tag-suomi","28":"tag-top-stories","29":"tag-topstories","30":"tag-ulkomaat","31":"tag-uutiset","32":"tag-valtiovalta","33":"tag-world","34":"tag-world-news","35":"tag-worldnews","36":"tag-yhdysvaltain-politiikka"},"share_on_mastodon":{"url":"https:\/\/pubeurope.com\/@fi\/115852569753530398","error":""},"_links":{"self":[{"href":"https:\/\/www.europesays.com\/fi\/wp-json\/wp\/v2\/posts\/135616","targetHints":{"allow":["GET"]}}],"collection":[{"href":"https:\/\/www.europesays.com\/fi\/wp-json\/wp\/v2\/posts"}],"about":[{"href":"https:\/\/www.europesays.com\/fi\/wp-json\/wp\/v2\/types\/post"}],"author":[{"embeddable":true,"href":"https:\/\/www.europesays.com\/fi\/wp-json\/wp\/v2\/users\/2"}],"replies":[{"embeddable":true,"href":"https:\/\/www.europesays.com\/fi\/wp-json\/wp\/v2\/comments?post=135616"}],"version-history":[{"count":0,"href":"https:\/\/www.europesays.com\/fi\/wp-json\/wp\/v2\/posts\/135616\/revisions"}],"wp:featuredmedia":[{"embeddable":true,"href":"https:\/\/www.europesays.com\/fi\/wp-json\/wp\/v2\/media\/135617"}],"wp:attachment":[{"href":"https:\/\/www.europesays.com\/fi\/wp-json\/wp\/v2\/media?parent=135616"}],"wp:term":[{"taxonomy":"category","embeddable":true,"href":"https:\/\/www.europesays.com\/fi\/wp-json\/wp\/v2\/categories?post=135616"},{"taxonomy":"post_tag","embeddable":true,"href":"https:\/\/www.europesays.com\/fi\/wp-json\/wp\/v2\/tags?post=135616"}],"curies":[{"name":"wp","href":"https:\/\/api.w.org\/{rel}","templated":true}]}}