{"id":135620,"date":"2026-01-07T07:10:07","date_gmt":"2026-01-07T07:10:07","guid":{"rendered":"https:\/\/www.europesays.com\/fi\/135620\/"},"modified":"2026-01-07T07:10:07","modified_gmt":"2026-01-07T07:10:07","slug":"espoossa-paivitetaan-pysakoinnin-merkintoja-osa-pysakointipaikoista-muuttuu-tai-poistuu","status":"publish","type":"post","link":"https:\/\/www.europesays.com\/fi\/135620\/","title":{"rendered":"Espoossa p\u00e4ivitet\u00e4\u00e4n pys\u00e4k\u00f6innin merkint\u00f6j\u00e4 \u2013 osa pys\u00e4k\u00f6intipaikoista muuttuu tai poistuu"},"content":{"rendered":"<p>Kes\u00e4kuussa 2020 voimaan tullut uusi tieliikennelaki toi muutoksia pys\u00e4k\u00f6intikieltoalueiden sis\u00e4ll\u00e4 olevan pys\u00e4k\u00f6innin merkitsemisk\u00e4yt\u00e4nt\u00f6ihin. Uuden lain mukaan pys\u00e4k\u00f6intikieltoalueilla ei en\u00e4\u00e4 saa merkit\u00e4 pys\u00e4k\u00f6intipaikkoja kielto-\/rajoitusmerkein, vaan jatkossa pys\u00e4k\u00f6inti merkit\u00e4\u00e4n s\u00e4\u00e4nt\u00f6merkein ja tiemerkinn\u00f6in. Yleens\u00e4 k\u00e4ytet\u00e4\u00e4n sinist\u00e4 P-merkki\u00e4 (liikennemerkki \u201dE2 pys\u00e4k\u00f6intipaikka\u201d) ja pys\u00e4k\u00f6intiruudun rajaavaa valkoista tiemerkint\u00e4\u00e4. Joissakin tapauksessa pys\u00e4k\u00f6intikieltoalue on poistettu kokonaan, jolloin pys\u00e4k\u00f6intipaikat voi merkit\u00e4 liikennemerkill\u00e4 \u201dC38 Pys\u00e4k\u00f6inti kielletty\u201d ja aikarajoitusta ilmaisevilla lis\u00e4kilvill\u00e4.<\/p>\n<p>Espoon kaupunki on k\u00e4ynyt systemaattisesti l\u00e4pi koko kaupungin katuverkoston, ja ty\u00f6n tuloksena pys\u00e4k\u00f6intikieltoalueiden merkint\u00f6j\u00e4 on selkeytetty ja tehostettu. Pys\u00e4k\u00f6intipaikat on muutettu vastaamaan voimassa olevan lains\u00e4\u00e4d\u00e4nn\u00f6n ja kaupunkisuunnittelun tavoitteita. Lis\u00e4ksi on huomioitu katujen leveyksi\u00e4 ja n\u00e4kemi\u00e4 tonttiliittymiss\u00e4, jotta pelastusliikenne, talvikunnossapito, j\u00e4tehuolto ja asukkaiden kulkeminen tonteille olisi turvallista ja riitt\u00e4v\u00e4n sujuvaa. Muutokset voivat tarkoittaa esimerkiksi pys\u00e4k\u00f6intipaikkojen siirt\u00e4mist\u00e4, selke\u00e4mp\u00e4\u00e4 merkitsemist\u00e4 tai poistamista. Tavoitteena on, ett\u00e4 pys\u00e4k\u00f6inti Espoossa olisi kaikille selke\u00e4mp\u00e4\u00e4 ja turvallisempaa. Uusi k\u00e4yt\u00e4nt\u00f6 tukee my\u00f6s kaupungin pys\u00e4k\u00f6inninvalvontaa ja v\u00e4hent\u00e4\u00e4 ep\u00e4selvi\u00e4 tilanteita.<\/p>\n<p>Kaupunki toteuttaa muutokset maastoon vaiheittain vuoden 2026 alusta alkaen. Katujen k\u00e4ytt\u00e4ji\u00e4 pyydet\u00e4\u00e4n kiinnitt\u00e4m\u00e4\u00e4n erityist\u00e4 huomiota alueen pys\u00e4k\u00f6intimerkkeihin, jotka ilmaisevat sallitut pys\u00e4k\u00f6intipaikat ja rajoitukset. Tiedotteen lopussa olevista linkeist\u00e4 voi ladata kartan ja luettelon kaduista, joilla muutoksia tapahtuu.<\/p>\n<p>Anna palautetta:<\/p>\n<p><a href=\"https:\/\/easiointi.espoo.fi\/efeedback\/\" rel=\"noopener nofollow\" target=\"_blank\" class=\"sc-4c96a3f9-0 DhGST\">Siirry Espoon kaupungin palautepalveluun(ulkoinen linkki, avautuu uuteen ikkunaan)<\/a><\/p>\n<p>\u00a0<\/p>\n","protected":false},"excerpt":{"rendered":"Kes\u00e4kuussa 2020 voimaan tullut uusi tieliikennelaki toi muutoksia pys\u00e4k\u00f6intikieltoalueiden sis\u00e4ll\u00e4 olevan pys\u00e4k\u00f6innin merkitsemisk\u00e4yt\u00e4nt\u00f6ihin. Uuden lain mukaan pys\u00e4k\u00f6intikieltoalueilla ei&hellip;\n","protected":false},"author":2,"featured_media":135621,"comment_status":"","ping_status":"","sticky":false,"template":"","format":"standard","meta":{"footnotes":""},"categories":[5],"tags":[22,23,26,27,33,31,30,17,24,25,28,29,15,18,21,32,19,20,16],"class_list":{"0":"post-135620","1":"post","2":"type-post","3":"status-publish","4":"format-standard","5":"has-post-thumbnail","7":"category-otsikot","8":"tag-breaking-news","9":"tag-breakingnews","10":"tag-featured-news","11":"tag-featurednews","12":"tag-fi","13":"tag-finland","14":"tag-finnish","15":"tag-headlines","16":"tag-latest-news","17":"tag-latestnews","18":"tag-main-news","19":"tag-mainnews","20":"tag-news","21":"tag-otsikot","22":"tag-paauutiset","23":"tag-suomi","24":"tag-top-stories","25":"tag-topstories","26":"tag-uutiset"},"share_on_mastodon":{"url":"https:\/\/pubeurope.com\/@fi\/115852570028540356","error":""},"_links":{"self":[{"href":"https:\/\/www.europesays.com\/fi\/wp-json\/wp\/v2\/posts\/135620","targetHints":{"allow":["GET"]}}],"collection":[{"href":"https:\/\/www.europesays.com\/fi\/wp-json\/wp\/v2\/posts"}],"about":[{"href":"https:\/\/www.europesays.com\/fi\/wp-json\/wp\/v2\/types\/post"}],"author":[{"embeddable":true,"href":"https:\/\/www.europesays.com\/fi\/wp-json\/wp\/v2\/users\/2"}],"replies":[{"embeddable":true,"href":"https:\/\/www.europesays.com\/fi\/wp-json\/wp\/v2\/comments?post=135620"}],"version-history":[{"count":0,"href":"https:\/\/www.europesays.com\/fi\/wp-json\/wp\/v2\/posts\/135620\/revisions"}],"wp:featuredmedia":[{"embeddable":true,"href":"https:\/\/www.europesays.com\/fi\/wp-json\/wp\/v2\/media\/135621"}],"wp:attachment":[{"href":"https:\/\/www.europesays.com\/fi\/wp-json\/wp\/v2\/media?parent=135620"}],"wp:term":[{"taxonomy":"category","embeddable":true,"href":"https:\/\/www.europesays.com\/fi\/wp-json\/wp\/v2\/categories?post=135620"},{"taxonomy":"post_tag","embeddable":true,"href":"https:\/\/www.europesays.com\/fi\/wp-json\/wp\/v2\/tags?post=135620"}],"curies":[{"name":"wp","href":"https:\/\/api.w.org\/{rel}","templated":true}]}}