{"id":135624,"date":"2026-01-07T07:26:08","date_gmt":"2026-01-07T07:26:08","guid":{"rendered":"https:\/\/www.europesays.com\/fi\/135624\/"},"modified":"2026-01-07T07:26:08","modified_gmt":"2026-01-07T07:26:08","slug":"critics-choice-awards-gaalan-ruokatarjoilut-lytataan-somessa","status":"publish","type":"post","link":"https:\/\/www.europesays.com\/fi\/135624\/","title":{"rendered":"Critics Choice Awards -gaalan ruokatarjoilut lyt\u00e4t\u00e4\u00e4n somessa"},"content":{"rendered":"<p>Critics Choice Awards -gaalan ruokatarjoiluja on ihmetelty somessa.<\/p>\n<p class=\"article-body mb-nof-24 px-nof-16\">Hollywoodin kerma kokoontui yhteen sunnuntaina 4. tammikuuta Critics Choice Awards -gaalassa. Illassa riitti kimallusta, mutta ruokatarjoilut saattoivat j\u00e4tt\u00e4\u00e4 toivomisen varaa \u2013 ja n\u00e4l\u00e4n kurnimaan vatsaan.<\/p>\n<p class=\"article-body mb-nof-24 px-nof-16\"><a class=\"underline underline-offset-[0.12em] [text-decoration-thickness:var(--generic-link-underline-thickness)] [text-decoration-color:var(--generic-link-underline-color)] [text-decoration-skip-ink:var(--generic-link-underline-skip-ink)] break-words\" href=\"https:\/\/people.com\/internet-roasts-critics-choice-awards-food-after-photo-goes-viral-11879618\" rel=\"nofollow noopener\" target=\"_blank\">People<\/a>-lehti kertoo, ett\u00e4 elokuva-alan gaalassa tarjottu ruoka on noussut sosiaalisessa mediassa ihmetyksen aiheeksi. New York Timesin toimittaja <a class=\"font-bold underline-offset-[0.12em] [text-decoration:var(--person-link-text-decoration)] ![text-decoration-color:var(--person-link-text-decoration-color)]\" href=\"https:\/\/www.is.fi\/haku\/?query=Kyle%20Buchanan\" rel=\"nofollow noopener\" target=\"_blank\">Kyle Buchanan <\/a>julkaisi X-tilill\u00e4\u00e4n kuvan gaalassa tarjotusta ruokalautasesta, jota on kommentoitu sankoin joukoin.<\/p>\n<p class=\"article-body mb-nof-24 px-nof-16\">\u2013 Hei t\u00e4\u00e4lt\u00e4 Critics Choice -gaalasta ja illalliseltamme, t\u00e4m\u00e4n snack-lautasen \u00e4\u00e4relt\u00e4, Buchanan kirjoittaa julkaisussaan.<\/p>\n<p class=\"article-body mb-nof-24 px-nof-16\">Lautaselle on aseteltu muun muassa juustoja, viiniryp\u00e4leit\u00e4, keksej\u00e4, hummusta ja luumutomaatteja.<\/p>\n<p class=\"article-body mb-nof-24 px-nof-16\">Kuvan alle on kertynyt h\u00e4mm\u00e4stelevi\u00e4 kommentteja.<\/p>\n<p class=\"article-body mb-nof-24 px-nof-16\">\u2013 N\u00e4ytt\u00e4\u00e4 lentokoneruoalta.<\/p>\n<p class=\"article-body mb-nof-24 px-nof-16\">\u2013 T\u00e4t\u00e4k\u00f6 teille todella siell\u00e4 tarjotaan?<\/p>\n<p class=\"article-body mb-nof-24 px-nof-16\">\u2013 Halvimman n\u00e4k\u00f6inen napostelulautanen koskaan.<\/p>\n<p class=\"article-body mb-nof-24 px-nof-16\">\u2013 Alalla n\u00e4ytt\u00e4\u00e4 todellakin olevan vaikeaa.<\/p>\n<p class=\"article-body mb-nof-24 px-nof-16\">Useammassa kommentissa on esitetty vertauksia my\u00f6s pahamaineisen Fyre Festivalin ruokiin. Surullisenkuuluisalta festivaalilta l\u00e4hti levi\u00e4m\u00e4\u00e4n kuvia varsin vaatimattoman n\u00e4k\u00f6isist\u00e4 voileip\u00e4annoksista. Kuvista tuli er\u00e4\u00e4nlainen symboli katastrofaaliselle tapahtumalle, jota oli mainostettu suurenakin luksuksena.<\/p>\n<p><img decoding=\"async\" src=\"https:\/\/www.europesays.com\/fi\/wp-content\/uploads\/2026\/01\/1767770768_104_468.jpg\" alt=\"Timoth\u00e9e Chalamet palkittiin parhaana n\u00e4yttelij\u00e4n\u00e4 gaalassa. H\u00e4n kiitti palkintopuheessaan kumppaniaan Kylie Jenneri\u00e4.\" class=\"_Img_1rerz_1\" style=\"aspect-ratio:1.5011727912431587\" loading=\"eager\"\/><\/p>\n<p class=\"article-picture-caption\">Timoth\u00e9e Chalamet palkittiin parhaana n\u00e4yttelij\u00e4n\u00e4 gaalassa. H\u00e4n kiitti palkintopuheessaan kumppaniaan Kylie Jenneri\u00e4. Kuva:\u00a0REUTERS\/Mario Anzuoni<\/p>\n<p class=\"article-body mb-nof-24 px-nof-16\">Napostelulautaset huomioitiin my\u00f6s yhdess\u00e4 palkintopuheessa. Abbott Elementary -sarjan <a class=\"font-bold underline-offset-[0.12em] [text-decoration:var(--person-link-text-decoration)] ![text-decoration-color:var(--person-link-text-decoration-color)]\" href=\"https:\/\/www.is.fi\/haku\/?query=Janelle%20James\" rel=\"nofollow noopener\" target=\"_blank\">Janelle James <\/a>pokkasi palkinnon parhaasta sivuosasta eik\u00e4 malttanut olla virnuilematta gaalassa tarjotulle murkinalle.<\/p>\n<p class=\"article-body mb-nof-24 px-nof-16\">\u2013 Parasta siin\u00e4, ett\u00e4 olen ollut ehdolla jo nelj\u00e4 kertaa, on se, ett\u00e4 olen tajunnut, ettei meit\u00e4 ruokita t\u00e4\u00e4ll\u00e4. Se on joka vuosi vain viiniryp\u00e4leit\u00e4 ja j\u00e4\u00e4tel\u00f6\u00e4, mutta t\u00e4m\u00e4 hyvitt\u00e4\u00e4 sen, James sanoi palkintoonsa viitaten.<\/p>\n<p class=\"article-body mb-nof-24 px-nof-16\">Gaalassa parhaana elokuvana palkittiin <a class=\"font-bold underline-offset-[0.12em] [text-decoration:var(--person-link-text-decoration)] ![text-decoration-color:var(--person-link-text-decoration-color)]\" href=\"https:\/\/www.is.fi\/haku\/?query=Leonardo%20DiCaprion\" rel=\"nofollow noopener\" target=\"_blank\">Leonardo DiCaprion<\/a> t\u00e4hditt\u00e4m\u00e4 One Battle After Another. Parhaan n\u00e4yttelij\u00e4n pystin nappasi<a class=\"font-bold underline-offset-[0.12em] [text-decoration:var(--person-link-text-decoration)] ![text-decoration-color:var(--person-link-text-decoration-color)]\" href=\"https:\/\/www.is.fi\/haku\/?query=%20Timot%C3%A9e%20Chalamet\" rel=\"nofollow noopener\" target=\"_blank\"> Timot\u00e9e Chalamet<\/a> elokuvasta Marty Supreme.<\/p>\n","protected":false},"excerpt":{"rendered":"Critics Choice Awards -gaalan ruokatarjoiluja on ihmetelty somessa. Hollywoodin kerma kokoontui yhteen sunnuntaina 4. tammikuuta Critics Choice Awards&hellip;\n","protected":false},"author":2,"featured_media":135625,"comment_status":"","ping_status":"","sticky":false,"template":"","format":"standard","meta":{"footnotes":""},"categories":[132],"tags":[137,33,31,30,34,195,47,32,109],"class_list":{"0":"post-135624","1":"post","2":"type-post","3":"status-publish","4":"format-standard","5":"has-post-thumbnail","7":"category-musiikki","8":"tag-entertainment","9":"tag-fi","10":"tag-finland","11":"tag-finnish","12":"tag-ilta-sanomat","13":"tag-music","14":"tag-musiikki","15":"tag-suomi","16":"tag-viihde"},"share_on_mastodon":{"url":"https:\/\/pubeurope.com\/@fi\/115852632810914679","error":""},"_links":{"self":[{"href":"https:\/\/www.europesays.com\/fi\/wp-json\/wp\/v2\/posts\/135624","targetHints":{"allow":["GET"]}}],"collection":[{"href":"https:\/\/www.europesays.com\/fi\/wp-json\/wp\/v2\/posts"}],"about":[{"href":"https:\/\/www.europesays.com\/fi\/wp-json\/wp\/v2\/types\/post"}],"author":[{"embeddable":true,"href":"https:\/\/www.europesays.com\/fi\/wp-json\/wp\/v2\/users\/2"}],"replies":[{"embeddable":true,"href":"https:\/\/www.europesays.com\/fi\/wp-json\/wp\/v2\/comments?post=135624"}],"version-history":[{"count":0,"href":"https:\/\/www.europesays.com\/fi\/wp-json\/wp\/v2\/posts\/135624\/revisions"}],"wp:featuredmedia":[{"embeddable":true,"href":"https:\/\/www.europesays.com\/fi\/wp-json\/wp\/v2\/media\/135625"}],"wp:attachment":[{"href":"https:\/\/www.europesays.com\/fi\/wp-json\/wp\/v2\/media?parent=135624"}],"wp:term":[{"taxonomy":"category","embeddable":true,"href":"https:\/\/www.europesays.com\/fi\/wp-json\/wp\/v2\/categories?post=135624"},{"taxonomy":"post_tag","embeddable":true,"href":"https:\/\/www.europesays.com\/fi\/wp-json\/wp\/v2\/tags?post=135624"}],"curies":[{"name":"wp","href":"https:\/\/api.w.org\/{rel}","templated":true}]}}