{"id":135630,"date":"2026-01-07T07:30:07","date_gmt":"2026-01-07T07:30:07","guid":{"rendered":"https:\/\/www.europesays.com\/fi\/135630\/"},"modified":"2026-01-07T07:30:07","modified_gmt":"2026-01-07T07:30:07","slug":"sonja-aiello-suhdepaljastus-seiska","status":"publish","type":"post","link":"https:\/\/www.europesays.com\/fi\/135630\/","title":{"rendered":"Sonja Aiello: Suhdepaljastus! | Seiska"},"content":{"rendered":"<p>\n            20250820 HELSINKI. Erikoisjoukot-pressi. SONJA AIELLO. KUVA: ATTE KAJOVA<br \/>\n            ATTE KAJOVA\n        <\/p>\n<p class=\"subtitle \">Fitnessvaikuttajan yksityisel\u00e4m\u00e4st\u00e4 on tihkunut uutta tietoa.<\/p>\n<p class=\"article-content article-content-width !bg-background\">  kertoo tuoreita kuulumisiaan sosiaalisessa mediassa.<\/p>\n<p class=\"font-weight-bold m-font-weight-bold article-content article-content-width !bg-background\">Arkistovideo: Sonja Aiello Seiskan nopeatempoisessa haastattelussa<\/p>\n<p class=\"article-content article-content-width !bg-background\">Sonja pyysi someseuraajiaan l\u00e4hett\u00e4m\u00e4\u00e4n kysymyksi\u00e4, joihin h\u00e4n my\u00f6s vastasi <a href=\"https:\/\/www.instagram.com\/stories\/sonjaaiello\/3803548657724003347\/?hl=en\" target=\"_blank\" rel=\"nofollow noopener\">Instagram-videotarinoissaan<\/a>.<\/p>\n<p class=\"article-content article-content-width !bg-background\">Niin sanotut Instagram-stoorit poistuvat 24 tuntia niiden julkaisusta.<\/p>\n<p>Sonja vahvistaa: Olen sinkku<\/p>\n<p class=\"article-content article-content-width !bg-background\">Sonjalta esimerkiksi tiedusteltiin vinkkej\u00e4 siihen, miten kipe\u00e4st\u00e4 erosta voi p\u00e4\u00e4st\u00e4 yli. Fitnessvaikuttaja muun muassa totesi, ett\u00e4 aika parantaa haavat.<\/p>\n<p class=\"article-content article-content-width !bg-background\">\u2013 Ota se oma aika ja k\u00e4sittele asioita. Mieti, millainen sin\u00e4 haluat olla, Sonja sanoi somevideollaan.<\/p>\n<p class=\"article-content article-content-width !bg-background\">Yksi seuraaja halusi tiet\u00e4\u00e4, onko Sonja t\u00e4ll\u00e4 hetkell\u00e4 sinkku vai varattu.<\/p>\n<p class=\"article-content article-content-width !bg-background\">\u2013 Ootko parisuhteessa tai tapailetko, kysymyksess\u00e4 luki.<\/p>\n<p>        <a itemprop=\"url\" href=\"https:\/\/www.seiska.fi\/kotimaa\/mitah-sonja-aiello-yllatti-maailmantahden-seurassa-1\/1845254\" rel=\"nofollow noopener\" target=\"_blank\"><\/p>\n<p>\nMit\u00e4h?!\n<\/p>\n<p class=\"section-date\">\n        <strong class=\"article-section\" data-section=\"kotimaa\"><br \/>\n            kotimaa<br \/>\n        <\/strong><br \/>\n        23.6.2025 13:03\n    <\/p>\n<p>Mit\u00e4h?! Sonja Aiello yll\u00e4tti maailmant\u00e4hden seurassa\n    <\/p>\n<p itemprop=\"description\" class=\"subtitle \">\n    Fitnessvaikuttajan hetket brittistaran kanssa eiv\u00e4t j\u00e4\u00e4neet huomaamatta.\n<\/p>\n<p>        <\/a><\/p>\n<p class=\"article-content article-content-width !bg-background\">Fitnessvaikuttaja antoi suoran vastauksen.<\/p>\n<p class=\"article-content article-content-width !bg-background\">\u2013 En, Sonja vastasi ytimekk\u00e4\u00e4sti.<\/p>\n<p class=\"article-content article-content-width !bg-background\">Sonja on siis edelleen sinkkumarkkinoilla.\u00a0<\/p>\n<p>Edelliset suhteet<\/p>\n<p class=\"article-content article-content-width !bg-background\">H\u00e4n erosi vuoden 2024 toukokuussa\u00a0ammattinyrkkeilij\u00e4  , eli  .<\/p>\n<p class=\"article-content article-content-width !bg-background\">Aiemmin Sonja seurusteli pitk\u00e4\u00e4n r\u00e4pp\u00e4ri eli  \u00a0kanssa.\u00a0<\/p>\n<p class=\"article-content article-content-width !bg-background\">Seiska uutisoi viime syksyn\u00e4 Sonjan suhdekuvioista.\u00a0<\/p>\n<p class=\"article-content article-content-width !bg-background\">Fitnessvaikuttaja bongattiin elokuussa Kotkasta, kun h\u00e4n seurasi er\u00e4st\u00e4 nyrkkeilytapahtumaa paikan p\u00e4\u00e4lt\u00e4.<\/p>\n<p>        <a itemprop=\"url\" href=\"https:\/\/www.seiska.fi\/vain-seiskassa\/salakuva-sonja-aiello-biletti-vapaaottelijan-seurassa\/1887913\" rel=\"nofollow noopener\" target=\"_blank\"><\/p>\n<p>\nSalakuva!\n<\/p>\n<p class=\"section-date\">\n        <strong class=\"article-section\" data-section=\"vain seiskassa\"><br \/>\n            vain seiskassa<br \/>\n        <\/strong><br \/>\n        2.8.2025 19:30\n    <\/p>\n<p>Salakuva! Sonja Aiello biletti julkkiskomistuksen seurassa\n    <\/p>\n<p itemprop=\"description\" class=\"subtitle \">\n    Sonja on seurustellut aiemmin sek\u00e4 nyrkkeilij\u00e4n ett\u00e4 r\u00e4pp\u00e4rin kanssa.\n<\/p>\n<p>        <\/a><\/p>\n<p class=\"article-content article-content-width !bg-background\"> Sonja ei poistunut paikalta yksin, vaan r\u00e4pp\u00e4ri   seurassa.<\/p>\n<p class=\"article-content article-content-width !bg-background\">Parin liikkeet k\u00e4ynnistiv\u00e4t huhumyllyn kaksikon v\u00e4leist\u00e4. Seiskan tavoittama Sonja\u00a0kuitenkin kiisti romanssihuhut.<\/p>\n<p class=\"article-content article-content-width !bg-background\">\u2013 Olen tuntenut Kevinin monta vuotta.<\/p>\n<p class=\"article-content article-content-width !bg-background\">\u2013 Siin\u00e4 ei ole mink\u00e4\u00e4nlaista \u2013 t\u00e4ysin yst\u00e4vyyssuhde, Sonja totesi Seiskalle.<\/p>\n<p>Fitnesskaunotar mukana Erikoisjoukoissa<\/p>\n<p class=\"article-content article-content-width !bg-background\">Sonja osallistui viime vuonna Erikoisjoukot-ohjelmaan.<\/p>\n<p class=\"article-content article-content-width !bg-background\">Sonja puhui sarjassa esimerkiksi pahoinpitelytuomiostaan. Kauden toisessa jaksossa kokelaat joutuivat nyrkkeilem\u00e4\u00e4n toisiaan vastaan. Teht\u00e4v\u00e4 aiheuttaa ep\u00e4mukavia tunteita monissa, my\u00f6s Sonjassa. H\u00e4n puhkesi kyyneliin\u00a0ennen keh\u00e4\u00e4n astumista.<\/p>\n<p>        <a itemprop=\"url\" href=\"https:\/\/www.seiska.fi\/katso\/sonja-aiello-tyly-seuraus-erikoisjoukot-kuvauksista\/2006793\" rel=\"nofollow noopener\" target=\"_blank\"><\/p>\n<p>\nSonja Aiello\n<\/p>\n<p class=\"section-date\">\n        <strong class=\"article-section\" data-section=\"katso\"><br \/>\n            katso<br \/>\n        <\/strong><br \/>\n        28.11.2025 17:15\n    <\/p>\n<p>Sonja Aiello: Tyly seuraus Erikoisjoukot-kuvauksista\n    <\/p>\n<p itemprop=\"description\" class=\"subtitle \">\n    Sonja Aiello kertoo Katsolle tunnelmistaan pudottuaan Erikoisjoukoista.\n<\/p>\n<p>        <\/a><\/p>\n<p class=\"article-content article-content-width !bg-background\">Sonja perusteli reaktiotaan sill\u00e4, ett\u00e4 h\u00e4n on herkk\u00e4 ihminen.<\/p>\n<p class=\"article-content article-content-width !bg-background\">\u2013 Tuntuiko pahalta satuttaa toista vai mist\u00e4 se johtui? Kouluttaja   kyseli.<\/p>\n<p class=\"article-content article-content-width !bg-background\">Sonja vastasi my\u00f6nt\u00e4v\u00e4sti ja murtui itkuun.<\/p>\n<p class=\"article-content article-content-width !bg-background\">\u2013 Minut on tuomittu pahoinpitelyst\u00e4, ja se on maksanut tosi kovan hinnan mulle, h\u00e4n sanoi Jannelle.<\/p>\n<p class=\"article-content article-content-width !bg-background\">Sonja p\u00e4rj\u00e4si ohjelmassa hyvin, mutta lopulta h\u00e4net passitettiin kotiin sarjan\u00a013. jaksossa.<\/p>\n<p>        <a itemprop=\"url\" href=\"https:\/\/www.seiska.fi\/katso\/sonja-aiello-avautuu-pahoinpitelytuomiostaan-murtuu-kyyneliin\/1921797\" rel=\"nofollow noopener\" target=\"_blank\"><\/p>\n<p>\nSonja Aiello murtuu kyyneliin\n<\/p>\n<p class=\"section-date\">\n        <strong class=\"article-section\" data-section=\"katso\"><br \/>\n            katso<br \/>\n        <\/strong><br \/>\n        5.9.2025 11:48\n    <\/p>\n<p>Sonja Aiello avautuu pahoinpitelytuomiostaan \u2013 murtuu kyyneliin\n    <\/p>\n<p itemprop=\"description\" class=\"subtitle \">\n    Sonja Aiello joutuu tunnekuohun valtaan Erikoisjoukkojen teht\u00e4v\u00e4ss\u00e4, johon liittyy v\u00e4kivaltaa.\n<\/p>\n<p>        <\/a><\/p>\n<p><script async src=\"\/\/www.instagram.com\/embed.js\"><\/script><\/p>\n","protected":false},"excerpt":{"rendered":"20250820 HELSINKI. Erikoisjoukot-pressi. SONJA AIELLO. KUVA: ATTE KAJOVA ATTE KAJOVA Fitnessvaikuttajan yksityisel\u00e4m\u00e4st\u00e4 on tihkunut uutta tietoa. kertoo tuoreita&hellip;\n","protected":false},"author":2,"featured_media":135631,"comment_status":"","ping_status":"","sticky":false,"template":"","format":"standard","meta":{"footnotes":""},"categories":[130],"tags":[137,33,31,30,23746,8193,5383,11964,651,32,109],"class_list":{"0":"post-135630","1":"post","2":"type-post","3":"status-publish","4":"format-standard","5":"has-post-thumbnail","7":"category-viihde","8":"tag-entertainment","9":"tag-fi","10":"tag-finland","11":"tag-finnish","12":"tag-parisuhdestatus","13":"tag-sinkku","14":"tag-sonja-aiello","15":"tag-suhdepaljastus","16":"tag-suhteet","17":"tag-suomi","18":"tag-viihde"},"share_on_mastodon":{"url":"https:\/\/pubeurope.com\/@fi\/115852648327843952","error":""},"_links":{"self":[{"href":"https:\/\/www.europesays.com\/fi\/wp-json\/wp\/v2\/posts\/135630","targetHints":{"allow":["GET"]}}],"collection":[{"href":"https:\/\/www.europesays.com\/fi\/wp-json\/wp\/v2\/posts"}],"about":[{"href":"https:\/\/www.europesays.com\/fi\/wp-json\/wp\/v2\/types\/post"}],"author":[{"embeddable":true,"href":"https:\/\/www.europesays.com\/fi\/wp-json\/wp\/v2\/users\/2"}],"replies":[{"embeddable":true,"href":"https:\/\/www.europesays.com\/fi\/wp-json\/wp\/v2\/comments?post=135630"}],"version-history":[{"count":0,"href":"https:\/\/www.europesays.com\/fi\/wp-json\/wp\/v2\/posts\/135630\/revisions"}],"wp:featuredmedia":[{"embeddable":true,"href":"https:\/\/www.europesays.com\/fi\/wp-json\/wp\/v2\/media\/135631"}],"wp:attachment":[{"href":"https:\/\/www.europesays.com\/fi\/wp-json\/wp\/v2\/media?parent=135630"}],"wp:term":[{"taxonomy":"category","embeddable":true,"href":"https:\/\/www.europesays.com\/fi\/wp-json\/wp\/v2\/categories?post=135630"},{"taxonomy":"post_tag","embeddable":true,"href":"https:\/\/www.europesays.com\/fi\/wp-json\/wp\/v2\/tags?post=135630"}],"curies":[{"name":"wp","href":"https:\/\/api.w.org\/{rel}","templated":true}]}}