{"id":135634,"date":"2026-01-07T07:34:09","date_gmt":"2026-01-07T07:34:09","guid":{"rendered":"https:\/\/www.europesays.com\/fi\/135634\/"},"modified":"2026-01-07T07:34:09","modified_gmt":"2026-01-07T07:34:09","slug":"venaja-on-lahettanyt-sukellusveneen-suojelemaan-tankkeria","status":"publish","type":"post","link":"https:\/\/www.europesays.com\/fi\/135634\/","title":{"rendered":"Ven\u00e4j\u00e4 on l\u00e4hett\u00e4nyt sukellusveneen suojelemaan tankkeria"},"content":{"rendered":"<p><strong class=\"typography-bold\">\u00d6ljytankkeri seilaa Atlantilla.<\/strong><\/p>\n<p>Ven\u00e4j\u00e4 on l\u00e4hett\u00e4nyt sukellusveneen ja muita merialuksia saattamaan \u00f6ljytankkeria, jota Yhdysvallat on jahdannut.<\/p>\n<p>Asiasta kertoo amerikkalaisviranomainen yhdysvaltalaislehti <a class=\"underline\" data-testid=\"external-link\" href=\"https:\/\/www.wsj.com\/world\/russia\/russia-sends-submarine-to-escort-tanker-the-u-s-tried-to-seize-off-venezuela-4bd78dc7?mod=hp_lead_pos4\" rel=\"noopener noreferrer nofollow\" target=\"_blank\" data-sentry-component=\"ExternalLink\" data-sentry-source-file=\"ExternalLink.tsx\">Wall Street Journalille<\/a>.<\/p>\n<p>Kyseinen \u00f6ljytankkeri on pyrkinyt v\u00e4lttelem\u00e4\u00e4n Yhdysvaltojen saartoa l\u00e4hell\u00e4 Venezuelaa yli kahden viikon ajan.\u00a0<\/p>\n<p>Wall Street Journalin mukaan Marinera-tankkeri, joka aiemmin tunnettiin nimell\u00e4 Bella 1, on tyhj\u00e4, eik\u00e4 p\u00e4\u00e4ssyt Venezuelan satamaan.<\/p>\n<p>Yhdysvaltojen rajavartiosto on yritt\u00e4nyt ottaa tankkerin kiinni osana operaatiota, jossa se pyrkii vaikeuttamaan laittoman \u00f6ljyn kuljettamista ymp\u00e4ri maailmaa.<\/p>\n<p>Tankkerin miehist\u00f6 esti joulukuussa yhdysvaltalaisviranomaisilta p\u00e4\u00e4syn alukselle.<\/p>\n<p>Ven\u00e4j\u00e4 on pyyt\u00e4nyt Yhdysvalloilta, ett\u00e4 se j\u00e4tt\u00e4isi tankkerin rauhaan, kolme l\u00e4hdett\u00e4 kertovat WSJ:lle.\u00a0<\/p>\n<p>Ven\u00e4j\u00e4 on poikkeuksellisesti rekister\u00f6inyt Marinera-tankkerin omiin nimiins\u00e4. Kun Yhdysvallat aloitti laivan seuraamisen, seilasi \u00f6ljytankkeri Yhdysvaltojen mukaan v\u00e4\u00e4r\u00e4n lipun alla.\u00a0<\/p>\n","protected":false},"excerpt":{"rendered":"\u00d6ljytankkeri seilaa Atlantilla. Ven\u00e4j\u00e4 on l\u00e4hett\u00e4nyt sukellusveneen ja muita merialuksia saattamaan \u00f6ljytankkeria, jota Yhdysvallat on jahdannut. Asiasta kertoo&hellip;\n","protected":false},"author":2,"featured_media":135635,"comment_status":"","ping_status":"","sticky":false,"template":"","format":"standard","meta":{"footnotes":""},"categories":[14],"tags":[22,23,26,27,33,31,30,17,24,25,28,29,15,18,21,32,19,20,56,16,59,60,61],"class_list":{"0":"post-135634","1":"post","2":"type-post","3":"status-publish","4":"format-standard","5":"has-post-thumbnail","7":"category-ulkomaat","8":"tag-breaking-news","9":"tag-breakingnews","10":"tag-featured-news","11":"tag-featurednews","12":"tag-fi","13":"tag-finland","14":"tag-finnish","15":"tag-headlines","16":"tag-latest-news","17":"tag-latestnews","18":"tag-main-news","19":"tag-mainnews","20":"tag-news","21":"tag-otsikot","22":"tag-paauutiset","23":"tag-suomi","24":"tag-top-stories","25":"tag-topstories","26":"tag-ulkomaat","27":"tag-uutiset","28":"tag-world","29":"tag-world-news","30":"tag-worldnews"},"share_on_mastodon":{"url":"https:\/\/pubeurope.com\/@fi\/115852664121066211","error":""},"_links":{"self":[{"href":"https:\/\/www.europesays.com\/fi\/wp-json\/wp\/v2\/posts\/135634","targetHints":{"allow":["GET"]}}],"collection":[{"href":"https:\/\/www.europesays.com\/fi\/wp-json\/wp\/v2\/posts"}],"about":[{"href":"https:\/\/www.europesays.com\/fi\/wp-json\/wp\/v2\/types\/post"}],"author":[{"embeddable":true,"href":"https:\/\/www.europesays.com\/fi\/wp-json\/wp\/v2\/users\/2"}],"replies":[{"embeddable":true,"href":"https:\/\/www.europesays.com\/fi\/wp-json\/wp\/v2\/comments?post=135634"}],"version-history":[{"count":0,"href":"https:\/\/www.europesays.com\/fi\/wp-json\/wp\/v2\/posts\/135634\/revisions"}],"wp:featuredmedia":[{"embeddable":true,"href":"https:\/\/www.europesays.com\/fi\/wp-json\/wp\/v2\/media\/135635"}],"wp:attachment":[{"href":"https:\/\/www.europesays.com\/fi\/wp-json\/wp\/v2\/media?parent=135634"}],"wp:term":[{"taxonomy":"category","embeddable":true,"href":"https:\/\/www.europesays.com\/fi\/wp-json\/wp\/v2\/categories?post=135634"},{"taxonomy":"post_tag","embeddable":true,"href":"https:\/\/www.europesays.com\/fi\/wp-json\/wp\/v2\/tags?post=135634"}],"curies":[{"name":"wp","href":"https:\/\/api.w.org\/{rel}","templated":true}]}}