{"id":135636,"date":"2026-01-07T07:35:09","date_gmt":"2026-01-07T07:35:09","guid":{"rendered":"https:\/\/www.europesays.com\/fi\/135636\/"},"modified":"2026-01-07T07:35:09","modified_gmt":"2026-01-07T07:35:09","slug":"metsakylan-lansipuolelle-omakoti-ja-rivitaloasumista-60-asukkaalle","status":"publish","type":"post","link":"https:\/\/www.europesays.com\/fi\/135636\/","title":{"rendered":"Mets\u00e4kyl\u00e4n l\u00e4nsipuolelle omakoti- ja rivitaloasumista 60 asukkaalle"},"content":{"rendered":"<p>Yl\u00f6j\u00e4rven Mets\u00e4kyl\u00e4n asuinalue laajenee Vaasantien ja Hiekkamaantien kulmauksessa. Mets\u00e4kyl\u00e4n taajaman laajennuksen asemakaavaluonnos on n\u00e4ht\u00e4vill\u00e4 5.2.2026 asti. Noin 5,3 hehtaarin suuruinen kaava-alue t\u00e4ydent\u00e4\u00e4 Mets\u00e4kyl\u00e4n vaiheittain rakentunutta kaupunginosaa ja kaupunkikuvaa.<\/p>\n<p>14 tottia omakotitaloille, yksi rivitalolle<\/p>\n<p>Kaavaluonnos esitt\u00e4\u00e4 omakotitalojen rakentamiseen 14 tonttia ja yhden tontin rivitalorakentamiseen. Asukasm\u00e4\u00e4r\u00e4arvio alueelle on noin 60 asukasta. Julkinen liikenne on kaavoitettavalta alueelta hyvin saavutettavissa. Aivan alueen pohjoisreunalla Hiekkamaantien varrella sijaitsee linjan 82 p\u00e4\u00e4tepys\u00e4kki ja linja-auton k\u00e4\u00e4nt\u00f6paikka.<\/p>\n<p>Hiekkamaantien it\u00e4isess\u00e4 osassa on jo olemassa kevyen liikenteen v\u00e4yl\u00e4, jota jatketaan my\u00f6s uuden asuinalueen tonttikadulle. Alueelle suunnitellut asuinkorttelit tukeutuvat yhteen aluetta palvelevaan tonttikatuun. <\/p>\n<p>Kaavaluonnoksessa huomioidaan virkistysyhteyksien jatkumo osoittamalla viereisiin alueisiin kytkeytyvi\u00e4 l\u00e4hivirkistysalueita.<\/p>\n<p>Mets\u00e4kyl\u00e4st\u00e4 l\u00f6ytyv\u00e4t oma yhten\u00e4iskoulu, useita p\u00e4iv\u00e4koteja ja l\u00e4hikauppa. Lis\u00e4ksi vain noin nelj\u00e4n kilometrin p\u00e4\u00e4ss\u00e4 sijaitsevat kauppakeskus Elo ja Elovainion muut palvelut.<\/p>\n<p><img fetchpriority=\"high\" decoding=\"async\" width=\"781\" height=\"766\" src=\"https:\/\/www.europesays.com\/fi\/wp-content\/uploads\/2026\/01\/Metsakyla_taajaman-laajennus_kaavaluonnos-ylojarvi.png\" alt=\"\" class=\"wp-image-67489\" style=\"width:662px;height:auto\"  \/>Mets\u00e4kyl\u00e4n taajaman laajennuksen asemakaavaluonnos on n\u00e4ht\u00e4vill\u00e4 5.2.2026 asti.<\/p>\n<p><img loading=\"lazy\" decoding=\"async\" width=\"1000\" height=\"750\" src=\"https:\/\/www.europesays.com\/fi\/wp-content\/uploads\/2026\/01\/Ylojarvi-Metsakyla-Vaasantien-ja-Hiekkamaantien-kaava-alue-2025.jpeg\" alt=\"\" class=\"wp-image-67485\" style=\"width:661px;height:auto\"  \/>Kaava-alueen pohjoisreunalla Hiekkamaantien varrella sijaitsee linjan 82 p\u00e4\u00e4tepys\u00e4kki ja linja-auton k\u00e4\u00e4nt\u00f6paikka.<\/p>\n<p>Suojaviheralue Vaasantien varrelle meluntorjuntaa varten<\/p>\n<p>Kaavoitusty\u00f6n osana on laadittu liikennemeluselvitys Vaasantielt\u00e4 kantautuvan liikennemelun vuoksi. Meluntorjuntaa varten on osoitettu suojaviheralue kaava-alueen pohjoisreunaan Vaasantien varrelle.<\/p>\n<p>Tavoitteena on, ett\u00e4 Mets\u00e4kyl\u00e4n taajaman laajennuksen kaavaehdotus tulee n\u00e4ht\u00e4ville kev\u00e4\u00e4ll\u00e4 2026.<\/p>\n<p>Kerro mielipiteesi kaavaluonnoksesta 5.2.2026 menness\u00e4<\/p>\n<p>Mets\u00e4kyl\u00e4n taajaman laajennuksen asemakaavaluonnos on n\u00e4ht\u00e4vill\u00e4 kaupungin kotisivuilla ja kaupungintalon aulassa (Kuruntie 14) 7.1.-5.2.2026 saakka.<\/p>\n<p>Mielipiteet kaavaluonnoksesta pyydet\u00e4\u00e4n toimittamaan kirjallisena ymp\u00e4rist\u00f6lautakunnalle osoitettuna\u00a05.2.2026 klo 15.00\u00a0menness\u00e4 os. Yl\u00f6j\u00e4rven kaupunki, PL 22, 33471 Yl\u00f6j\u00e4rvi tai kaavoitus@ylojarvi.fi.<\/p>\n<p>Kaavaa valmistelee kaavasuunnittelija Katri Puistovirta, 040 562 7363, etunimi.sukunimi@ylojarvi.fi.<\/p>\n<p><a href=\"https:\/\/www.ylojarvi.fi\/metsakylan-taajaman-laajennus\/\" rel=\"nofollow noopener\" target=\"_blank\">Mets\u00e4kyl\u00e4n taajaman laajennuksen kaavasivu<\/a><\/p>\n","protected":false},"excerpt":{"rendered":"Yl\u00f6j\u00e4rven Mets\u00e4kyl\u00e4n asuinalue laajenee Vaasantien ja Hiekkamaantien kulmauksessa. Mets\u00e4kyl\u00e4n taajaman laajennuksen asemakaavaluonnos on n\u00e4ht\u00e4vill\u00e4 5.2.2026 asti. Noin 5,3&hellip;\n","protected":false},"author":2,"featured_media":135637,"comment_status":"","ping_status":"","sticky":false,"template":"","format":"standard","meta":{"footnotes":""},"categories":[12],"tags":[22,23,26,27,33,31,30,17,24,25,28,29,15,18,21,32,19,20,16],"class_list":{"0":"post-135636","1":"post","2":"type-post","3":"status-publish","4":"format-standard","5":"has-post-thumbnail","7":"category-suomi","8":"tag-breaking-news","9":"tag-breakingnews","10":"tag-featured-news","11":"tag-featurednews","12":"tag-fi","13":"tag-finland","14":"tag-finnish","15":"tag-headlines","16":"tag-latest-news","17":"tag-latestnews","18":"tag-main-news","19":"tag-mainnews","20":"tag-news","21":"tag-otsikot","22":"tag-paauutiset","23":"tag-suomi","24":"tag-top-stories","25":"tag-topstories","26":"tag-uutiset"},"share_on_mastodon":{"url":"https:\/\/pubeurope.com\/@fi\/115852668073683942","error":""},"_links":{"self":[{"href":"https:\/\/www.europesays.com\/fi\/wp-json\/wp\/v2\/posts\/135636","targetHints":{"allow":["GET"]}}],"collection":[{"href":"https:\/\/www.europesays.com\/fi\/wp-json\/wp\/v2\/posts"}],"about":[{"href":"https:\/\/www.europesays.com\/fi\/wp-json\/wp\/v2\/types\/post"}],"author":[{"embeddable":true,"href":"https:\/\/www.europesays.com\/fi\/wp-json\/wp\/v2\/users\/2"}],"replies":[{"embeddable":true,"href":"https:\/\/www.europesays.com\/fi\/wp-json\/wp\/v2\/comments?post=135636"}],"version-history":[{"count":0,"href":"https:\/\/www.europesays.com\/fi\/wp-json\/wp\/v2\/posts\/135636\/revisions"}],"wp:featuredmedia":[{"embeddable":true,"href":"https:\/\/www.europesays.com\/fi\/wp-json\/wp\/v2\/media\/135637"}],"wp:attachment":[{"href":"https:\/\/www.europesays.com\/fi\/wp-json\/wp\/v2\/media?parent=135636"}],"wp:term":[{"taxonomy":"category","embeddable":true,"href":"https:\/\/www.europesays.com\/fi\/wp-json\/wp\/v2\/categories?post=135636"},{"taxonomy":"post_tag","embeddable":true,"href":"https:\/\/www.europesays.com\/fi\/wp-json\/wp\/v2\/tags?post=135636"}],"curies":[{"name":"wp","href":"https:\/\/api.w.org\/{rel}","templated":true}]}}