{"id":135640,"date":"2026-01-07T07:48:09","date_gmt":"2026-01-07T07:48:09","guid":{"rendered":"https:\/\/www.europesays.com\/fi\/135640\/"},"modified":"2026-01-07T07:48:09","modified_gmt":"2026-01-07T07:48:09","slug":"topi-ja-sointu-lomalla-tallainen-oli-reissun-ainoa-riita","status":"publish","type":"post","link":"https:\/\/www.europesays.com\/fi\/135640\/","title":{"rendered":"Topi ja Sointu lomalla: T\u00e4llainen oli reissun ainoa riita"},"content":{"rendered":"<p>Uutuussarjassa seurataan Sointu ja Topi Borgin edesottamuksia Kanarialla. Kaksikko n\u00e4hd\u00e4\u00e4n niin kaoottisella autoajelulla kuin h\u00e4mment\u00e4v\u00e4ll\u00e4 uimarannalla.<\/p>\n<p class=\"article-body mb-nof-24 px-nof-16\">Tunnetut sisarukset <a class=\"font-bold underline-offset-[0.12em] [text-decoration:var(--person-link-text-decoration)] ![text-decoration-color:var(--person-link-text-decoration-color)]\" href=\"https:\/\/www.is.fi\/haku\/?query=Sointu%20Borg\" rel=\"nofollow noopener\" target=\"_blank\">Sointu Borg<\/a>, 33, ja<a class=\"font-bold underline-offset-[0.12em] [text-decoration:var(--person-link-text-decoration)] ![text-decoration-color:var(--person-link-text-decoration-color)]\" href=\"https:\/\/www.is.fi\/haku\/?query=%20Topi%20Borg\" rel=\"nofollow noopener\" target=\"_blank\"> Topi Borg<\/a>, 31, matkustavat Kanariansaarille uudessa Topi ja Sointu lomalla -sarjassa.<\/p>\n<p class=\"article-body mb-nof-24 px-nof-16\">Monien muiden aktiviteettien ohella kaksikko vierailee viinitarhalla, vaikka Topi on absolutisti, joka ajattelee alkoholin olevan \u201dsuuri virhe\u201d ihmiskunnalle.<\/p>\n<p class=\"article-body mb-nof-24 px-nof-16\">\u2013\u2009Viinitarhalla pystyin nielem\u00e4\u00e4n ylpeyteni siskoni rennon kokemuksen t\u00e4hden, h\u00e4n sanoo nyt.<\/p>\n<p class=\"article-body mb-nof-24 px-nof-16\">Sointu kertoo, ett\u00e4 viel\u00e4 muutama vuosi sitten veli ei olisi suostunut tuohon aktiviteettiin. Sointu joi ensimm\u00e4isen kerran alkoholia veljens\u00e4 seurassa pari vuotta sitten.<\/p>\n<p class=\"article-body mb-nof-24 px-nof-16\">\u2013\u2009Se on upeaa, miten paljon Topi on oppinut joustavuutta aikuisi\u00e4ll\u00e4. En ole humalassa ollut koskaan Topin seurassa. Olemme kuitenkin opetelleet sit\u00e4, ett\u00e4 se ei ole mitenk\u00e4\u00e4n haitallista, jos otan h\u00e4nen seurassaan lomalla viinilasillisen tai yhden Aperol Spritzin.<\/p>\n<p class=\"article-body mb-nof-24 px-nof-16\">Sointu sanoo, ett\u00e4 nuorempana h\u00e4n ei ottanut lasillistakaan Topi Borgin seurassa, koska se olisi silloin ahdistanut velje\u00e4.<\/p>\n<p><img decoding=\"async\" src=\"https:\/\/www.europesays.com\/fi\/wp-content\/uploads\/2026\/01\/1767772088_192_468.jpg\" alt=\"Topi ja Sointu Borg s\u00f6iv\u00e4t ravintolaruokaa, vaikka Kirjolla-sarjan t\u00e4hti Topi sy\u00f6 hyvin yksinkertaisesti perusarjessaan.\" class=\"_Img_1rerz_1\" style=\"aspect-ratio:1.5082482325216024\" loading=\"eager\"\/><\/p>\n<p class=\"article-picture-caption\">Topi ja Sointu Borg s\u00f6iv\u00e4t ravintolaruokaa, vaikka Kirjolla-sarjan t\u00e4hti Topi sy\u00f6 hyvin yksinkertaisesti perusarjessaan. Kuva:\u00a0Sointu Borg \/ FremantleMedia Finland \/ Yle<\/p>\n<p class=\"article-body mb-nof-24 px-nof-16\">Sisarukset kertovat, ett\u00e4 he eiv\u00e4t kinastelleet reissussa kunnolla kuin kerran. Se n\u00e4hd\u00e4\u00e4n sarjan toisessa jaksossa, kun kaksikko l\u00e4htee ajelemaan vuokra-autolla. Tunnelma kiristyy, kun Sointu ajaa ja Topi toimii kartanlukijana. Sointu hermostuu veljens\u00e4 kommenteista.<\/p>\n<p class=\"article-body mb-nof-24 px-nof-16\">\u2013 Rakas Topi, pyyd\u00e4n hiljaisuutta. Nyt t\u00e4ytyy keskitty\u00e4, Sointu sanoo veljelleen.<\/p>\n<p class=\"article-body mb-nof-24 px-nof-16\">Kaksikko purkaa tilanteen my\u00f6hemmin rakentavasti. Sointu muistuttaa velje\u00e4\u00e4n, ettei toisen hermostumista tai ahdistumista pid\u00e4 v\u00e4h\u00e4tell\u00e4 vaikeissa tilanteissa.<\/p>\n<p class=\"article-body mb-nof-24 px-nof-16\">Topi lupaa painaa sanat mieleens\u00e4.<\/p>\n<p class=\"article-body mb-nof-24 px-nof-16\">\u2013 Opin aina uusia sosiaalisia taitoja, h\u00e4n toteaa.<\/p>\n<p class=\"article-body mb-nof-24 px-nof-16\">Topi kiitt\u00e4\u00e4 siskoaan suorasta palautteesta. Tv-sarjan julkaisun kynnyksell\u00e4 Sointua hieman mietitytt\u00e4\u00e4, miten katsojat suhtautuvat, kun he n\u00e4kev\u00e4t autoepisodin televisiossa.<\/p>\n<p class=\"article-body mb-nof-24 px-nof-16\">\u2013 Ihmiset saattavat unohtaa, ett\u00e4 mekin kinastelemme. Se on normaalia, vaikka toinen on neuroep\u00e4tyypillinen ja toinen neurotyypillinen. Me molemmat voimme joskus olla kohtuuttomia ja \u00e4rsytt\u00e4vi\u00e4. Sitten pyydet\u00e4\u00e4n anteeksi.<\/p>\n<p class=\"article-body mb-nof-24 px-nof-16\">Sointu toteaa saaneensa somessa viestej\u00e4, joissa h\u00e4nt\u00e4 syytet\u00e4\u00e4n siit\u00e4, ett\u00e4 h\u00e4n rahastaisi autismin kirjolla olevalla veljell\u00e4\u00e4n.<\/p>\n<p class=\"article-body mb-nof-24 px-nof-16\">\u2013\u2009Ennen ihmiset olisivat selvitt\u00e4neet siskoni osoitteen ja l\u00e4hett\u00e4neet h\u00e4nelle kirjeit\u00e4. Nyt someaikana kaikki viestit tulevat heti n\u00e4kyville. En ole siksi somessa, se on mielest\u00e4ni ajanhaaskausta, Topi sanoo<\/p>\n<p class=\"article-body mb-nof-24 px-nof-16\">Sointu toteaa, ett\u00e4 ilke\u00e4t viestit ovat se hinta, jonka h\u00e4n joutuu maksamaan sisarussuhteensa tuomisesta julkisuuteen.<\/p>\n<p class=\"article-body mb-nof-24 px-nof-16\">\u2013\u2009Sin\u00e4 olet Topi hyvin vapaa, kun et ole somessa. Et my\u00f6sk\u00e4\u00e4n googlaa koskaan omaa nime\u00e4si. Olet onnellisessa paikassa, sisko sanoo veljelleen.<\/p>\n<p><img decoding=\"async\" src=\"https:\/\/www.europesays.com\/fi\/wp-content\/uploads\/2025\/12\/1766902090_356_468.jpg\" alt=\"Borgin sisarukset Kultainen Venla -gaalassa vuonna 2024.\" class=\"_Img_1rerz_1\" style=\"aspect-ratio:0.6666666666666666\" loading=\"eager\"\/><\/p>\n<p class=\"article-picture-caption\">Borgin sisarukset Kultainen Venla -gaalassa vuonna 2024. Kuva:\u00a0Janne Aaltonen<\/p>\n<p><img decoding=\"async\" src=\"https:\/\/www.europesays.com\/fi\/wp-content\/uploads\/2026\/01\/1767772089_292_468.jpg\" alt=\"Topi Borg el\u00e4\u00e4 kotikaupungissaan Tampereella. Kaupassa ty\u00f6skentelev\u00e4 mies rakastaa rutiineja. Kuva vuodelta 2024.\" class=\"_Img_1rerz_1\" style=\"aspect-ratio:1.5\" loading=\"eager\"\/><\/p>\n<p class=\"article-picture-caption\">Topi Borg el\u00e4\u00e4 kotikaupungissaan Tampereella. Kaupassa ty\u00f6skentelev\u00e4 mies rakastaa rutiineja. Kuva vuodelta 2024. Kuva:\u00a0Arttu Timonen \/ Aamulehti<\/p>\n<p class=\"article-body mb-nof-24 px-nof-16\">Parivaljakko n\u00e4hd\u00e4\u00e4n sarjassa useampaan kertaan sy\u00f6m\u00e4\u00e4n ravintolassa, vaikka Kirjolla-ohjelmasta julkisuuteen ponnahtanut Topi pit\u00e4\u00e4 arjessaan hyvin yksinkertaisesta ruosta.<\/p>\n<p class=\"article-body mb-nof-24 px-nof-16\">\u2013\u2009Topi on hyvin poikkeuksellinen ihminen, sill\u00e4 h\u00e4n on sy\u00f6nyt pelk\u00e4st\u00e4\u00e4n riisi\u00e4, punaista kaalia ja papuja monta vuotta, Sointu naurahtaa.<\/p>\n<p class=\"article-body mb-nof-24 px-nof-16\">\u2013\u2009S\u00f6in Kanariallakin nuudeleita ja tonnikalaa. Oli ravintolaruokakin hyv\u00e4\u00e4. S\u00f6in siell\u00e4 el\u00e4m\u00e4ni parasta avokadoa, Topi sanoo.<\/p>\n<p class=\"article-body mb-nof-24 px-nof-16\">Vaikka Kanaria on tunnettu lomakohde, onnistui jotkut asiat yll\u00e4tt\u00e4m\u00e4\u00e4n sisarukset. Sointu sanoo h\u00e4mm\u00e4styneens\u00e4 nudistirannasta, vaikka sellaisia on aiemmillakin reissuilla tullut vastaan.<\/p>\n<p class=\"article-body mb-nof-24 px-nof-16\">\u2013\u2009Tuolla Kanarialla emme siis aluksi tienneet, ett\u00e4 se oli nudistiranta. Se alastomuus tuli jotenkin verkkokalvoille, joten aluksi mietin hieman, ett\u00e4 mit\u00e4 t\u00e4\u00e4ll\u00e4 oikein tapahtuu.<\/p>\n<p><img decoding=\"async\" src=\"https:\/\/www.europesays.com\/fi\/wp-content\/uploads\/2026\/01\/1767772089_486_468.jpg\" alt=\"Topi ja Sointu Borg uimarannalla. Sointu h\u00e4mm\u00e4styy aluksi nudistirannasta.\" class=\"_Img_1rerz_1\" style=\"aspect-ratio:1.4349775784753362\" loading=\"eager\"\/><\/p>\n<p class=\"article-picture-caption\">Topi ja Sointu Borg uimarannalla. Sointu h\u00e4mm\u00e4styy aluksi nudistirannasta. Kuva:\u00a0Pauliina Moisander \/ FremantleMedia Finland \/ Yle<\/p>\n<p class=\"article-body mb-nof-24 px-nof-16\">Sarjassa n\u00e4hd\u00e4\u00e4n, ett\u00e4 Topi suhtautuu alastomiin rantaihmisiin siskoaan rennommin.<\/p>\n<p class=\"article-body mb-nof-24 px-nof-16\">\u2013\u2009Min\u00e4 menen tuonne nudistirannan puolelle vaihtamaan uikkarit, h\u00e4n ilmoittaa.<\/p>\n<p class=\"article-body mb-nof-24 px-nof-16\">\u2013\u2009Oletko varma? Min\u00e4 en tule, Sointu ilmoittaa.<\/p>\n<p class=\"article-body mb-nof-24 px-nof-16\">Hetken p\u00e4\u00e4st\u00e4 veli palaa takaisin ja kertoo siskolleen, ett\u00e4 uikkareiden vaihtaminen onnistui varsin hyvin.<\/p>\n<p class=\"article-body mb-nof-24 px-nof-16\">\u2013\u2009Kukaan ei v\u00e4litt\u00e4nyt, vaikka olin alasti, Topi sanoo.<\/p>\n<p class=\"article-body mb-nof-24 px-nof-16\">Sointua mietitytt\u00e4\u00e4 se, ett\u00e4 veli j\u00e4tti vaatteensa nudistirannalle.<\/p>\n<p class=\"article-body mb-nof-24 px-nof-16\">\u2013\u2009He ovat nudisteja, joten miksi he varastaisivat ne, koska he eiv\u00e4t pid\u00e4 vaatteista, Topi letkauttaa saaden siskonsa nauramaan.<\/p>\n<p class=\"article-body nof-ui-body-medium mb-nof-24 px-nof-16\">Topi ja Sointu lomalla TV2 klo 20.00 tiistaisin 13.1. l\u00e4htien &amp; Yle Areenassa kaikki jaksot 2.1.<\/p>\n","protected":false},"excerpt":{"rendered":"Uutuussarjassa seurataan Sointu ja Topi Borgin edesottamuksia Kanarialla. Kaksikko n\u00e4hd\u00e4\u00e4n niin kaoottisella autoajelulla kuin h\u00e4mment\u00e4v\u00e4ll\u00e4 uimarannalla. Tunnetut sisarukset&hellip;\n","protected":false},"author":2,"featured_media":135641,"comment_status":"","ping_status":"","sticky":false,"template":"","format":"standard","meta":{"footnotes":""},"categories":[136],"tags":[407,137,33,31,30,34,408,32,109],"class_list":{"0":"post-135640","1":"post","2":"type-post","3":"status-publish","4":"format-standard","5":"has-post-thumbnail","7":"category-julkkikset","8":"tag-celebrities","9":"tag-entertainment","10":"tag-fi","11":"tag-finland","12":"tag-finnish","13":"tag-ilta-sanomat","14":"tag-julkkikset","15":"tag-suomi","16":"tag-viihde"},"share_on_mastodon":{"url":"https:\/\/pubeurope.com\/@fi\/115852719094307705","error":""},"_links":{"self":[{"href":"https:\/\/www.europesays.com\/fi\/wp-json\/wp\/v2\/posts\/135640","targetHints":{"allow":["GET"]}}],"collection":[{"href":"https:\/\/www.europesays.com\/fi\/wp-json\/wp\/v2\/posts"}],"about":[{"href":"https:\/\/www.europesays.com\/fi\/wp-json\/wp\/v2\/types\/post"}],"author":[{"embeddable":true,"href":"https:\/\/www.europesays.com\/fi\/wp-json\/wp\/v2\/users\/2"}],"replies":[{"embeddable":true,"href":"https:\/\/www.europesays.com\/fi\/wp-json\/wp\/v2\/comments?post=135640"}],"version-history":[{"count":0,"href":"https:\/\/www.europesays.com\/fi\/wp-json\/wp\/v2\/posts\/135640\/revisions"}],"wp:featuredmedia":[{"embeddable":true,"href":"https:\/\/www.europesays.com\/fi\/wp-json\/wp\/v2\/media\/135641"}],"wp:attachment":[{"href":"https:\/\/www.europesays.com\/fi\/wp-json\/wp\/v2\/media?parent=135640"}],"wp:term":[{"taxonomy":"category","embeddable":true,"href":"https:\/\/www.europesays.com\/fi\/wp-json\/wp\/v2\/categories?post=135640"},{"taxonomy":"post_tag","embeddable":true,"href":"https:\/\/www.europesays.com\/fi\/wp-json\/wp\/v2\/tags?post=135640"}],"curies":[{"name":"wp","href":"https:\/\/api.w.org\/{rel}","templated":true}]}}