{"id":135646,"date":"2026-01-07T07:55:08","date_gmt":"2026-01-07T07:55:08","guid":{"rendered":"https:\/\/www.europesays.com\/fi\/135646\/"},"modified":"2026-01-07T07:55:08","modified_gmt":"2026-01-07T07:55:08","slug":"mikko-rantanen-palasi-carolinaan-raju-reaktio-2","status":"publish","type":"post","link":"https:\/\/www.europesays.com\/fi\/135646\/","title":{"rendered":"Mikko Rantanen palasi Carolinaan \u2013 raju reaktio"},"content":{"rendered":"<p>Kesken viime pelin riveist\u00e4 pudonneen Joel Armian tilanteesta tuli uutta tietoa.<\/p>\n<p class=\"article-body mb-nof-24 px-nof-16\"><a class=\"font-bold underline-offset-[0.12em] [text-decoration:var(--person-link-text-decoration)] ![text-decoration-color:var(--person-link-text-decoration-color)] article-leadin\" href=\"https:\/\/www.satakunnankansa.fi\/haku\/?query=Juho%20Lammikko\" rel=\"nofollow noopener\" target=\"_blank\">Juho Lammikko<\/a> oli NHL-kierroksella kylm\u00e4ss\u00e4 kyydiss\u00e4.<\/p>\n<p class=\"article-body mb-nof-24 px-nof-16\">New York Islanders vy\u00f6rytti Lammikon edustamaa New Jersey Devilsi\u00e4 per\u00e4ti 9\u20130.<\/p>\n<p class=\"article-body mb-nof-24 px-nof-16\">Kolmosketjun laidassa pelannut \u00c4ssien kasvatti sai peliaikaa 10.45. Saldoksi tuli \u20134. Yhdess\u00e4 asiassa Lammikko oli kuitenkin illan ahkerin: h\u00e4nen tlastoihinsa merkittiin viisi taklausta.<\/p>\n<p class=\"article-body mb-nof-24 px-nof-16\">T\u0161ekkihy\u00f6kk\u00e4\u00e4j\u00e4 Ondrej Palatin ilta oli viel\u00e4 karumpi kuin Lammikolla. H\u00e4nen saldokseen tuli 9.39 minuutin peliajalla \u20135.<\/p>\n<p class=\"article-body mb-nof-24 px-nof-16\">Lammikko, 29, palasi t\u00e4ksi kaudeksi NHL:\u00e4\u00e4n kolmen tehokkaan Sveitsin-kauden j\u00e4lkeen. H\u00e4n on pelannut New Jerseyss\u00e4 22 ottelua, tehoja on tullut 0+2. Plusmiinussaldo on pakkasella juuri Islanders-pelin miinusten verran.<\/p>\n<p class=\"article-body mb-nof-24 px-nof-16\">Lammikon kauden molemmat sy\u00f6tt\u00f6pisteet ovat tulleet joulukuussa samassa ottelussa Anaheimia vastaan. Yleens\u00e4 sentterin\u00e4 n\u00e4hty hy\u00f6kk\u00e4\u00e4j\u00e4 on ollut kolmessa viime peliss\u00e4\u00e4n laidassa.<\/p>\n<p class=\"article-body mb-nof-24 px-nof-16\">NHL:n t\u00e4m\u00e4n kauden tehokkain porilaispelaaja <a class=\"font-bold underline-offset-[0.12em] [text-decoration:var(--person-link-text-decoration)] ![text-decoration-color:var(--person-link-text-decoration-color)]\" href=\"https:\/\/www.satakunnankansa.fi\/haku\/?query=Erik%20Haula\" rel=\"nofollow noopener\" target=\"_blank\">Erik Haula<\/a> (7+16=23) ei p\u00e4\u00e4ssyt pisteille, kun Nashville Predators vieraili Edmontonissa. Kotijoukkueen miehist\u00f6ss\u00e4 \u201dPorin v\u00e4vy\u201d <a class=\"font-bold underline-offset-[0.12em] [text-decoration:var(--person-link-text-decoration)] ![text-decoration-color:var(--person-link-text-decoration-color)]\" href=\"https:\/\/www.satakunnankansa.fi\/haku\/?query=Kasperi%20Kapanen\" rel=\"nofollow noopener\" target=\"_blank\">Kasperi Kapanen<\/a> palasi loukkaantumisensa j\u00e4lkeen kokoonpanoon. Viimeksi 19. lokakuuta pelannut Kapanen palasikin r\u00e4v\u00e4k\u00e4sti. H\u00e4n teki tehot 1+1, kun Edmonton voitti 6\u20132.<\/p>\n<p class=\"article-body mb-nof-24 px-nof-16\">Kapanen palasi ulkoisesti muuttuneena miehen\u00e4. Viiksi\u00e4 ja partaa pitk\u00e4\u00e4n kasvoillaan pit\u00e4nyt hy\u00f6kk\u00e4\u00e4j\u00e4 oli sile\u00e4poskinen mies.<\/p>\n<p class=\"article-body mb-nof-24 px-nof-16\">\u201dHalusin tavallaan uuden alun, mutta v\u00e4h\u00e4n jo kaduttaa. Tuntuu kuin olisin taas 14-vuotias. Mutta ne kasvavat takaisin, toivottavasti nopeasti. Vaimoni v\u00e4itt\u00e4\u00e4 tykk\u00e4\u00e4v\u00e4ns\u00e4 t\u00e4st\u00e4 tyylist\u00e4, mutta luulen ett\u00e4 h\u00e4n valehtelee\u201d, Kapanen myh\u00e4ili.<\/p>\n<p class=\"article-body mb-nof-24 px-nof-16\">Kapanen on naimisissa porilaisl\u00e4ht\u00f6isen <a class=\"font-bold underline-offset-[0.12em] [text-decoration:var(--person-link-text-decoration)] ![text-decoration-color:var(--person-link-text-decoration-color)]\" href=\"https:\/\/www.satakunnankansa.fi\/haku\/?query=Matleena%20Laakson\" rel=\"nofollow noopener\" target=\"_blank\">Matleena Laakson<\/a> kanssa. Viime kes\u00e4n\u00e4 naimisiin mennyt pariskunta odottaa esikoislastaan.<\/p>\n<p class=\"article-body mb-nof-24 px-nof-16\">Los Angeles Kingsin riveist\u00e4 kesken viime ottelun pudonneen <a class=\"font-bold underline-offset-[0.12em] [text-decoration:var(--person-link-text-decoration)] ![text-decoration-color:var(--person-link-text-decoration-color)]\" href=\"https:\/\/www.satakunnankansa.fi\/haku\/?query=Joel%20Armian\" rel=\"nofollow noopener\" target=\"_blank\">Joel Armian<\/a> tilanteesta tuli uutta tietoa.<\/p>\n<p class=\"article-body mb-nof-24 px-nof-16\">Porilaisen vamma ei ole vakava, vaan h\u00e4nen pelikuntoaan seurataan p\u00e4ivitt\u00e4in. Kingsin mukaan Armia k\u00e4rsii yl\u00e4vartalovammasta.<\/p>\n<p class=\"article-body mb-nof-24 px-nof-16\"><a class=\"font-bold underline-offset-[0.12em] [text-decoration:var(--person-link-text-decoration)] ![text-decoration-color:var(--person-link-text-decoration-color)] article-leadin\" href=\"https:\/\/www.satakunnankansa.fi\/haku\/?query=Jesperi%20Kotkaniemi\" rel=\"nofollow noopener\" target=\"_blank\">Jesperi Kotkaniemi<\/a> ei puolestaan mahtunut Carolina Hurricanesin kokoonpanoon kotiottelussa Dallas Starsia vastaan.<\/p>\n<p class=\"article-body mb-nof-24 px-nof-16\">Ottelussa Dallasin suomalaist\u00e4hti <a class=\"font-bold underline-offset-[0.12em] [text-decoration:var(--person-link-text-decoration)] ![text-decoration-color:var(--person-link-text-decoration-color)]\" href=\"https:\/\/www.satakunnankansa.fi\/haku\/?query=Mikko%20Rantanen\" rel=\"nofollow noopener\" target=\"_blank\">Mikko Rantanen<\/a> sai tulisen vastaanoton, kun h\u00e4n palasi Carolina Hurricanesin kotihalliin.<\/p>\n<p class=\"article-body mb-nof-24 px-nof-16\"><a class=\"underline underline-offset-[0.12em] [text-decoration-thickness:var(--generic-link-underline-thickness)] [text-decoration-color:var(--generic-link-underline-color)] [text-decoration-skip-ink:var(--generic-link-underline-skip-ink)] break-words\" href=\"https:\/\/nsjonline.com\/article\/2026\/01\/hurricanes-spoil-rantanens-return-beat-stars-6-3\/\" rel=\"nofollow noopener\" target=\"_blank\">North State Journal<\/a> -lehti kutsui kamppailua \u201dvihafestivaaliksi\u201d Rantasta kohtaan, ja uutistoimisto <a class=\"underline underline-offset-[0.12em] [text-decoration-thickness:var(--generic-link-underline-thickness)] [text-decoration-color:var(--generic-link-underline-color)] [text-decoration-skip-ink:var(--generic-link-underline-skip-ink)] break-words\" href=\"https:\/\/apnews.com\/article\/stars-hurricanes-score-01ec16d3a1210c31e392f40c40a15740\" rel=\"nofollow noopener\" target=\"_blank\">AP<\/a> kuvaili, kuinka h\u00e4nelle buuattiin l\u00e4pi ottelun.<\/p>\n<p class=\"article-body mb-nof-24 px-nof-16\">Buuausten ohella Rantanen sai kuulla, kuinka kotiyleis\u00f6 messusi: \u201dMikko haisee\u201d ja \u201dLogan on parempi\u201d.<\/p>\n<p class=\"article-body mb-nof-24 px-nof-16\">Carolina hankki hy\u00f6kk\u00e4\u00e4j\u00e4 <a class=\"font-bold underline-offset-[0.12em] [text-decoration:var(--person-link-text-decoration)] ![text-decoration-color:var(--person-link-text-decoration-color)]\" href=\"https:\/\/www.satakunnankansa.fi\/haku\/?query=Logan%20Stankovenin\" rel=\"nofollow noopener\" target=\"_blank\">Logan Stankovenin<\/a> viime kauden kaupassa, jossa Rantanen siirtyi lyhyen Carolina-piipahduksen j\u00e4lkeen Dallasiin.<\/p>\n<p class=\"article-body mb-nof-24 px-nof-16\">Stankoven teki avauser\u00e4ss\u00e4 maalin Rantasen nen\u00e4n edest\u00e4, ja Carolina p\u00e4\u00e4si juhlimaan 6\u20133-voittoa.<\/p>\n<p class=\"article-body mb-nof-24 px-nof-16\">Rantanenkin onnistui ottelussa maalinteossa ja h\u00e4nen p\u00e4\u00e4t\u00f6ser\u00e4n osumaansa s\u00e4estiv\u00e4t kova\u00e4\u00e4niset buuaukset.<\/p>\n<p class=\"article-body mb-nof-24 px-nof-16\">Kun Rantanen p\u00e4\u00e4tyi p\u00e4\u00e4t\u00f6ser\u00e4ss\u00e4 j\u00e4\u00e4hylle, yleis\u00f6 ilkkui mediakuutiolle ilmestyneen tekstin mukaan: \u201dhuijarit eiv\u00e4t koskaan voita\u201d.<\/p>\n<p>Fakta<\/p>\n<p>NHL:n tulokset<\/p>\n<p class=\"article-body mb-nof-24 px-nof-16\">Tampa Bay\u2013Colorado 4\u20132<\/p>\n<p class=\"article-body mb-nof-24 px-nof-16\">Philadelphia\u2013Anaheim 5\u20132<\/p>\n<p class=\"article-body mb-nof-24 px-nof-16\">Carolina\u2013Dallas 6\u20133 (CAR: Sebastian Aho 0+1, DAL: Mikko Rantanen 1+1)<\/p>\n<p class=\"article-body mb-nof-24 px-nof-16\">Buffalo\u2013Vancouver 5\u20133<\/p>\n<p class=\"article-body mb-nof-24 px-nof-16\">NY Islanders\u2013New Jersey 9\u20130<\/p>\n<p class=\"article-body mb-nof-24 px-nof-16\">Toronto\u2013Florida 4\u20131 (TOR: Matias Maccelli 0+1)<\/p>\n<p class=\"article-body mb-nof-24 px-nof-16\">Winnipeg\u2013Vegas 3\u20134 ja.<\/p>\n<p class=\"article-body mb-nof-24 px-nof-16\">Edmonton\u2013Nashville 6\u20132 (EDM: Kasperi Kapanen 1+1)<\/p>\n<p class=\"article-body mb-nof-24 px-nof-16\">San Jose\u2013Columbus 5\u20132<\/p>\n<p class=\"article-body mb-nof-24 px-nof-16\">Seattle\u2013Boston 7\u20133 (SEA: Kaapo Kakko 2+1)<\/p>\n","protected":false},"excerpt":{"rendered":"Kesken viime pelin riveist\u00e4 pudonneen Joel Armian tilanteesta tuli uutta tietoa. Juho Lammikko oli NHL-kierroksella kylm\u00e4ss\u00e4 kyydiss\u00e4. New&hellip;\n","protected":false},"author":2,"featured_media":135647,"comment_status":"","ping_status":"","sticky":false,"template":"","format":"standard","meta":{"footnotes":""},"categories":[158],"tags":[33,31,30,80,159,32,160],"class_list":{"0":"post-135646","1":"post","2":"type-post","3":"status-publish","4":"format-standard","5":"has-post-thumbnail","7":"category-urheilu","8":"tag-fi","9":"tag-finland","10":"tag-finnish","11":"tag-satakunnan-kansa","12":"tag-sports","13":"tag-suomi","14":"tag-urheilu"},"share_on_mastodon":{"url":"https:\/\/pubeurope.com\/@fi\/115852746700619210","error":""},"_links":{"self":[{"href":"https:\/\/www.europesays.com\/fi\/wp-json\/wp\/v2\/posts\/135646","targetHints":{"allow":["GET"]}}],"collection":[{"href":"https:\/\/www.europesays.com\/fi\/wp-json\/wp\/v2\/posts"}],"about":[{"href":"https:\/\/www.europesays.com\/fi\/wp-json\/wp\/v2\/types\/post"}],"author":[{"embeddable":true,"href":"https:\/\/www.europesays.com\/fi\/wp-json\/wp\/v2\/users\/2"}],"replies":[{"embeddable":true,"href":"https:\/\/www.europesays.com\/fi\/wp-json\/wp\/v2\/comments?post=135646"}],"version-history":[{"count":0,"href":"https:\/\/www.europesays.com\/fi\/wp-json\/wp\/v2\/posts\/135646\/revisions"}],"wp:featuredmedia":[{"embeddable":true,"href":"https:\/\/www.europesays.com\/fi\/wp-json\/wp\/v2\/media\/135647"}],"wp:attachment":[{"href":"https:\/\/www.europesays.com\/fi\/wp-json\/wp\/v2\/media?parent=135646"}],"wp:term":[{"taxonomy":"category","embeddable":true,"href":"https:\/\/www.europesays.com\/fi\/wp-json\/wp\/v2\/categories?post=135646"},{"taxonomy":"post_tag","embeddable":true,"href":"https:\/\/www.europesays.com\/fi\/wp-json\/wp\/v2\/tags?post=135646"}],"curies":[{"name":"wp","href":"https:\/\/api.w.org\/{rel}","templated":true}]}}