{"id":135654,"date":"2026-01-07T08:01:11","date_gmt":"2026-01-07T08:01:11","guid":{"rendered":"https:\/\/www.europesays.com\/fi\/135654\/"},"modified":"2026-01-07T08:01:11","modified_gmt":"2026-01-07T08:01:11","slug":"turun-kansainvalinen-koulu-uusiin-moderneihin-tiloihin-kupittaalle","status":"publish","type":"post","link":"https:\/\/www.europesays.com\/fi\/135654\/","title":{"rendered":"Turun kansainv\u00e4linen koulu uusiin moderneihin tiloihin Kupittaalle"},"content":{"rendered":"<p>Turun kansainv\u00e4lisen koulun perusopetus on aloittanut kev\u00e4tlukukauden osoitteessa Lemmink\u00e4isenkatu 30. Kupittaalla sijaitsevat tilat tarjoavat oppilaille ja koulun henkil\u00f6kunnalle ajanmukaiset oppimisymp\u00e4rist\u00f6t, jotka tukevat monipuolista ja innovatiivista opetusta.\u00a0<\/p>\n<p>Uusina tiloina koulu saa muun muassa liikuntasalin, musiikin, kuvataiteen, kotitalouden, k\u00e4sit\u00f6iden ja luonnontieteiden opetustilat sek\u00e4 palvelukeitti\u00f6n ruokailutiloineen.\u00a0Tiloihin on valmistunut my\u00f6s kuvataiteilija <strong>Kati Immosen<\/strong> kuusiosainen teoskokonaisuus International Squirrels (fi. \u2019Kansainv\u00e4liset oravat\u2019), jonka l\u00e4ht\u00f6kohtana ovat eri maanosien oravat.<\/p>\n<p>\u2013 Muutto Kupittaalle on meille suuri mahdollisuus ja merkitt\u00e4v\u00e4 askel koulun kehityksess\u00e4. Tilat tukevat koulumme visiota tarjota korkeatasoista opetusta ja luoda ymp\u00e4rist\u00f6, jossa jokainen oppilas voi kasvaa ja oppia kansainv\u00e4lisess\u00e4 yhteis\u00f6ss\u00e4, iloitsee rehtori <strong>Elli Sainio<\/strong>.\u00a0<\/p>\n<p>Turun kansainv\u00e4linen koulu tarjoaa opetusta englanniksi perusopetuksen luokille 1\u20139.\u00a0<\/p>\n<p>Englanninkieliselle perusopetukselle on suuri tarve, sill\u00e4 Turkuun muuttaa jatkuvasti perheit\u00e4 ulkomailta. Englanninkielinen perusopetus palvelee sek\u00e4 maahanmuuttajataustaisia perheit\u00e4 ett\u00e4 suomalaisia paluumuuttajaperheit\u00e4, joiden lapset ovat k\u00e4yneet kansainv\u00e4list\u00e4 koulua ulkomailla.<\/p>\n<p>T\u00e4ll\u00e4 hetkell\u00e4 kansainv\u00e4lisess\u00e4 koulussa puhutaan 38 eri \u00e4idinkielt\u00e4, ja oppilaista viidesosa on suomenkielisi\u00e4.<\/p>\n<p><strong>Turku on englanninkielisen koulutuksen edell\u00e4k\u00e4vij\u00e4<\/strong><\/p>\n<p>Tilat on suunniteltu erityisesti kansainv\u00e4lisen koulun tarpeisiin, ja ne mahdollistavat entist\u00e4 paremmin yhteis\u00f6llisyyden, turvallisuuden ja oppimisen ilon.\u00a0<\/p>\n<p>\u2013 Kupittaa on Turun merkitt\u00e4v\u00e4 innovaatio- ja koulutuskeskittym\u00e4, jossa sijaitsevat useat oppilaitokset, yritykset ja tutkimusorganisaatiot. Kansainv\u00e4lisen koulun sijoittuminen alueelle vahvistaa Turun asemaa englanninkielisen koulutuksen edell\u00e4k\u00e4vij\u00e4n\u00e4 Suomessa, Sainio kertoo.<\/p>\n<p>Vuonna 2003 toimintansa aloittaneen Turun kansainv\u00e4lisen koulun peruskoulun oppilasm\u00e4\u00e4r\u00e4 on t\u00e4ll\u00e4 hetkell\u00e4 noin 250. Uuteen kiinteist\u00f6\u00f6n on toteutettu tilat 450 oppilaalle.<\/p>\n<p>\u2013 Koulun oppilasm\u00e4\u00e4r\u00e4 on kasvanut tasaisesti, ja muutto uusiin tiloihin mahdollistaa paremman oppimisymp\u00e4rist\u00f6n lis\u00e4ksi toiminnan laajentamisen. My\u00f6hemmin tulee v\u00e4\u00e4j\u00e4\u00e4m\u00e4tt\u00e4 tarve lis\u00e4t\u00e4 my\u00f6s englanninkielist\u00e4 lukio- ja ammatillista koulutusta Turussa, toteaa perusopetuksen palvelualuejohtaja <strong>Krista Lahtinen<\/strong>.<\/p>\n<p>Turun kansainv\u00e4lisen koulun peruskoulun opetus siirtyi Turun yliopistolta Turun kaupungin toteuttavaksi elokuussa 2025. Uusien tilojen kiinteist\u00f6n\u00a0omistaa yhteiskuntakiinteist\u00f6sijoittaja Hems\u00f6, jolta kaupunki vuokraa tilat.<\/p>\n<p><strong>Kuva: Hems\u00f6 \/ Kuvatoimisto Kuvio<\/strong><\/p>\n","protected":false},"excerpt":{"rendered":"Turun kansainv\u00e4lisen koulun perusopetus on aloittanut kev\u00e4tlukukauden osoitteessa Lemmink\u00e4isenkatu 30. Kupittaalla sijaitsevat tilat tarjoavat oppilaille ja koulun henkil\u00f6kunnalle&hellip;\n","protected":false},"author":2,"featured_media":135655,"comment_status":"","ping_status":"","sticky":false,"template":"","format":"standard","meta":{"footnotes":""},"categories":[12],"tags":[22,23,26,27,33,31,30,17,24,25,28,29,15,18,21,32,19,20,16],"class_list":{"0":"post-135654","1":"post","2":"type-post","3":"status-publish","4":"format-standard","5":"has-post-thumbnail","7":"category-suomi","8":"tag-breaking-news","9":"tag-breakingnews","10":"tag-featured-news","11":"tag-featurednews","12":"tag-fi","13":"tag-finland","14":"tag-finnish","15":"tag-headlines","16":"tag-latest-news","17":"tag-latestnews","18":"tag-main-news","19":"tag-mainnews","20":"tag-news","21":"tag-otsikot","22":"tag-paauutiset","23":"tag-suomi","24":"tag-top-stories","25":"tag-topstories","26":"tag-uutiset"},"share_on_mastodon":{"url":"https:\/\/pubeurope.com\/@fi\/115852770250782688","error":""},"_links":{"self":[{"href":"https:\/\/www.europesays.com\/fi\/wp-json\/wp\/v2\/posts\/135654","targetHints":{"allow":["GET"]}}],"collection":[{"href":"https:\/\/www.europesays.com\/fi\/wp-json\/wp\/v2\/posts"}],"about":[{"href":"https:\/\/www.europesays.com\/fi\/wp-json\/wp\/v2\/types\/post"}],"author":[{"embeddable":true,"href":"https:\/\/www.europesays.com\/fi\/wp-json\/wp\/v2\/users\/2"}],"replies":[{"embeddable":true,"href":"https:\/\/www.europesays.com\/fi\/wp-json\/wp\/v2\/comments?post=135654"}],"version-history":[{"count":0,"href":"https:\/\/www.europesays.com\/fi\/wp-json\/wp\/v2\/posts\/135654\/revisions"}],"wp:featuredmedia":[{"embeddable":true,"href":"https:\/\/www.europesays.com\/fi\/wp-json\/wp\/v2\/media\/135655"}],"wp:attachment":[{"href":"https:\/\/www.europesays.com\/fi\/wp-json\/wp\/v2\/media?parent=135654"}],"wp:term":[{"taxonomy":"category","embeddable":true,"href":"https:\/\/www.europesays.com\/fi\/wp-json\/wp\/v2\/categories?post=135654"},{"taxonomy":"post_tag","embeddable":true,"href":"https:\/\/www.europesays.com\/fi\/wp-json\/wp\/v2\/tags?post=135654"}],"curies":[{"name":"wp","href":"https:\/\/api.w.org\/{rel}","templated":true}]}}