{"id":135659,"date":"2026-01-07T08:17:09","date_gmt":"2026-01-07T08:17:09","guid":{"rendered":"https:\/\/www.europesays.com\/fi\/135659\/"},"modified":"2026-01-07T08:17:09","modified_gmt":"2026-01-07T08:17:09","slug":"rinkeliruhtinaalla-erikoiset-asumisjarjestelyt-%e2%88%92-asuu-vaimonsa-kanssa-erillaan","status":"publish","type":"post","link":"https:\/\/www.europesays.com\/fi\/135659\/","title":{"rendered":"Rinkeliruhtinaalla erikoiset asumisj\u00e4rjestelyt \u2212 asuu vaimonsa kanssa erill\u00e4\u00e4n"},"content":{"rendered":"<p>            Warner Bros. Discovery\n        <\/p>\n<p class=\"subtitle \">Sami Haara ja h\u00e4nen kumppaninsa Charlotte Fellman p\u00e4\u00e4tyiv\u00e4t erikoiseen asumisj\u00e4rjestelyyn.<\/p>\n<p class=\"article-content article-content-width !bg-background\">Aller Studiosin uutuussarja Rinkeliruhtinas alkaa TV5:ll\u00e4 keskiviikkona 7. tammikuuta. Sarjassa seurataan yritt\u00e4j\u00e4pariskunnan, &#8221;rinkeliruhtinas&#8221;  ja h\u00e4nen puolisonsa, , el\u00e4m\u00e4\u00e4.<\/p>\n<p class=\"article-content article-content-width !bg-background\">Sami Haara on kolmannen polven yritt\u00e4j\u00e4, jonka valmistamat rinkelit ovat maailmanlaajuisesti ainutlaatuisia.\u00a0<\/p>\n<p class=\"article-content article-content-width !bg-background\">Sami menetti vanhempansa, kun oli vain parikymppinen, ja sen my\u00f6t\u00e4 perinteik\u00e4s tehdas j\u00e4i h\u00e4nen vastuulleen.<\/p>\n<p>                <img decoding=\"async\" src=\"https:\/\/www.europesays.com\/fi\/wp-content\/uploads\/2026\/01\/2026306.webp.jpeg\" width=\"576\" height=\"312\" alt=\"Sami Haara on kolmannen polven yritt\u00e4j\u00e4, joka johtaa Keskin rinkelitehdasta Suonenjoella.\" loading=\"lazy\" \/>            <\/p>\n<p>\n            Sami Haara on kolmannen polven yritt\u00e4j\u00e4, joka johtaa Keskin rinkelitehdasta Suonenjoella.<br \/>\n            Marek Sabogal, Warner Bros. Discovery\n        <\/p>\n<p class=\"article-content article-content-width !bg-background\">Ohjelman tiedotteen mukaan paineet ovat olleet kovat, mutta Sami on sinnitellyt l\u00e4pi talouskriisien ja henkil\u00f6kohtaisten haasteiden. H\u00e4n on suorasanainen ja voimakastahtoinen, mutta samalla l\u00e4mmin ja lojaali &#8211; mies, joka tekee kaiken suurella syd\u00e4mell\u00e4.<\/p>\n<p>                <img decoding=\"async\" src=\"https:\/\/www.europesays.com\/fi\/wp-content\/uploads\/2026\/01\/2026317.webp.jpeg\" width=\"576\" height=\"432\" alt=\"Sarjan avausjaksossa Charlotte Fellmanin vieraaksi tulee tv-persoona Susanna Penttil\u00e4.\" loading=\"lazy\" \/>            <\/p>\n<p>\n            Sarjan avausjaksossa Charlotte Fellmanin vieraaksi tulee tv-persoona Susanna Penttil\u00e4.<br \/>\n            Warner Bros. Discovery\n        <\/p>\n<p class=\"article-content article-content-width !bg-background\">Samin puoliso Charlotte Fellman on kauneusalan yritt\u00e4j\u00e4, joka py\u00f6ritt\u00e4\u00e4 omaa klinikkaansa Helsingin Kaivopuistossa. Rinkeliruhtinaassa seurataan my\u00f6s Charlotten arkea klinikalla, jossa Suomen eturivin julkkikset hakevat rentoutusta ja ylellist\u00e4 hoitohemmottelua kiireen keskell\u00e4.<\/p>\n<p>Yhdess\u00e4, mutta erill\u00e4\u00e4n<\/p>\n<p class=\"article-content article-content-width !bg-background\">Samilla ja Charlottella on oma pieni poika, . Vanhemmat asuvat naapureina omissa kodeissaan ja hoitavat poikaansa vuorotellen, mutta viikonloput ja lomat koko perhe viett\u00e4\u00e4 yhdess\u00e4.<\/p>\n<p>                <img decoding=\"async\" src=\"https:\/\/www.europesays.com\/fi\/wp-content\/uploads\/2026\/01\/2026347.webp.jpeg\" width=\"576\" height=\"370\" alt=\"Sami Haara ja Charlotte Fellman hoitavat Prince-poikaansa vuorotellen.\" loading=\"lazy\" \/>            <\/p>\n<p>\n            Sami Haara ja Charlotte Fellman hoitavat Prince-poikaansa vuorotellen.<br \/>\n            Marek Sabogal, Warner Bros. Discovery\n        <\/p>\n<p class=\"article-content article-content-width !bg-background\">Samin ja Charlotten suhteessa on haasteensa. Sami on temperamenttinen ja voimakastahtoinen, eik\u00e4 aina helpoin ihminen jakaa el\u00e4m\u00e4\u00e4. Silti kaksikon v\u00e4lill\u00e4 on vahva side ja rakkaus, joka kantaa erimielisyyksien ja arjen kaaoksen yli.<\/p>\n<p class=\"article-content article-content-width !bg-background\">Sarjassa seurataan Samin ja Charlotten el\u00e4m\u00e4\u00e4 niin kotimaassa kuin maailmallakin. Espanjan Aurinkorannikolla perhe viett\u00e4\u00e4 ensimm\u00e4ist\u00e4 pidemp\u00e4\u00e4 lomaa yhdess\u00e4, jossa kaikki ei mene aivan suunnitelmien mukaan.<\/p>\n<p class=\"article-content article-content-width !bg-background\">Kaliforniassa Sami jahtaa t\u00e4ydellist\u00e4 bagel-resepti\u00e4 ja tutustuu paikallisiin leipurilegendoihin. Sveitsin Alpeille h\u00e4n puolestaan vie parhaat rinkelikauppiaat palkintomatkalle, joka saa yll\u00e4tt\u00e4vi\u00e4kin k\u00e4\u00e4nteit\u00e4.<\/p>\n<p class=\"italic m-italic article-content article-content-width !bg-background\">Rinkeliruhtinas 7. tammikuuta alkaen TV5:ll\u00e4 keskiviikkoisin kello 20.30.\u00a0<\/p>\n<p class=\"italic m-italic article-content article-content-width !bg-background\">Aller Studios ja Katso kuuluvat samaan Aller-konserniin. <\/p>\n","protected":false},"excerpt":{"rendered":"Warner Bros. Discovery Sami Haara ja h\u00e4nen kumppaninsa Charlotte Fellman p\u00e4\u00e4tyiv\u00e4t erikoiseen asumisj\u00e4rjestelyyn. Aller Studiosin uutuussarja Rinkeliruhtinas alkaa&hellip;\n","protected":false},"author":2,"featured_media":135660,"comment_status":"","ping_status":"","sticky":false,"template":"","format":"standard","meta":{"footnotes":""},"categories":[133],"tags":[23642,137,33,31,30,23643,23646,32,206,156,2688,109,4004],"class_list":{"0":"post-135659","1":"post","2":"type-post","3":"status-publish","4":"format-standard","5":"has-post-thumbnail","7":"category-televisiot","8":"tag-charlotte-fellman","9":"tag-entertainment","10":"tag-fi","11":"tag-finland","12":"tag-finnish","13":"tag-rinkeliruhtinas","14":"tag-sami-haara","15":"tag-suomi","16":"tag-televisiot","17":"tag-tv","18":"tag-tv5","19":"tag-viihde","20":"tag-yrittajyys"},"share_on_mastodon":{"url":"https:\/\/pubeurope.com\/@fi\/115852833160951439","error":""},"_links":{"self":[{"href":"https:\/\/www.europesays.com\/fi\/wp-json\/wp\/v2\/posts\/135659","targetHints":{"allow":["GET"]}}],"collection":[{"href":"https:\/\/www.europesays.com\/fi\/wp-json\/wp\/v2\/posts"}],"about":[{"href":"https:\/\/www.europesays.com\/fi\/wp-json\/wp\/v2\/types\/post"}],"author":[{"embeddable":true,"href":"https:\/\/www.europesays.com\/fi\/wp-json\/wp\/v2\/users\/2"}],"replies":[{"embeddable":true,"href":"https:\/\/www.europesays.com\/fi\/wp-json\/wp\/v2\/comments?post=135659"}],"version-history":[{"count":0,"href":"https:\/\/www.europesays.com\/fi\/wp-json\/wp\/v2\/posts\/135659\/revisions"}],"wp:featuredmedia":[{"embeddable":true,"href":"https:\/\/www.europesays.com\/fi\/wp-json\/wp\/v2\/media\/135660"}],"wp:attachment":[{"href":"https:\/\/www.europesays.com\/fi\/wp-json\/wp\/v2\/media?parent=135659"}],"wp:term":[{"taxonomy":"category","embeddable":true,"href":"https:\/\/www.europesays.com\/fi\/wp-json\/wp\/v2\/categories?post=135659"},{"taxonomy":"post_tag","embeddable":true,"href":"https:\/\/www.europesays.com\/fi\/wp-json\/wp\/v2\/tags?post=135659"}],"curies":[{"name":"wp","href":"https:\/\/api.w.org\/{rel}","templated":true}]}}