{"id":135671,"date":"2026-01-07T08:27:07","date_gmt":"2026-01-07T08:27:07","guid":{"rendered":"https:\/\/www.europesays.com\/fi\/135671\/"},"modified":"2026-01-07T08:27:07","modified_gmt":"2026-01-07T08:27:07","slug":"espoon-kaupunki-poistaa-30-pysakointipaikkaa-katso-lista-poistuvista-p-paikoista-paikalliset","status":"publish","type":"post","link":"https:\/\/www.europesays.com\/fi\/135671\/","title":{"rendered":"Espoon kaupunki poistaa 30 pys\u00e4k\u00f6intipaikkaa \u2013\u2009katso lista poistuvista P-paikoista | Paikalliset"},"content":{"rendered":"<p>Kaupunki toteuttaa muutokset vaiheittain t\u00e4m\u00e4n vuoden aikana. Samalla yli 60 pys\u00e4k\u00f6intipaikkaa merkit\u00e4\u00e4n lain vaatimalla tavalla. Tavoitteena on v\u00e4hent\u00e4\u00e4 ep\u00e4selvi\u00e4 tilanteita.<\/p>\n<p>Espoon kaupunki toteuttaa vuoden 2026 alusta alkaen vaiheittain muutoksia pys\u00e4k\u00f6intikieltoalueisiin ja pys\u00e4k\u00f6innin merkitsemisk\u00e4yt\u00e4nt\u00f6ihin. Jatkossa pys\u00e4k\u00f6intikieltoalueilla ei saa merkit\u00e4 pys\u00e4k\u00f6intipaikkoja kielto- tai rajoitusmerkein, vaan pys\u00e4k\u00f6inti merkit\u00e4\u00e4n s\u00e4\u00e4nt\u00f6merkein ja tiemerkinn\u00f6in, kaupunki tiedottaa.<\/p>\n","protected":false},"excerpt":{"rendered":"Kaupunki toteuttaa muutokset vaiheittain t\u00e4m\u00e4n vuoden aikana. Samalla yli 60 pys\u00e4k\u00f6intipaikkaa merkit\u00e4\u00e4n lain vaatimalla tavalla. Tavoitteena on v\u00e4hent\u00e4\u00e4&hellip;\n","protected":false},"author":2,"featured_media":135672,"comment_status":"","ping_status":"","sticky":false,"template":"","format":"standard","meta":{"footnotes":""},"categories":[12],"tags":[22,23,400,2409,26,27,33,31,30,17,405,24,25,121,28,29,15,18,21,52,32,6688,128,19,20,16],"class_list":{"0":"post-135671","1":"post","2":"type-post","3":"status-publish","4":"format-standard","5":"has-post-thumbnail","7":"category-suomi","8":"tag-breaking-news","9":"tag-breakingnews","10":"tag-espoo","11":"tag-espoon-kaupunki","12":"tag-featured-news","13":"tag-featurednews","14":"tag-fi","15":"tag-finland","16":"tag-finnish","17":"tag-headlines","18":"tag-helsingin-seutukunta","19":"tag-latest-news","20":"tag-latestnews","21":"tag-liikenne-ja-kuljetus","22":"tag-main-news","23":"tag-mainnews","24":"tag-news","25":"tag-otsikot","26":"tag-paauutiset","27":"tag-poliisi","28":"tag-suomi","29":"tag-tapiola-espoo","30":"tag-tieliikenne","31":"tag-top-stories","32":"tag-topstories","33":"tag-uutiset"},"share_on_mastodon":{"url":"https:\/\/pubeurope.com\/@fi\/115852872873375367","error":""},"_links":{"self":[{"href":"https:\/\/www.europesays.com\/fi\/wp-json\/wp\/v2\/posts\/135671","targetHints":{"allow":["GET"]}}],"collection":[{"href":"https:\/\/www.europesays.com\/fi\/wp-json\/wp\/v2\/posts"}],"about":[{"href":"https:\/\/www.europesays.com\/fi\/wp-json\/wp\/v2\/types\/post"}],"author":[{"embeddable":true,"href":"https:\/\/www.europesays.com\/fi\/wp-json\/wp\/v2\/users\/2"}],"replies":[{"embeddable":true,"href":"https:\/\/www.europesays.com\/fi\/wp-json\/wp\/v2\/comments?post=135671"}],"version-history":[{"count":0,"href":"https:\/\/www.europesays.com\/fi\/wp-json\/wp\/v2\/posts\/135671\/revisions"}],"wp:featuredmedia":[{"embeddable":true,"href":"https:\/\/www.europesays.com\/fi\/wp-json\/wp\/v2\/media\/135672"}],"wp:attachment":[{"href":"https:\/\/www.europesays.com\/fi\/wp-json\/wp\/v2\/media?parent=135671"}],"wp:term":[{"taxonomy":"category","embeddable":true,"href":"https:\/\/www.europesays.com\/fi\/wp-json\/wp\/v2\/categories?post=135671"},{"taxonomy":"post_tag","embeddable":true,"href":"https:\/\/www.europesays.com\/fi\/wp-json\/wp\/v2\/tags?post=135671"}],"curies":[{"name":"wp","href":"https:\/\/api.w.org\/{rel}","templated":true}]}}