{"id":135679,"date":"2026-01-07T08:47:08","date_gmt":"2026-01-07T08:47:08","guid":{"rendered":"https:\/\/www.europesays.com\/fi\/135679\/"},"modified":"2026-01-07T08:47:08","modified_gmt":"2026-01-07T08:47:08","slug":"seuranta-saipa-tuo-raumalle-uuden-maalivahdin-otteluun-johon-liput-ovat-ilmaisia-satakunnan-kansa","status":"publish","type":"post","link":"https:\/\/www.europesays.com\/fi\/135679\/","title":{"rendered":"Seuranta | SaiPa tuo Raumalle uuden maalivahdin otteluun, johon liput ovat ilmaisia &#8211; Satakunnan Kansa"},"content":{"rendered":"<ol>\n<li><a href=\"https:\/\/news.google.com\/rss\/articles\/CBMicEFVX3lxTE90TkwxOXJCWlFQbVl1Qmp0WnZXVTNpQTFvUzJicG1VZUhNLTZuREFwWmwzNjhCaEx0MlFoMFpwemJ3aFlmdnl1U3dNbXRjSFRRSWVhbk5aUHJNMXdsM1dnVFNSd250WUpRakh4TEJ5ZWk?oc=5\" target=\"_blank\" rel=\"nofollow noopener\">Seuranta | SaiPa tuo Raumalle uuden maalivahdin otteluun, johon liput ovat ilmaisia<\/a>&nbsp;&nbsp;Satakunnan Kansa<\/li>\n<li><a href=\"https:\/\/news.google.com\/rss\/articles\/CBMie0FVX3lxTE5YOHVIT3RQUnFEYUIySkgtWWlsMXM2M1YwY1B2aFROQWowdnpvTEdIdl8wTlZTM3JETlBGSFhHUFlLV181SWtoaWE3TkEzWTZiLXlMMWJmOGhhZ1A2ckhrSmZBd051N3djZEJFNGJUMHhJZFBKZ2pqQjZoaw?oc=5\" target=\"_blank\" rel=\"nofollow noopener\">Raimo Helmisen SaiPa teki julmaa j\u00e4lke\u00e4 \u2013 Tulokas ratkaisi SM-liigassa<\/a>&nbsp;&nbsp;Iltalehti<\/li>\n<li><a href=\"https:\/\/news.google.com\/rss\/articles\/CBMilgFBVV95cUxQNlNBT00xT2FWOWFFS2FHUUh1YU9JZlZseFF5Wk5kVzNLZkotd0k4QzhNRWt1RFZZRXpTUlNfNEFyQU90cTItNGRlYUJzMnRfX3hrQ3F4M3k2NVdnNWF4UG5iNVMtdV9ublIwaDh3U2p4Nk84MjZ4WjhVWEY1NnZFYUJnU0wtMkZyTEdlbElONWF4NDQ1QlE?oc=5\" target=\"_blank\" rel=\"nofollow noopener\">Liiga-seuralta kova veto: ilmainen sis\u00e4\u00e4np\u00e4\u00e4sy otteluun!<\/a>&nbsp;&nbsp;SuomiKiekko<\/li>\n<li><a href=\"https:\/\/news.google.com\/rss\/articles\/CBMigwFBVV95cUxNekF2dDItYzM5REdyRWx0MUprdXRDdGNkZjVpNk51NE1HSlYySkhyOEYwbkZVYzhxdVozYnZndG4yLXlpajlJZlJyYmtzcm90YjdhOWxzOGNmZmdweE1MTDlBNGdpNHBCY0h4WEtUaFBiR2l6NVFlNEt4dktPdExvTXNKZw?oc=5\" target=\"_blank\" rel=\"nofollow noopener\">Liiga-seura tempaisi: lipun hinta 0 euroa!<\/a>&nbsp;&nbsp;leijonat.com<\/li>\n<li><a href=\"https:\/\/news.google.com\/rss\/articles\/CBMiswFBVV95cUxOZ2Z0NkI5eDVkTjJtWXNpTlNVckNVMm1GRnJwNVNrVEtld0FjTU1yOEk5YnV0OXNTRVRKMUJ0YTk3WnM2YWtRUlFPV0VuQUN6NGEtMUl6aXBMSm1lMTRsd0JremRUWGFZQllCMjZaM3NZUFhVeFFrYWNpdlVtUnJRZ0RQWHl1YVg3ME53VDVPN3h3Q19WeEc5ZFlnRFVjc1pQSUNuSzdqVzNsN0pJZDVJSFE3NA?oc=5\" target=\"_blank\" rel=\"nofollow noopener\">H\u00e4rk\u00e4viikot k\u00e4yntiin Raumalla \u2013 SaiPa kohtaa vahvavireisen Lukon<\/a>&nbsp;&nbsp;Lappeenrannan SaiPa<\/li>\n<\/ol>\n","protected":false},"excerpt":{"rendered":"Seuranta | SaiPa tuo Raumalle uuden maalivahdin otteluun, johon liput ovat ilmaisia&nbsp;&nbsp;Satakunnan Kansa Raimo Helmisen SaiPa teki julmaa&hellip;\n","protected":false},"author":2,"featured_media":135680,"comment_status":"","ping_status":"","sticky":false,"template":"","format":"standard","meta":{"footnotes":""},"categories":[158],"tags":[33,31,30,80,159,32,160],"class_list":{"0":"post-135679","1":"post","2":"type-post","3":"status-publish","4":"format-standard","5":"has-post-thumbnail","7":"category-urheilu","8":"tag-fi","9":"tag-finland","10":"tag-finnish","11":"tag-satakunnan-kansa","12":"tag-sports","13":"tag-suomi","14":"tag-urheilu"},"share_on_mastodon":{"url":"https:\/\/pubeurope.com\/@fi\/115852951168427588","error":""},"_links":{"self":[{"href":"https:\/\/www.europesays.com\/fi\/wp-json\/wp\/v2\/posts\/135679","targetHints":{"allow":["GET"]}}],"collection":[{"href":"https:\/\/www.europesays.com\/fi\/wp-json\/wp\/v2\/posts"}],"about":[{"href":"https:\/\/www.europesays.com\/fi\/wp-json\/wp\/v2\/types\/post"}],"author":[{"embeddable":true,"href":"https:\/\/www.europesays.com\/fi\/wp-json\/wp\/v2\/users\/2"}],"replies":[{"embeddable":true,"href":"https:\/\/www.europesays.com\/fi\/wp-json\/wp\/v2\/comments?post=135679"}],"version-history":[{"count":0,"href":"https:\/\/www.europesays.com\/fi\/wp-json\/wp\/v2\/posts\/135679\/revisions"}],"wp:featuredmedia":[{"embeddable":true,"href":"https:\/\/www.europesays.com\/fi\/wp-json\/wp\/v2\/media\/135680"}],"wp:attachment":[{"href":"https:\/\/www.europesays.com\/fi\/wp-json\/wp\/v2\/media?parent=135679"}],"wp:term":[{"taxonomy":"category","embeddable":true,"href":"https:\/\/www.europesays.com\/fi\/wp-json\/wp\/v2\/categories?post=135679"},{"taxonomy":"post_tag","embeddable":true,"href":"https:\/\/www.europesays.com\/fi\/wp-json\/wp\/v2\/tags?post=135679"}],"curies":[{"name":"wp","href":"https:\/\/api.w.org\/{rel}","templated":true}]}}