{"id":135681,"date":"2026-01-07T08:48:09","date_gmt":"2026-01-07T08:48:09","guid":{"rendered":"https:\/\/www.europesays.com\/fi\/135681\/"},"modified":"2026-01-07T08:48:09","modified_gmt":"2026-01-07T08:48:09","slug":"jazz-jkln-avaa-vuotensa-18-tapahtuman-kattauksella","status":"publish","type":"post","link":"https:\/\/www.europesays.com\/fi\/135681\/","title":{"rendered":"Jazz Jkl:n avaa vuotensa 18 tapahtuman kattauksella"},"content":{"rendered":"<p>Jazz Jkl:n vuoden 2026 ensimm\u00e4inen ohjelmakausi on julkaistu. Jazzmusiikin monimuotoisuutta sek\u00e4 Jazz Suomi 100 -juhlavuotta juhlistava kattaus sis\u00e4lt\u00e4\u00e4 18 tapahtumaa, ulottuen Jyv\u00e4skyl\u00e4st\u00e4 tuttuun tapaan my\u00f6s Keuruulle, Pet\u00e4j\u00e4vedelle ja Viitasaarelle. Keski-Suomen kulttuurirahaston tukemana uutta tapahtumatoimintaa pilotoidaan my\u00f6s Konnevedell\u00e4 ja Hankasalmella.<\/p>\n<p><img decoding=\"async\" loading=\"lazy\" class=\"size-full wp-image-136644\" src=\"https:\/\/www.europesays.com\/fi\/wp-content\/uploads\/2026\/01\/2.-Mikko-Heleva\u0308-KuvaJohannaHjorth.4.jpg\" alt=\"\" width=\"1000\" height=\"750\"  \/>Mikko Helev\u00e4 KUVA Johanna Hjorth<\/p>\n<p>Ohjelmakausi k\u00e4ynnistyy to 8.1. Pauli Lyytinen Rabbit Holen esiintymisell\u00e4 Popparissa. Emma-palkitun saksofonistin uusi trio synnytt\u00e4\u00e4 rehev\u00e4\u00e4 ja moniulotteista \u00e4\u00e4nimaisemaa, josta l\u00f6ytyy niin elektrojazzin, vapaan improvisaation kuin taidepopinkin s\u00e4vyj\u00e4. Jazz Jkl Collective k\u00e4ynnist\u00e4\u00e4 vuotensa Hammond-urkutaiteilija <strong>Mikko Helev\u00e4n<\/strong> kanssa, esitt\u00e4en jazzklassikoita eri vuosikymmenilt\u00e4 l\u00e4mpimill\u00e4 urkusoundeilla h\u00f6ystettyn\u00e4 Popparissa pe 16.1. ja Lyhty Viitasaaressa la 17.1. Rumpali <strong>Joonas Riipan<\/strong>, basisti <strong>Ville Herralan<\/strong> ja saksofonisti <strong>Mikko Innasen<\/strong> muodostama ja vapaassa hengess\u00e4 operoiva PLOP juhlii 20. toimintavuottaan kierueella, joka ulottuu Vakiopaineeseen la 31.1.<\/p>\n<p><img decoding=\"async\" loading=\"lazy\" class=\"size-full wp-image-136651\" src=\"https:\/\/www.europesays.com\/fi\/wp-content\/uploads\/2026\/01\/3.-PLOP-c-Kaisa-Rautaheimo.jpg\" alt=\"\" width=\"1000\" height=\"563\"  \/>PLOP KUVA Kaisa Rautaheimo<\/p>\n<p>Jyv\u00e4skyl\u00e4l\u00e4isl\u00e4ht\u00f6inen kitarataituri <strong>Tuomo Dahlblom<\/strong> esiintyy uuden trionsa kanssa Popparissa ke 4.2.<br \/>Seitsenhenkinen Mimie Moore Jazz Edition valloittaa tarinoillaan, stemmalaulullaan ja skiffle-mausteillaan Popparissa la 14.2. sek\u00e4 Keuruun Kimarassa su 15.2. Luvassa on eturivin jazzmuusikoiden t\u00e4hditt\u00e4m\u00e4 yll\u00e4tyksellinen show, joka liikkuu konstailemattomasti suurten tunteiden ja svengin aallokossa.<br \/>Saksofonisti <strong>Jukka Perko<\/strong> ja Jazz Jkl Collective esiintyv\u00e4t ensimm\u00e4isell\u00e4 Konneveden jazzklubilla ke 18.2. Kotimaisilla ja kansainv\u00e4lisill\u00e4 ikivihreill\u00e4 herkutteleva ohjelma kuullaan my\u00f6s Hankasalmella to 19.2., Jyv\u00e4skyl\u00e4n Popparissa pe 20.2., ja Viitasaaren Lyhdyss\u00e4 la 21.2.<\/p>\n<p><img decoding=\"async\" loading=\"lazy\" class=\"size-full wp-image-136642\" src=\"https:\/\/www.europesays.com\/fi\/wp-content\/uploads\/2026\/01\/4.-Tuomo-Dahblom-c-Tuomas-Timonen-002.jpeg\" alt=\"\" width=\"1000\" height=\"750\"  \/>Tuomo Dahblom KUVA Tuomas Timonen<\/p>\n<p>Palkituista pohjoismaisista muusikoista koostuva ruotsalais-suomalainen Lexingtone vierailee Jazz Jkl Live -konserttisarjassa tuoreella kokoonpanollaan ke 4.3. Lexingtone on ammentanut inspiraatiota Blue Note -levy-yhti\u00f6n hyv\u00e4ntuulisesti svengaavasta jazzestetiikasta. Yhtyeess\u00e4 on mukana jyv\u00e4skyl\u00e4l\u00e4isl\u00e4ht\u00f6inen pianisti <strong>Joona Toivanen. <\/strong>Trumpetisti <strong>Mikko \u201cGunu\u201d Karjalainen<\/strong> ja Jazz Jkl Collective esitt\u00e4v\u00e4t tribuutin <strong>Clifford Brownille<\/strong> Viitasaarella, Pet\u00e4j\u00e4vedell\u00e4 ja Keuruulla 12.\u201314.3. Ilmavoimien Big Bandin ja Jyv\u00e4skyl\u00e4 Sinfonian yhteiskonsertin viralliset jatkot pidet\u00e4\u00e4n Ravintola Popparissa Karjalaisen ja Jazz Jkl Collectiven is\u00e4nn\u00f6imien avoimien jamien merkeiss\u00e4 to 26.3. Kausi huipentuu <strong>Aili Ikosen<\/strong> ja Jukka Perkon uunituoreen Klasstet -kokoonpanon konsertteihin Popparissa 28.3. ja Keuruun Kimarassa 29.3. Klasstet tulkitsee klassisen musiikin helmi\u00e4 tuorein suomenkielisin lyriikoin.<\/p>\n<p><img decoding=\"async\" loading=\"lazy\" class=\"size-full wp-image-136645\" src=\"https:\/\/www.europesays.com\/fi\/wp-content\/uploads\/2026\/01\/8-Mikko-Karjalainen-c-Ilkka-Arola.jpeg\" alt=\"\" width=\"1000\" height=\"563\"  \/>Mikko Karjalainen KUVA Ilkka Arola<\/p>\n<p><strong>Jazz Jkl:n alkuvuoden ohjelma:<\/strong><\/p>\n<p>To 8.1. Jazz Jkl Live: Pauli Lyytinen Rabbit Hole (FI\/NO)<br \/>Pe 16.1. Perjantain jazzklubi: Jazz Jkl Collective feat. Mikko Helev\u00e4<br \/>La 17.1. Viitasaaren jazzklubi: Jazz Jkl Collective feat. Mikko Helev\u00e4<br \/>La 31.1. Jazz Jkl Live: PLOP<br \/>Ke 4.2. Jazz Jkl Live: Tuomo Dahlblom Trio (FI\/IT)<br \/>La 14.2. Jazz Jkl Live: Mimie Moore Jazz Edition<br \/>Su 15.2. Keuruun jazzklubi: Mimie Moore Jazz Edition<br \/>Ke 18.2. Konneveden jazzklubi: Jazz Jkl Collective feat. Jukka Perko<br \/>To 19.2. Hankasalmen jazzklubi: Jazz Jkl Collective feat. Jukka Perko<br \/>Pe 20.2. Perjantain jazzklubi: Jazz Jkl Collective feat. Jukka Perko<br \/>La 21.2. Viitasaaren jazzklubi: Jazz Jkl Collective feat. Jukka Perko<br \/>Ke 4.3. Jazz Jkl Live: Lexingtone (SE\/FI)<br \/>To 12.3. Viitasaaren jazzklubi: Jazz Jkl Collective feat. Mikko \u201dGunu\u201d Karjalainen<br \/>Pe 13.3. Pet\u00e4j\u00e4veden jazzklubi: Jazz Jkl Collective feat. Mikko \u201dGunu\u201d Karjalainen<br \/>La 14.3. Keuruun jazzklubi: Jazz Jkl Collective feat. Mikko \u201dGunu\u201d Karjalainen<br \/>To 26.3. All That Jazz -jamit: Jazz Jkl Collective feat. Mikko \u201dGunu\u201d Karjalainen<br \/>La 28.3. Jazz Jkl Live: Aili Ikonen &amp; Jukka Perko Klasstet<br \/>Su 29.3. Keuruun jazzklubi: Aili Ikonen &amp; Jukka Perko Klasstet<\/p>\n<p><a href=\"https:\/\/jazzjkl.fi\/\" rel=\"nofollow noopener\" target=\"_blank\"><strong>LUE LIS\u00c4\u00c4 T\u00c4ST\u00c4I<\/strong><\/a><\/p>\n","protected":false},"excerpt":{"rendered":"Jazz Jkl:n vuoden 2026 ensimm\u00e4inen ohjelmakausi on julkaistu. Jazzmusiikin monimuotoisuutta sek\u00e4 Jazz Suomi 100 -juhlavuotta juhlistava kattaus sis\u00e4lt\u00e4\u00e4&hellip;\n","protected":false},"author":2,"featured_media":135682,"comment_status":"","ping_status":"","sticky":false,"template":"","format":"standard","meta":{"footnotes":""},"categories":[130],"tags":[137,33,31,30,32,109],"class_list":{"0":"post-135681","1":"post","2":"type-post","3":"status-publish","4":"format-standard","5":"has-post-thumbnail","7":"category-viihde","8":"tag-entertainment","9":"tag-fi","10":"tag-finland","11":"tag-finnish","12":"tag-suomi","13":"tag-viihde"},"share_on_mastodon":{"url":"https:\/\/pubeurope.com\/@fi\/115852955029480862","error":""},"_links":{"self":[{"href":"https:\/\/www.europesays.com\/fi\/wp-json\/wp\/v2\/posts\/135681","targetHints":{"allow":["GET"]}}],"collection":[{"href":"https:\/\/www.europesays.com\/fi\/wp-json\/wp\/v2\/posts"}],"about":[{"href":"https:\/\/www.europesays.com\/fi\/wp-json\/wp\/v2\/types\/post"}],"author":[{"embeddable":true,"href":"https:\/\/www.europesays.com\/fi\/wp-json\/wp\/v2\/users\/2"}],"replies":[{"embeddable":true,"href":"https:\/\/www.europesays.com\/fi\/wp-json\/wp\/v2\/comments?post=135681"}],"version-history":[{"count":0,"href":"https:\/\/www.europesays.com\/fi\/wp-json\/wp\/v2\/posts\/135681\/revisions"}],"wp:featuredmedia":[{"embeddable":true,"href":"https:\/\/www.europesays.com\/fi\/wp-json\/wp\/v2\/media\/135682"}],"wp:attachment":[{"href":"https:\/\/www.europesays.com\/fi\/wp-json\/wp\/v2\/media?parent=135681"}],"wp:term":[{"taxonomy":"category","embeddable":true,"href":"https:\/\/www.europesays.com\/fi\/wp-json\/wp\/v2\/categories?post=135681"},{"taxonomy":"post_tag","embeddable":true,"href":"https:\/\/www.europesays.com\/fi\/wp-json\/wp\/v2\/tags?post=135681"}],"curies":[{"name":"wp","href":"https:\/\/api.w.org\/{rel}","templated":true}]}}