{"id":135684,"date":"2026-01-07T08:52:10","date_gmt":"2026-01-07T08:52:10","guid":{"rendered":"https:\/\/www.europesays.com\/fi\/135684\/"},"modified":"2026-01-07T08:52:10","modified_gmt":"2026-01-07T08:52:10","slug":"neuvostoliiton-myyra-aldrich-ames-on-kuollut","status":"publish","type":"post","link":"https:\/\/www.europesays.com\/fi\/135684\/","title":{"rendered":"Neuvostoliiton myyr\u00e4 Aldrich Ames on kuollut"},"content":{"rendered":"<p>Ames luovutti muun muassa tietoja l\u00e4nsimaisista agenteista Neuvostoliiton tiedustelupalvelulle.<\/p>\n<p class=\"article-body mb-nof-24 px-nof-16\">Yhdysvaltain keskustiedustelupalvelussa CIA:ssa ty\u00f6skennellyt Neuvostoliiton myyr\u00e4 <a class=\"font-bold underline-offset-[0.12em] [text-decoration:var(--person-link-text-decoration)] ![text-decoration-color:var(--person-link-text-decoration-color)]\" href=\"https:\/\/www.is.fi\/haku\/?query=Aldrich%20Ames\" rel=\"nofollow noopener\" target=\"_blank\">Aldrich Ames<\/a> on kuollut, muun muassa <a class=\"underline underline-offset-[0.12em] [text-decoration-thickness:var(--generic-link-underline-thickness)] [text-decoration-color:var(--generic-link-underline-color)] [text-decoration-skip-ink:var(--generic-link-underline-skip-ink)] break-words\" href=\"https:\/\/www.theguardian.com\/us-news\/2026\/jan\/06\/aldrich-ames-cia-agent-dead\" rel=\"nofollow noopener\" target=\"_blank\">The Guardian<\/a> ja <a class=\"underline underline-offset-[0.12em] [text-decoration-thickness:var(--generic-link-underline-thickness)] [text-decoration-color:var(--generic-link-underline-color)] [text-decoration-skip-ink:var(--generic-link-underline-skip-ink)] break-words\" href=\"https:\/\/www.politico.com\/news\/2026\/01\/06\/cia-turncoat-aldrich-ames-who-sold-secrets-to-the-soviets-dies-in-prison-at-84-00713587\" rel=\"nofollow noopener\" target=\"_blank\">Politico<\/a> uutisoivat. Yhdysvaltojen vankiloista vastaava virasto vahvisti miehen kuoleman. Ames kuoli Marylandissa sijaitsevassa vankilassa 84-vuotiaana.<\/p>\n<p class=\"article-body mb-nof-24 px-nof-16\">Ames nousi uutisotsikoihin helmikuussa 1994, kun h\u00e4net pid\u00e4tettiin vakoilusta ja veronkierrosta ep\u00e4iltyn\u00e4. Amesin vaimo pid\u00e4tettiin samassa yhteydess\u00e4 miehens\u00e4 auttamisesta. Molemmat my\u00f6nsiv\u00e4t syytteet. Ames tuomittiin elinkautiseen vankeusrangaistukseen ilman mahdollisuutta ehdonalaiseen vapauteen, kun taas h\u00e4nen vaimonsa sai hieman yli viisi vuotta vankeutta.<\/p>\n<p class=\"article-body mb-nof-24 px-nof-16\">Ames tunnusti v\u00e4litt\u00e4neens\u00e4 tietoja Moskovaan reilun vuosikymmenen. Ames muun muassa paljasti rautaesiripun takana ty\u00f6skennelleiden l\u00e4nsimaalaisten agenttien henkil\u00f6llisyyksi\u00e4.<\/p>\n<p class=\"article-body mb-nof-24 px-nof-16\">Amesilla oli my\u00f6s l\u00f6yhi\u00e4 kytk\u00f6ksi\u00e4 Suomeen. H\u00e4nen uskotaan mahdollisesti varoittaneen KGB:t\u00e4 siit\u00e4, ett\u00e4 l\u00e4nsimaissa oltiin neuvostovakooja \u201d<a class=\"font-bold underline-offset-[0.12em] [text-decoration:var(--person-link-text-decoration)] ![text-decoration-color:var(--person-link-text-decoration-color)]\" href=\"https:\/\/www.is.fi\/haku\/?query=Reino%20Gikmanin\" rel=\"nofollow noopener\" target=\"_blank\">Reino Gikmanin<\/a>\u201d j\u00e4ljill\u00e4. Gikman asui Suomessa, mutta ehti kadota vaimonsa kanssa eik\u00e4 h\u00e4nt\u00e4 koskaan saatu kiinni.<\/p>\n<p class=\"article-body mb-nof-24 px-nof-16\">Ames todenn\u00e4k\u00f6isesti kytkeytyy my\u00f6s neuvostoliittolaisen kaksoisagentin <a class=\"font-bold underline-offset-[0.12em] [text-decoration:var(--person-link-text-decoration)] ![text-decoration-color:var(--person-link-text-decoration-color)]\" href=\"https:\/\/www.is.fi\/haku\/?query=Oleg%20Gordijevskin\" rel=\"nofollow noopener\" target=\"_blank\">Oleg Gordijevskin<\/a> tapaukseen, brittikirjailija <a class=\"font-bold underline-offset-[0.12em] [text-decoration:var(--person-link-text-decoration)] ![text-decoration-color:var(--person-link-text-decoration-color)]\" href=\"https:\/\/www.is.fi\/haku\/?query=Ben%20Macintyre\" rel=\"nofollow noopener\" target=\"_blank\">Ben Macintyre<\/a> kirjoitti Vakooja ja petturi -kirjassaan. KGB-evesti Gordijevski vakoili kylm\u00e4n sodan aikana Britannialle. H\u00e4n pakeni Moskovasta Britanniaan Suomen kautta vuonna 1985.<\/p>\n<p class=\"article-body mb-nof-24 px-nof-16\">Macintyren mukaan Ames todenn\u00e4k\u00f6isesti johdatti KGB:n Gordijevskin j\u00e4ljille. Gordijevski kuoli Britanniassa viime vuonna 85-vuotiaana.<\/p>\n","protected":false},"excerpt":{"rendered":"Ames luovutti muun muassa tietoja l\u00e4nsimaisista agenteista Neuvostoliiton tiedustelupalvelulle. Yhdysvaltain keskustiedustelupalvelussa CIA:ssa ty\u00f6skennellyt Neuvostoliiton myyr\u00e4 Aldrich Ames on&hellip;\n","protected":false},"author":2,"featured_media":135685,"comment_status":"","ping_status":"","sticky":false,"template":"","format":"standard","meta":{"footnotes":""},"categories":[14],"tags":[22,23,26,27,33,31,30,17,34,24,25,28,29,15,18,21,32,19,20,56,16,59,60,61],"class_list":{"0":"post-135684","1":"post","2":"type-post","3":"status-publish","4":"format-standard","5":"has-post-thumbnail","7":"category-ulkomaat","8":"tag-breaking-news","9":"tag-breakingnews","10":"tag-featured-news","11":"tag-featurednews","12":"tag-fi","13":"tag-finland","14":"tag-finnish","15":"tag-headlines","16":"tag-ilta-sanomat","17":"tag-latest-news","18":"tag-latestnews","19":"tag-main-news","20":"tag-mainnews","21":"tag-news","22":"tag-otsikot","23":"tag-paauutiset","24":"tag-suomi","25":"tag-top-stories","26":"tag-topstories","27":"tag-ulkomaat","28":"tag-uutiset","29":"tag-world","30":"tag-world-news","31":"tag-worldnews"},"share_on_mastodon":{"url":"https:\/\/pubeurope.com\/@fi\/115852970782369822","error":""},"_links":{"self":[{"href":"https:\/\/www.europesays.com\/fi\/wp-json\/wp\/v2\/posts\/135684","targetHints":{"allow":["GET"]}}],"collection":[{"href":"https:\/\/www.europesays.com\/fi\/wp-json\/wp\/v2\/posts"}],"about":[{"href":"https:\/\/www.europesays.com\/fi\/wp-json\/wp\/v2\/types\/post"}],"author":[{"embeddable":true,"href":"https:\/\/www.europesays.com\/fi\/wp-json\/wp\/v2\/users\/2"}],"replies":[{"embeddable":true,"href":"https:\/\/www.europesays.com\/fi\/wp-json\/wp\/v2\/comments?post=135684"}],"version-history":[{"count":0,"href":"https:\/\/www.europesays.com\/fi\/wp-json\/wp\/v2\/posts\/135684\/revisions"}],"wp:featuredmedia":[{"embeddable":true,"href":"https:\/\/www.europesays.com\/fi\/wp-json\/wp\/v2\/media\/135685"}],"wp:attachment":[{"href":"https:\/\/www.europesays.com\/fi\/wp-json\/wp\/v2\/media?parent=135684"}],"wp:term":[{"taxonomy":"category","embeddable":true,"href":"https:\/\/www.europesays.com\/fi\/wp-json\/wp\/v2\/categories?post=135684"},{"taxonomy":"post_tag","embeddable":true,"href":"https:\/\/www.europesays.com\/fi\/wp-json\/wp\/v2\/tags?post=135684"}],"curies":[{"name":"wp","href":"https:\/\/api.w.org\/{rel}","templated":true}]}}