{"id":135688,"date":"2026-01-07T08:54:08","date_gmt":"2026-01-07T08:54:08","guid":{"rendered":"https:\/\/www.europesays.com\/fi\/135688\/"},"modified":"2026-01-07T08:54:08","modified_gmt":"2026-01-07T08:54:08","slug":"uusi-aviapoliksen-lukio-aloittaa-englanninkielisen-lukiokoulutuksen-vantaalla-elokuussa-2026","status":"publish","type":"post","link":"https:\/\/www.europesays.com\/fi\/135688\/","title":{"rendered":"Uusi Aviapoliksen lukio aloittaa englanninkielisen lukiokoulutuksen Vantaalla elokuussa 2026"},"content":{"rendered":"<p>Opetus- ja kulttuuriministeri\u00f6 (OKM) on my\u00f6nt\u00e4nyt Vantaan kaupungille j\u00e4rjest\u00e4misluvan englanninkieliseen lukiokoulutukseen elokuusta 2026 alkaen. Opetus tulee osaksi uutta Aviapoliksen lukiota. Englanninkielinen lukiokoulutuksen opetussuunnitelma vastaa suomenkielist\u00e4 lukiokoulutusta. Se on tarkoitettu niille nuorille, joiden suomen tai ruotsin kielen taito ei riit\u00e4 lukio-opintoihin suomen tai ruotsin kielell\u00e4.\u00a0\u00a0<\/p>\n<p>Englanninkielinen lukiokoulutus lis\u00e4ttiin lukiolakiin osana lukiolain uudistamista. J\u00e4rjest\u00e4mislupia pystyttiin ensimm\u00e4isen kerran hakemaan valtakunnallisesti vuonna 2025, ja englanninkielinen lukiokoulutus aloittaa valtakunnallisesti elokuussa 2026.\u00a0<\/p>\n<p><strong>Uudessa Aviapoliksen lukiossa on 30 aloituspaikkaa englanninkieliselle linjalle<\/strong>\u00a0<\/p>\n<p>Aviapoliksen lukio on uusi, viel\u00e4 rakenteilla oleva lukio Vantaalla. Aviapoliksen lukioon voi hakea jo helmikuun 2026 yhteishaussa. Uuden lukion toiminta alkaa elokuussa 2026 v\u00e4ist\u00f6tiloissa Varia Aviapoliksessa. Lukiorakennus valmistuu alkuvuodesta 2027 ja opetus siirtyy t\u00e4m\u00e4n j\u00e4lkeen uusiin lukion tiloihin. Ensimm\u00e4isen\u00e4 lukuvuotena lukiossa on 90 aloituspaikkaa, joista 30 englanninkieliselle linjalle.\u00a0<\/p>\n<p>Aviapoliksen lukion rehtoriksi on valittu <strong>Mika Luukkonen<\/strong>, joka aloittaa teht\u00e4v\u00e4ss\u00e4\u00e4n tammikuussa 2026.\u00a0<\/p>\n<p><strong>Miten englanninkielinen lukiokoulutus eroaa IB-lukiosta?<\/strong>\u00a0<\/p>\n<p>Uusi englanninkielinen lukiokoulutus vastaa opetussuunnitelman sis\u00e4ll\u00f6lt\u00e4\u00e4n Suomen kansallista lukiokoulutusta, kun taas IB-lukiossa on kyse kansainv\u00e4lisest\u00e4 IBDP-tutkinnosta, jossa noudatetaan kansainv\u00e4list\u00e4 IB-tutkinnon opetussuunnitelmaa. IB-lukio ja englanninkielinen lukiokoulutus eroavat my\u00f6s opiskelijavalinnan kriteereilt\u00e4\u00e4n: uusi englanninkielinen lukiokoulutus on rajattu niille henkil\u00f6ille, joiden suomen tai ruotsin kielen taito ei riit\u00e4 lukio-opintoihin suomen tai ruotsin kielell\u00e4, ja jotka ovat suorittaneet peruskoulun opintoja Suomessa enint\u00e4\u00e4n kolmen vuoden ajan. IB-lukioon voi puolestaan hakea, vaikka suomen tai ruotsin kielen taito riitt\u00e4isi suomen- tai ruotsinkielisiin lukio-opintoihin.\u00a0<\/p>\n<p>Vantaalaisessa Tikkurilan lukiossa on j\u00e4rjestetty jo pitk\u00e4\u00e4n englanninkielist\u00e4 IB-lukiokoulutusta. Vantaa hakee lupaa j\u00e4rjest\u00e4\u00e4 IB-koulutusta my\u00f6s varhaiskasvatuksessa, esiopetuksessa ja perusopetuksessa.\u00a0<\/p>\n","protected":false},"excerpt":{"rendered":"Opetus- ja kulttuuriministeri\u00f6 (OKM) on my\u00f6nt\u00e4nyt Vantaan kaupungille j\u00e4rjest\u00e4misluvan englanninkieliseen lukiokoulutukseen elokuusta 2026 alkaen. Opetus tulee osaksi uutta&hellip;\n","protected":false},"author":2,"featured_media":135689,"comment_status":"","ping_status":"","sticky":false,"template":"","format":"standard","meta":{"footnotes":""},"categories":[5],"tags":[22,23,26,27,33,31,30,17,24,25,28,29,15,18,21,32,19,20,16],"class_list":{"0":"post-135688","1":"post","2":"type-post","3":"status-publish","4":"format-standard","5":"has-post-thumbnail","7":"category-otsikot","8":"tag-breaking-news","9":"tag-breakingnews","10":"tag-featured-news","11":"tag-featurednews","12":"tag-fi","13":"tag-finland","14":"tag-finnish","15":"tag-headlines","16":"tag-latest-news","17":"tag-latestnews","18":"tag-main-news","19":"tag-mainnews","20":"tag-news","21":"tag-otsikot","22":"tag-paauutiset","23":"tag-suomi","24":"tag-top-stories","25":"tag-topstories","26":"tag-uutiset"},"share_on_mastodon":{"url":"https:\/\/pubeurope.com\/@fi\/115852978504183926","error":""},"_links":{"self":[{"href":"https:\/\/www.europesays.com\/fi\/wp-json\/wp\/v2\/posts\/135688","targetHints":{"allow":["GET"]}}],"collection":[{"href":"https:\/\/www.europesays.com\/fi\/wp-json\/wp\/v2\/posts"}],"about":[{"href":"https:\/\/www.europesays.com\/fi\/wp-json\/wp\/v2\/types\/post"}],"author":[{"embeddable":true,"href":"https:\/\/www.europesays.com\/fi\/wp-json\/wp\/v2\/users\/2"}],"replies":[{"embeddable":true,"href":"https:\/\/www.europesays.com\/fi\/wp-json\/wp\/v2\/comments?post=135688"}],"version-history":[{"count":0,"href":"https:\/\/www.europesays.com\/fi\/wp-json\/wp\/v2\/posts\/135688\/revisions"}],"wp:featuredmedia":[{"embeddable":true,"href":"https:\/\/www.europesays.com\/fi\/wp-json\/wp\/v2\/media\/135689"}],"wp:attachment":[{"href":"https:\/\/www.europesays.com\/fi\/wp-json\/wp\/v2\/media?parent=135688"}],"wp:term":[{"taxonomy":"category","embeddable":true,"href":"https:\/\/www.europesays.com\/fi\/wp-json\/wp\/v2\/categories?post=135688"},{"taxonomy":"post_tag","embeddable":true,"href":"https:\/\/www.europesays.com\/fi\/wp-json\/wp\/v2\/tags?post=135688"}],"curies":[{"name":"wp","href":"https:\/\/api.w.org\/{rel}","templated":true}]}}