{"id":135700,"date":"2026-01-07T09:15:08","date_gmt":"2026-01-07T09:15:08","guid":{"rendered":"https:\/\/www.europesays.com\/fi\/135700\/"},"modified":"2026-01-07T09:15:08","modified_gmt":"2026-01-07T09:15:08","slug":"valtavaa-tahtea-tarkkailleet-tutkijat-havaitsivat-jotain-joka-ravistelee-perusteorioita-elaman-rakennusaineista","status":"publish","type":"post","link":"https:\/\/www.europesays.com\/fi\/135700\/","title":{"rendered":"Valtavaa t\u00e4hte\u00e4 tarkkailleet tutkijat havaitsivat jotain, joka ravistelee perusteorioita el\u00e4m\u00e4n rakennusaineista"},"content":{"rendered":"<p>Kun t\u00e4htitieteilij\u00e4t tutkivat <a href=\"https:\/\/tieku.fi\/maailmankaikkeus\/aurinkokunta\/maa\" target=\"_blank\" class=\"hover:font-bold\" rel=\"nofollow noopener\">Maan<\/a> el\u00e4m\u00e4n alkuper\u00e4\u00e4 ja el\u00e4m\u00e4n mahdollista synty\u00e4 muualla, he tarkkailevat, miten vanhat <a href=\"https:\/\/tieku.fi\/maailmankaikkeus\/tahdet\" target=\"_blank\" class=\"hover:font-bold\" rel=\"nofollow noopener\">t\u00e4hdet<\/a> levitt\u00e4v\u00e4t kaasua ja p\u00f6ly\u00e4 avaruuteen.<\/p>\n<p>Materiaali saattaa nimitt\u00e4in sis\u00e4lt\u00e4\u00e4 t\u00e4rkeit\u00e4 <a href=\"https:\/\/tieku.fi\/fysiikka\/jaksollinen-jarjestelma\/alkuaineet-lue-maapallon-ihmeellisista-alkuaineista\" class=\"hover:font-bold\" rel=\"nofollow noopener\" target=\"_blank\">alkuaineita<\/a>, joista voi muodostua uusia planeettoja ja el\u00e4m\u00e4\u00e4.<\/p>\n<p>Yksi astronomien suosikkit\u00e4hdist\u00e4 on R Doradus. Se on vain 180 valovuoden p\u00e4\u00e4ss\u00e4 Maasta ja sen voi n\u00e4hd\u00e4 etel\u00e4iselt\u00e4 pallonpuoliskolta, mink\u00e4 vuoksi sit\u00e4 on helppo havainnoida.<\/p>\n<p>Uudessa tutkimuksessa G\u00f6teborgissa toimivan Chalmersin teknillisen korkeakoulun tutkijaryhm\u00e4 on tarkkaillut R Doradus -t\u00e4hte\u00e4. Ryhm\u00e4 on havainnut jotain, joka ravistelee perusteorioita siit\u00e4, miten el\u00e4m\u00e4n rakennusaineet levittyv\u00e4t <a href=\"https:\/\/tieku.fi\/maailmankaikkeus\" target=\"_blank\" class=\"hover:font-bold\" rel=\"nofollow noopener\">maailmankaikkeuteen<\/a>.<\/p>\n<p>\u201dUskoimme tuntevamme hyvin prosessin kulun. K\u00e4vi ilmi, ett\u00e4 olemme olleet v\u00e4\u00e4r\u00e4ss\u00e4\u201d, sanoo Theo Khouri, Chalmersin teknillisen korkeakoulun astronomi, joka osallistui tutkimukseen.<\/p>\n","protected":false},"excerpt":{"rendered":"Kun t\u00e4htitieteilij\u00e4t tutkivat Maan el\u00e4m\u00e4n alkuper\u00e4\u00e4 ja el\u00e4m\u00e4n mahdollista synty\u00e4 muualla, he tarkkailevat, miten vanhat t\u00e4hdet levitt\u00e4v\u00e4t kaasua&hellip;\n","protected":false},"author":2,"featured_media":135701,"comment_status":"","ping_status":"","sticky":false,"template":"","format":"standard","meta":{"footnotes":""},"categories":[112],"tags":[33,31,30,118,32,119],"class_list":{"0":"post-135700","1":"post","2":"type-post","3":"status-publish","4":"format-standard","5":"has-post-thumbnail","7":"category-tiede","8":"tag-fi","9":"tag-finland","10":"tag-finnish","11":"tag-science","12":"tag-suomi","13":"tag-tiede"},"share_on_mastodon":{"url":"https:\/\/pubeurope.com\/@fi\/115853061372716654","error":""},"_links":{"self":[{"href":"https:\/\/www.europesays.com\/fi\/wp-json\/wp\/v2\/posts\/135700","targetHints":{"allow":["GET"]}}],"collection":[{"href":"https:\/\/www.europesays.com\/fi\/wp-json\/wp\/v2\/posts"}],"about":[{"href":"https:\/\/www.europesays.com\/fi\/wp-json\/wp\/v2\/types\/post"}],"author":[{"embeddable":true,"href":"https:\/\/www.europesays.com\/fi\/wp-json\/wp\/v2\/users\/2"}],"replies":[{"embeddable":true,"href":"https:\/\/www.europesays.com\/fi\/wp-json\/wp\/v2\/comments?post=135700"}],"version-history":[{"count":0,"href":"https:\/\/www.europesays.com\/fi\/wp-json\/wp\/v2\/posts\/135700\/revisions"}],"wp:featuredmedia":[{"embeddable":true,"href":"https:\/\/www.europesays.com\/fi\/wp-json\/wp\/v2\/media\/135701"}],"wp:attachment":[{"href":"https:\/\/www.europesays.com\/fi\/wp-json\/wp\/v2\/media?parent=135700"}],"wp:term":[{"taxonomy":"category","embeddable":true,"href":"https:\/\/www.europesays.com\/fi\/wp-json\/wp\/v2\/categories?post=135700"},{"taxonomy":"post_tag","embeddable":true,"href":"https:\/\/www.europesays.com\/fi\/wp-json\/wp\/v2\/tags?post=135700"}],"curies":[{"name":"wp","href":"https:\/\/api.w.org\/{rel}","templated":true}]}}