{"id":135710,"date":"2026-01-07T09:20:08","date_gmt":"2026-01-07T09:20:08","guid":{"rendered":"https:\/\/www.europesays.com\/fi\/135710\/"},"modified":"2026-01-07T09:20:08","modified_gmt":"2026-01-07T09:20:08","slug":"haku-porin-alakoulujen-painotettuun-opetukseen-on-kaynnissa","status":"publish","type":"post","link":"https:\/\/www.europesays.com\/fi\/135710\/","title":{"rendered":"Haku Porin alakoulujen painotettuun opetukseen on k\u00e4ynniss\u00e4"},"content":{"rendered":"<p>\n                                        Porin kaupungin alakoulujen painotettuun opetukseen voivat hakea toisella sek\u00e4 kolmannella luokalla opiskelevat oppilaat. Lis\u00e4ksi t\u00e4n\u00e4 vuonna peruskoulunsa aloittavilla on mahdollisuus hakea englanninkieliselle erikoisluokalle. Opetus alkaa elokuussa 2026.\n                                    <\/p>\n<p>Haku alakoulujen painotettuun opetukseen on avoinna 31.1.2026 asti. T\u00e4ll\u00e4 hetkell\u00e4 toisella luokalla opiskelevat oppilaat voivat hakea Cygnaeuksen koulun <a href=\"https:\/\/www.youtube.com\/watch?v=XnMaHm_QXJY&amp;feature=youtu.be\" target=\"_blank\" rel=\"noreferrer noopener nofollow\">kuvataiteen<\/a> sek\u00e4 <a href=\"https:\/\/youtu.be\/jnyZldpF0K8\" target=\"_blank\" rel=\"noreferrer noopener nofollow\">musiikin<\/a> painotetun opetuksen luokille. Kolmasluokkalaisilla on puolestaan mahdollisuus hakea K\u00e4pp\u00e4r\u00e4n koulun <a href=\"https:\/\/www.youtube.com\/watch?v=THYs1m7U00s&amp;feature=youtu.be\" target=\"_blank\" rel=\"noreferrer noopener nofollow\">liikunnan<\/a> painotetun opetuksen luokalle. Painotettuun opetukseen valittujen opetus alkaa 11.8.2026 ja jatkuu alakoulun loppuun saakka.<\/p>\n<p>Haku tapahtuu s\u00e4hk\u00f6isell\u00e4 lomakkeella. Linkki lomakkeeseen l\u00f6ytyy painotettua opetusta j\u00e4rjest\u00e4v\u00e4n koulun kotisivulta. Koulujen kotisivuilla on my\u00f6s tarkat tiedot j\u00e4rjestett\u00e4vist\u00e4 infotilaisuuksista ja soveltuvuustesteist\u00e4.<\/p>\n<p>Painotetun opetus on osa perusopetusta. Painotetussa opetuksessa kyseisen oppiaineen tai muun osaamisalueen tuntim\u00e4\u00e4r\u00e4 on korkeampi kuin muussa perusopetuksessa.<\/p>\n<p>\u2013 Painotettu opetus on oppilaalle maksutonta. My\u00f6s naapurikuntien oppilaat voivat hakea Poriin painotetun opetuksen luokille. Opetukseen ei sis\u00e4lly erillist\u00e4 kuljetusetua, ellei kyseess\u00e4 ole oppilaan l\u00e4hikoulu ja h\u00e4nell\u00e4 on muutenkin kuljetusetuus, kertoo opetusyksik\u00f6n p\u00e4\u00e4llikk\u00f6\u00a0<strong>Taneli Tiirikainen.<\/strong>\u00a0<\/p>\n<p>Oppilaat painotettuun opetukseen valitaan hakemusten ja soveltuvuutta mittaavien testien perusteella. Valintojen tulokset ilmoitetaan soveltuvuusarviointiin osallistuneille viimeist\u00e4\u00e4n kuukauden kuluttua arvioinnista.<\/p>\n<p><strong>Alakoulujen painotetun opetuksen tarjonta, haku tammikuussa 7.1.\u201331.1.2026:<\/strong><\/p>\n<ol class=\"wp-block-list\">\n<li>Kuvataide, <a href=\"https:\/\/peda.net\/pori\/perusopetus\/koulujen-kotisivut\/pl1\/cygnaeuksenkoulu\/opetus\/kuvataideluokat\" rel=\"nofollow noopener\" target=\"_blank\">Cygnaeuksen koulu<\/a>, alkaa 3. luokalla, kakkosluokkalaiset hakevat<\/li>\n<li>Musiikki, <a href=\"https:\/\/peda.net\/pori\/perusopetus\/koulujen-kotisivut\/pl1\/cygnaeuksenkoulu\/opetus\/musiikkiluokat\" rel=\"nofollow noopener\" target=\"_blank\">Cygnaeuksen koulu<\/a>, alkaa 3. luokalla, kakkosluokkalaiset hakevat<\/li>\n<li>Liikunta, <a href=\"https:\/\/peda.net\/pori\/perusopetus\/koulujen-kotisivut\/pl1\/kapparankoulu\/opetus\/liikuntaluokka\" rel=\"nofollow noopener\" target=\"_blank\">K\u00e4pp\u00e4r\u00e4n koulu<\/a>, alkaa 4. luokalla, kolmasluokkalaiset hakevat<\/li>\n<\/ol>\n<p><strong>Cygnaeuksen koulun englanninkielinen luokka<\/strong><\/p>\n<p>Esikoululaiset, jotka aloittavat ensi syksyn\u00e4 peruskoulun, voivat hakea Cygnaeuksen koulun <a href=\"https:\/\/youtu.be\/MILgFVgi7C8\" target=\"_blank\" rel=\"noreferrer noopener nofollow\">englanninkieliselle<\/a> luokalle. Haku tapahtuu Wilma-j\u00e4rjestelm\u00e4ss\u00e4 kouluun ilmoittautumisen yhteydess\u00e4 8.1.\u201320.1.2026 v\u00e4lisen\u00e4 aikana.<\/p>\n<p>Englanninkieliselle luokalle hyv\u00e4ksytt\u00e4vilt\u00e4 edellytet\u00e4\u00e4n riitt\u00e4vi\u00e4\u00a0oppimis- ja ty\u00f6skentelyvalmiuksia sek\u00e4 kielellist\u00e4 taitotasoa. Jokaisella englanninkielisell\u00e4 luokalle 1\u20136 on oma luokanopettajansa.<\/p>\n<ul class=\"wp-block-list\">\n<li>Englannin kieli, <a href=\"https:\/\/peda.net\/pori\/perusopetus\/koulujen-kotisivut\/pl1\/cygnaeuksenkoulu\/opetus\/el\" rel=\"nofollow noopener\" target=\"_blank\">Cygnaeuksen koulu<\/a>, alkaa 1. luokalla, esikoululaiset hakevat Wilma-j\u00e4rjestelm\u00e4ss\u00e4 kouluun ilmoittautumisen yhteydess\u00e4 8.1.\u201320.1.2026 v\u00e4lisen\u00e4 aikana. Englanninkielisen luokan infotilaisuus j\u00e4rjestet\u00e4\u00e4n keskiviikkona 14.1.2026 kello 18 Cygnaeuksen koululla.<\/li>\n<\/ul>\n<p>Lis\u00e4tietoa perusopetuksen painotetusta opetuksesta l\u00f6ytyy <a href=\"https:\/\/www.pori.fi\/painotettuopetus\" rel=\"nofollow noopener\" target=\"_blank\">Porin kaupungin kotisivuilta<\/a>.<a\/><\/p>\n<p><strong>Painotetun opetuksen yhteenveto:<\/strong><\/p>\n<ul class=\"wp-block-list\">\n<li>Haku tehd\u00e4\u00e4n s\u00e4hk\u00f6isell\u00e4 lomakkeella, jonka linkki l\u00f6ytyy painotettua opetusta antavien koulujen kotisivuilta. Englanninkieliselle luokalle haetaan Wilma-j\u00e4rjestelm\u00e4n kautta kouluun ilmoittautumisen yhteydess\u00e4.<\/li>\n<li>Painotettu opetus on osa perusopetusta, painotettavan oppiaineen tuntim\u00e4\u00e4r\u00e4 on korkeampi kuin muussa perusopetuksessa.<\/li>\n<li>Painotettu opetus on oppilaalle maksutonta. Opetukseen ei sis\u00e4lly erillist\u00e4 kuljetusetua.<\/li>\n<li>Oppilaat otetaan painotettuun opetukseen hakemusten ja soveltuvuutta mittaavien testien perusteella.<\/li>\n<li>Tiedot opiskelijavalinnoista ilmoitetaan soveltuvuusarviointiin osallistuneille viimeist\u00e4\u00e4n kuukauden kuluttua arvioinnista.<\/li>\n<li>Painotetun opetuksen kotisivut: <a href=\"https:\/\/www.pori.fi\/painotettuopetus\" rel=\"nofollow noopener\" target=\"_blank\">https:\/\/www.pori.fi\/painotettuopetus<\/a><\/li>\n<li>Esittelyvideot; <a href=\"https:\/\/www.youtube.com\/watch?v=XnMaHm_QXJY&amp;feature=youtu.be\" target=\"_blank\" rel=\"noreferrer noopener nofollow\">kuvataide<\/a>, <a href=\"https:\/\/youtu.be\/jnyZldpF0K8\" target=\"_blank\" rel=\"noreferrer noopener nofollow\">musiikki<\/a>, <a href=\"https:\/\/www.youtube.com\/watch?v=THYs1m7U00s&amp;feature=youtu.be\" target=\"_blank\" rel=\"noreferrer noopener nofollow\">liikunta<\/a> ja <a href=\"https:\/\/youtu.be\/MILgFVgi7C8\" target=\"_blank\" rel=\"noreferrer noopener nofollow\">englannin kieli<\/a><\/li>\n<li>Hakuajat: kuvataide, musiikki ja liikunta 7.1.\u201331.1.2026 sek\u00e4 englannin kieli 8.1.\u201320.1.2026<\/li>\n<\/ul>\n","protected":false},"excerpt":{"rendered":"Porin kaupungin alakoulujen painotettuun opetukseen voivat hakea toisella sek\u00e4 kolmannella luokalla opiskelevat oppilaat. Lis\u00e4ksi t\u00e4n\u00e4 vuonna peruskoulunsa aloittavilla&hellip;\n","protected":false},"author":2,"featured_media":135711,"comment_status":"","ping_status":"","sticky":false,"template":"","format":"standard","meta":{"footnotes":""},"categories":[5],"tags":[22,23,26,27,33,31,30,17,24,25,28,29,15,18,21,32,19,20,16],"class_list":{"0":"post-135710","1":"post","2":"type-post","3":"status-publish","4":"format-standard","5":"has-post-thumbnail","7":"category-otsikot","8":"tag-breaking-news","9":"tag-breakingnews","10":"tag-featured-news","11":"tag-featurednews","12":"tag-fi","13":"tag-finland","14":"tag-finnish","15":"tag-headlines","16":"tag-latest-news","17":"tag-latestnews","18":"tag-main-news","19":"tag-mainnews","20":"tag-news","21":"tag-otsikot","22":"tag-paauutiset","23":"tag-suomi","24":"tag-top-stories","25":"tag-topstories","26":"tag-uutiset"},"share_on_mastodon":{"url":"https:\/\/pubeurope.com\/@fi\/115853080855104584","error":""},"_links":{"self":[{"href":"https:\/\/www.europesays.com\/fi\/wp-json\/wp\/v2\/posts\/135710","targetHints":{"allow":["GET"]}}],"collection":[{"href":"https:\/\/www.europesays.com\/fi\/wp-json\/wp\/v2\/posts"}],"about":[{"href":"https:\/\/www.europesays.com\/fi\/wp-json\/wp\/v2\/types\/post"}],"author":[{"embeddable":true,"href":"https:\/\/www.europesays.com\/fi\/wp-json\/wp\/v2\/users\/2"}],"replies":[{"embeddable":true,"href":"https:\/\/www.europesays.com\/fi\/wp-json\/wp\/v2\/comments?post=135710"}],"version-history":[{"count":0,"href":"https:\/\/www.europesays.com\/fi\/wp-json\/wp\/v2\/posts\/135710\/revisions"}],"wp:featuredmedia":[{"embeddable":true,"href":"https:\/\/www.europesays.com\/fi\/wp-json\/wp\/v2\/media\/135711"}],"wp:attachment":[{"href":"https:\/\/www.europesays.com\/fi\/wp-json\/wp\/v2\/media?parent=135710"}],"wp:term":[{"taxonomy":"category","embeddable":true,"href":"https:\/\/www.europesays.com\/fi\/wp-json\/wp\/v2\/categories?post=135710"},{"taxonomy":"post_tag","embeddable":true,"href":"https:\/\/www.europesays.com\/fi\/wp-json\/wp\/v2\/tags?post=135710"}],"curies":[{"name":"wp","href":"https:\/\/api.w.org\/{rel}","templated":true}]}}