{"id":135712,"date":"2026-01-07T09:32:07","date_gmt":"2026-01-07T09:32:07","guid":{"rendered":"https:\/\/www.europesays.com\/fi\/135712\/"},"modified":"2026-01-07T09:32:07","modified_gmt":"2026-01-07T09:32:07","slug":"sini-ariell-jakaa-koskettavan-tarinan-perhetragediasta-ja-uskon-voimasta-hanen-lankonsa-riisti-itseltaan-hengen-joulun-alla","status":"publish","type":"post","link":"https:\/\/www.europesays.com\/fi\/135712\/","title":{"rendered":"Sini Ariell jakaa koskettavan tarinan perhetragediasta ja uskon voimasta: h\u00e4nen lankonsa riisti itselt\u00e4\u00e4n hengen joulun alla"},"content":{"rendered":"<p>            Mari Lahti\n        <\/p>\n<p class=\"subtitle \">Somevaikuttaja kertoo saavansa apua suruun uskostaan.<\/p>\n<p class=\"article-content article-content-width !bg-background\">Pin up -malli ja somevaikuttaja  kertoo Instagramissa perhepiiriss\u00e4\u00e4n tapahtuneesta itsemurhasta.<\/p>\n<p class=\"font-weight-bold m-font-weight-bold article-content article-content-width !bg-background\">Arkistovideo: n\u00e4in huikeaa on meno Sinin kotifarmin l\u00e4hell\u00e4<\/p>\n<p class=\"article-content article-content-width !bg-background\">Yleens\u00e4 hauskoja puuhia kahden lapsensa kanssa Australiassa kotitilallaan n\u00e4ytt\u00e4v\u00e4 Sini on t\u00e4ll\u00e4 kertaa vakavoitunut, surullinen mutta my\u00f6s tulevaisuudenuskoinen.<\/p>\n<p class=\"article-content article-content-width !bg-background\">Maanantaina (5.1.) julkaisemallaan Instagram-kelalla h\u00e4n kertoo lankonsa ennen joulua tekem\u00e4n itsemurhan her\u00e4tt\u00e4mist\u00e4 ajatuksista suoraan ja rehellisesti.<\/p>\n<p>        <a itemprop=\"url\" href=\"https:\/\/www.seiska.fi\/kotimaa\/sini-ariell-pakeni-omasta-kodistaan\/1709683\" rel=\"nofollow noopener\" target=\"_blank\"><\/p>\n<p>\nSini Ariell\n<\/p>\n<p class=\"section-date\">\n        <strong class=\"article-section\" data-section=\"kotimaa\"><br \/>\n            kotimaa<br \/>\n        <\/strong><br \/>\n        21.5.2025 21:00\n    <\/p>\n<p>Sini Ariell pakeni omasta kodistaan\n    <\/p>\n<p itemprop=\"description\" class=\"subtitle \">\n    Sini nappasi lapset autoon ja l\u00e4hti selvitt\u00e4m\u00e4\u00e4n p\u00e4\u00e4seek\u00f6 pakoon.\n<\/p>\n<p>        <\/a><\/p>\n<p class=\"article-content article-content-width !bg-background\">\u2013 Kiitos kaikille osanotoista, h\u00e4n aloittaa.<\/p>\n<p class=\"article-content article-content-width !bg-background\">Sitten h\u00e4n koruttomasti kertoo lankonsa eli puolisonsa veljen riist\u00e4neen hengen itselt\u00e4\u00e4n ennen joulua.<\/p>\n<p>Kun syyllisyysajatukset painavat<\/p>\n<p class=\"article-content article-content-width !bg-background\">Itsemurhat aiheuttavat l\u00e4heisille huomattavaa ahdistusta, surua ja hyvin satuttavia tunteita. T\u00e4st\u00e4 Sinikin kertoo omasta n\u00e4k\u00f6kulmastaan.<\/p>\n<p>        Jos tunnet itsetuhoisia ajatuksia:<\/p>\n<p>Jos tunnet tai arvelet l\u00e4heisesi tuntevan itsetuhoisia ajatuksia, pyyd\u00e4 apua.<\/p>\n<p>Yksin ei tarvitse j\u00e4\u00e4d\u00e4, ja usein jo asiasta kertominen helpottaa ja selkeytt\u00e4\u00e4.<\/p>\n<ul>\n<li class=\"lab-bodytext-line\">Vertaistukea itsemurhan tehneiden l\u00e4heisille tarjoaa\u00a0<a href=\"https:\/\/surunauha.net\/yhteystiedot\/\" target=\"_blank\" rel=\"nofollow noopener\">Surunauhaliitto<\/a>.<\/li>\n<li class=\"lab-bodytext-line\">Apua omaisille ja itsemurha-ajatusten kanssa kamppaileville tarjoaa\u00a0<a href=\"https:\/\/mieli.fi\/tukea-ja-apua\/\" target=\"_blank\" rel=\"nofollow noopener\">Mieli ry:n<\/a>\u00a0ymp\u00e4ri vuorokauden toimiva kriisipuhelin numerossa 09 2525 0111.<\/li>\n<li class=\"lab-bodytext-line\">Oman asuinalueesi kriisip\u00e4ivystyksen tai mielenterveysp\u00e4ivystyksen yhteystiedot saat numerosta 116 117.<\/li>\n<\/ul>\n<p class=\"article-content article-content-width !bg-background\">\u2013 Her\u00e4\u00e4 paljon kysymyksi\u00e4, ja niihin halutaan l\u00f6yt\u00e4\u00e4 vastauksia, h\u00e4n toteaa.<\/p>\n<p class=\"article-content article-content-width !bg-background\">Juuri siin\u00e4 on itsemurhaajan l\u00e4heisten kivun l\u00e4ht\u00f6kohta. Sini kuvaa tarkasti, miten jokainen edesmenneen rakas ihminen vanhemmista alkaen tuntee musertavaa surua yritt\u00e4ess\u00e4\u00e4n kerta toisensa j\u00e4lkeen mietti\u00e4, olisiko itsemurhan voinut est\u00e4\u00e4. Se nostaa syyllisyyden pintaan kaikille.<\/p>\n<p>        <a itemprop=\"url\" href=\"https:\/\/www.seiska.fi\/kotimaa\/mtv-puoliso-avautuu-eemeli-peltosen-itsemurhasta\/1920155\" rel=\"nofollow noopener\" target=\"_blank\"><\/p>\n<p>\nMTV:\n<\/p>\n<p class=\"section-date\">\n        <strong class=\"article-section\" data-section=\"kotimaa\"><br \/>\n            kotimaa<br \/>\n        <\/strong><br \/>\n        4.9.2025 10:55\n    <\/p>\n<p>MTV: Puoliso avautuu Eemeli Peltosen itsemurhasta\n    <\/p>\n<p itemprop=\"description\" class=\"subtitle \">\n    Eemeli Peltosen puoliso kertoo MTV Uutisille, ett\u00e4 Eemelin kuolema johtui l\u00e4\u00e4kityksen sivuvaikutuksesta.\n<\/p>\n<p>        <\/a><\/p>\n<p class=\"article-content article-content-width !bg-background\">\u2013 T\u00e4mm\u00f6isiss\u00e4 asioissa kristinusko on itselleni t\u00e4rke\u00e4. Se tuo turvan ja suojan syyllisyydentunnosta, jonka poismeno on tuonut Sini kertoo.<\/p>\n<p class=\"article-content article-content-width !bg-background\">Kaulassaan h\u00e4nell\u00e4 roikkuvat risti ja vaakunaleijona.<\/p>\n<p>&#8221;El\u00e4mme t\u00e4ss\u00e4 hetkess\u00e4&#8221;<\/p>\n<p class=\"article-content article-content-width !bg-background\">Sini kertoo uskovansa, ett\u00e4 Jumala on m\u00e4\u00e4r\u00e4nnyt jokaiselle ajan, joka maailmassa elet\u00e4\u00e4n.<\/p>\n<p class=\"article-content article-content-width !bg-background\">\u2013 Kun se aika p\u00e4\u00e4ttyy, sitten se on siin\u00e4. Raamatussa lukee, ett\u00e4 p\u00e4iv\u00e4si olivat luetut, ennen kuin elit p\u00e4iv\u00e4\u00e4k\u00e4\u00e4n.<\/p>\n<p class=\"article-content article-content-width !bg-background\">Sinin mielest\u00e4 itsemurhaa ei voi tehd\u00e4, ellei niin ole kerta kaikkiaan tarkoitettu. Suruty\u00f6n helpotus tulee Sinille siit\u00e4 uskosta, ett\u00e4 taivaanis\u00e4 pit\u00e4\u00e4 huolen ja ottaa luokseen, kun aika tulee.<\/p>\n<p class=\"article-content article-content-width !bg-background\">Oli syyn\u00e4 sitten mik\u00e4 tahansa.<\/p>\n<p>        <a itemprop=\"url\" href=\"https:\/\/www.seiska.fi\/kotimaa\/jarkyttava-kirjapaljastus-niko-saariselta\/1901345\" rel=\"nofollow noopener\" target=\"_blank\"><\/p>\n<p>\nKirjapaljastus ei sovi herkille\n<\/p>\n<p class=\"section-date\">\n        <strong class=\"article-section\" data-section=\"kotimaa\"><br \/>\n            kotimaa<br \/>\n        <\/strong><br \/>\n        18.8.2025 08:29\n    <\/p>\n<p>J\u00e4rkytt\u00e4v\u00e4 kirjapaljastus Niko Saariselta\n    <\/p>\n<p itemprop=\"description\" class=\"subtitle \">\n    Niko kertoo kirjassaan hetkest\u00e4, joka oli koitua h\u00e4nen lopukseen.\n<\/p>\n<p>        <\/a><\/p>\n<p class=\"article-content article-content-width !bg-background\">\u2013 Samassa tulee ilo ja ymm\u00e4rrys, ett\u00e4 kaikki el\u00e4mme t\u00e4ss\u00e4 hetkess\u00e4. Huominen pit\u00e4\u00e4 huolen itsest\u00e4\u00e4n, Sini sanoo.<\/p>\n<p class=\"article-content article-content-width !bg-background\">\u2013 Elet\u00e4\u00e4n t\u00e4t\u00e4 p\u00e4iv\u00e4\u00e4, ei menneisyydess\u00e4 tai tulevassa, ja iloitaan heist\u00e4, jotka ovat ymp\u00e4rill\u00e4mme ja siit\u00e4, mik\u00e4 el\u00e4m\u00e4ss\u00e4 on hyv\u00e4\u00e4.<\/p>\n<p>        <a itemprop=\"url\" href=\"https:\/\/www.seiska.fi\/kotimaa\/sini-ariell-jyrahtaa-kehokriitikoilleen\/1670897\" rel=\"nofollow noopener\" target=\"_blank\"><\/p>\n<p>\nSini Ariell\n<\/p>\n<p class=\"section-date\">\n        <strong class=\"article-section\" data-section=\"kotimaa\"><br \/>\n            kotimaa<br \/>\n        <\/strong><br \/>\n        10.4.2025 15:00\n    <\/p>\n<p>Sini Ariell jyr\u00e4ht\u00e4\u00e4 kehokriitikoilleen\n    <\/p>\n<p itemprop=\"description\" class=\"subtitle \">\n    Pin-up-malli ottaa kantaa yhteiskunnalliseen normiin.\n<\/p>\n<p>        <\/a><\/p>\n","protected":false},"excerpt":{"rendered":"Mari Lahti Somevaikuttaja kertoo saavansa apua suruun uskostaan. Pin up -malli ja somevaikuttaja kertoo Instagramissa perhepiiriss\u00e4\u00e4n tapahtuneesta itsemurhasta.&hellip;\n","protected":false},"author":2,"featured_media":135713,"comment_status":"","ping_status":"","sticky":false,"template":"","format":"standard","meta":{"footnotes":""},"categories":[136],"tags":[13721,23262,407,137,33,31,30,6320,9863,408,1435,1346,592,13717,18622,23749,32,2086,5997,2176,1464,167,4967,3312,1437,109],"class_list":{"0":"post-135712","1":"post","2":"type-post","3":"status-publish","4":"format-standard","5":"has-post-thumbnail","7":"category-julkkikset","8":"tag-apua","9":"tag-avunpyynto","10":"tag-celebrities","11":"tag-entertainment","12":"tag-fi","13":"tag-finland","14":"tag-finnish","15":"tag-itsetuhoisuus","16":"tag-jaksaminen","17":"tag-julkkikset","18":"tag-jumala","19":"tag-mielenterveys","20":"tag-mielenterveysongelmat","21":"tag-mieli-ry","22":"tag-raamattu","23":"tag-sini-ariell","24":"tag-suomi","25":"tag-suru","26":"tag-suru-uutinen","27":"tag-surutyo","28":"tag-suuri-suru","29":"tag-terveys","30":"tag-terveyshuolia","31":"tag-usko","32":"tag-uskonto","33":"tag-viihde"},"share_on_mastodon":{"url":"https:\/\/pubeurope.com\/@fi\/115853128064724141","error":""},"_links":{"self":[{"href":"https:\/\/www.europesays.com\/fi\/wp-json\/wp\/v2\/posts\/135712","targetHints":{"allow":["GET"]}}],"collection":[{"href":"https:\/\/www.europesays.com\/fi\/wp-json\/wp\/v2\/posts"}],"about":[{"href":"https:\/\/www.europesays.com\/fi\/wp-json\/wp\/v2\/types\/post"}],"author":[{"embeddable":true,"href":"https:\/\/www.europesays.com\/fi\/wp-json\/wp\/v2\/users\/2"}],"replies":[{"embeddable":true,"href":"https:\/\/www.europesays.com\/fi\/wp-json\/wp\/v2\/comments?post=135712"}],"version-history":[{"count":0,"href":"https:\/\/www.europesays.com\/fi\/wp-json\/wp\/v2\/posts\/135712\/revisions"}],"wp:featuredmedia":[{"embeddable":true,"href":"https:\/\/www.europesays.com\/fi\/wp-json\/wp\/v2\/media\/135713"}],"wp:attachment":[{"href":"https:\/\/www.europesays.com\/fi\/wp-json\/wp\/v2\/media?parent=135712"}],"wp:term":[{"taxonomy":"category","embeddable":true,"href":"https:\/\/www.europesays.com\/fi\/wp-json\/wp\/v2\/categories?post=135712"},{"taxonomy":"post_tag","embeddable":true,"href":"https:\/\/www.europesays.com\/fi\/wp-json\/wp\/v2\/tags?post=135712"}],"curies":[{"name":"wp","href":"https:\/\/api.w.org\/{rel}","templated":true}]}}