{"id":135716,"date":"2026-01-07T09:36:07","date_gmt":"2026-01-07T09:36:07","guid":{"rendered":"https:\/\/www.europesays.com\/fi\/135716\/"},"modified":"2026-01-07T09:36:07","modified_gmt":"2026-01-07T09:36:07","slug":"gettomasa-jarjestaa-iltapaivalla-jyvaskylan-kaupungintalolla-tiedotustilaisuuden-keski-suomi","status":"publish","type":"post","link":"https:\/\/www.europesays.com\/fi\/135716\/","title":{"rendered":"Gettomasa j\u00e4rjest\u00e4\u00e4 iltap\u00e4iv\u00e4ll\u00e4 Jyv\u00e4skyl\u00e4n kaupungintalolla tiedotustilaisuuden | Keski-Suomi"},"content":{"rendered":"<p>Jyv\u00e4skyl\u00e4l\u00e4isl\u00e4ht\u00f6inen r\u00e4pp\u00e4ri <strong>Gettomasa<\/strong>, oikealta nimelt\u00e4\u00e4n <strong>Aleksi Lehikoinen<\/strong>, on kertonut j\u00e4rjest\u00e4v\u00e4ns\u00e4 tiedotustilaisuuden. Tilaisuus j\u00e4rjestet\u00e4\u00e4n Jyv\u00e4skyl\u00e4n kaupungintalolla alkaen kello 13.<\/p>\n<p>Lehikoinen kertoi tiedotustilaisuudesta Instagram-tarinassaan.<\/p>\n<p>My\u00f6hemmin h\u00e4n p\u00e4ivitti tarinaansa kertoen, ett\u00e4 tiedotustilaisuus on yksityistilaisuus. Sis\u00e4\u00e4n kaupungintalolle p\u00e4\u00e4sev\u00e4t vain kutsutut median edustajat.<\/p>\n<p>\u2013 Tiedotustilaisuuteen ei sis\u00e4lly esiintymist\u00e4 eik\u00e4 mahdollisuutta tavata faneja, tarinassa kirjoitetaan.<\/p>\n<p>Eilen tiistaina artisti kertoi kertovansa keskiviikkona uutisia. &#8221;N\u00e4hd\u00e4\u00e4n kaupungintalolla&#8221;, h\u00e4n kirjoitti lyhyess\u00e4 p\u00e4ivityksess\u00e4\u00e4n.<\/p>\n<p>Keskisuomalainen seuraa tapahtumia paikan p\u00e4\u00e4lt\u00e4.<\/p>\n<p>\t\t\t\t\t<img class=\"diks-card__image\" src=\"https:\/\/www.europesays.com\/fi\/wp-content\/uploads\/2026\/01\/1767778567_493_9467222.jpg\"   loading=\"lazy\" decoding=\"sync\" alt=\"\"\/><\/p>\n","protected":false},"excerpt":{"rendered":"Jyv\u00e4skyl\u00e4l\u00e4isl\u00e4ht\u00f6inen r\u00e4pp\u00e4ri Gettomasa, oikealta nimelt\u00e4\u00e4n Aleksi Lehikoinen, on kertonut j\u00e4rjest\u00e4v\u00e4ns\u00e4 tiedotustilaisuuden. Tilaisuus j\u00e4rjestet\u00e4\u00e4n Jyv\u00e4skyl\u00e4n kaupungintalolla alkaen kello 13.&hellip;\n","protected":false},"author":2,"featured_media":135717,"comment_status":"","ping_status":"","sticky":false,"template":"","format":"standard","meta":{"footnotes":""},"categories":[132],"tags":[138,137,33,31,30,2675,425,108,763,195,47,32,397,484,109],"class_list":{"0":"post-135716","1":"post","2":"type-post","3":"status-publish","4":"format-standard","5":"has-post-thumbnail","7":"category-musiikki","8":"tag-audio","9":"tag-entertainment","10":"tag-fi","11":"tag-finland","12":"tag-finnish","13":"tag-instagram","14":"tag-jyvaskyla","15":"tag-kulttuuri","16":"tag-kulttuuri-ja-viihde","17":"tag-music","18":"tag-musiikki","19":"tag-suomi","20":"tag-taide","21":"tag-taiteellinen-ilmaisu-ja-mediat","22":"tag-viihde"},"share_on_mastodon":{"url":"https:\/\/pubeurope.com\/@fi\/115853143950835820","error":""},"_links":{"self":[{"href":"https:\/\/www.europesays.com\/fi\/wp-json\/wp\/v2\/posts\/135716","targetHints":{"allow":["GET"]}}],"collection":[{"href":"https:\/\/www.europesays.com\/fi\/wp-json\/wp\/v2\/posts"}],"about":[{"href":"https:\/\/www.europesays.com\/fi\/wp-json\/wp\/v2\/types\/post"}],"author":[{"embeddable":true,"href":"https:\/\/www.europesays.com\/fi\/wp-json\/wp\/v2\/users\/2"}],"replies":[{"embeddable":true,"href":"https:\/\/www.europesays.com\/fi\/wp-json\/wp\/v2\/comments?post=135716"}],"version-history":[{"count":0,"href":"https:\/\/www.europesays.com\/fi\/wp-json\/wp\/v2\/posts\/135716\/revisions"}],"wp:featuredmedia":[{"embeddable":true,"href":"https:\/\/www.europesays.com\/fi\/wp-json\/wp\/v2\/media\/135717"}],"wp:attachment":[{"href":"https:\/\/www.europesays.com\/fi\/wp-json\/wp\/v2\/media?parent=135716"}],"wp:term":[{"taxonomy":"category","embeddable":true,"href":"https:\/\/www.europesays.com\/fi\/wp-json\/wp\/v2\/categories?post=135716"},{"taxonomy":"post_tag","embeddable":true,"href":"https:\/\/www.europesays.com\/fi\/wp-json\/wp\/v2\/tags?post=135716"}],"curies":[{"name":"wp","href":"https:\/\/api.w.org\/{rel}","templated":true}]}}