{"id":135724,"date":"2026-01-07T09:40:07","date_gmt":"2026-01-07T09:40:07","guid":{"rendered":"https:\/\/www.europesays.com\/fi\/135724\/"},"modified":"2026-01-07T09:40:07","modified_gmt":"2026-01-07T09:40:07","slug":"nyt-disney-plussassa-koulun-penkki-kutsuu-taas-kun-suosittu-komediasarja-kaynnistaa-jo-viidennen-kautensa","status":"publish","type":"post","link":"https:\/\/www.europesays.com\/fi\/135724\/","title":{"rendered":"Nyt Disney Plussassa: Koulun penkki kutsuu taas, kun suosittu komediasarja k\u00e4ynnist\u00e4\u00e4 jo viidennen kautensa"},"content":{"rendered":"<p>Suosittu komediasarja Abbott Elementary k\u00e4ynnist\u00e4\u00e4 Disney Plussassa jo viidennnen tuotantokautensa t\u00e4n\u00e4\u00e4n keskiviikkona 7. tammikuuta. Sopivasti, kun koululaiset palaavat pulpettiensa \u00e4\u00e4reen joululoman j\u00e4lkeen t\u00e4n\u00e4\u00e4n my\u00f6s tosimaailmassa.<\/p>\n<p>Sarjassa seurataan philadelphialaisen, kaupungin yll\u00e4pit\u00e4m\u00e4n alakoulun arkea sen henkil\u00f6kunnan \u2013 opettajien, rehtorin ja talonmiehen \u2013 vinkkelist\u00e4. Hauska komediasarja on toteutettu mokumentti-tyylill\u00e4 ja t\u00e4ll\u00e4 kertaa tiedossa on esimerkiksi meininki\u00e4 halloween-, joulu- ja pes\u00e4pallo-ottelu-teemaisesti.<\/p>\n<p>Lue my\u00f6s: <a href=\"https:\/\/www.episodi.fi\/uutiset\/abbott-elementary-stara-sai-nain-kasittamattoman-vahan-rahaa-sarjan-streamiesityksista\/\" title=\"Abbott Elementary -stara sai n\u00e4in k\u00e4sitt\u00e4m\u00e4tt\u00f6m\u00e4n v\u00e4h\u00e4n rahaa sarjan streamiesityksist\u00e4\" class=\"underline-custom !font-montserrat !font-bold !underline-offset-4 !decoration-4 !decoration-episodi-blue !text-md\" rel=\"nofollow noopener\" target=\"_blank\">Abbott Elementary -stara sai n\u00e4in k\u00e4sitt\u00e4m\u00e4tt\u00f6m\u00e4n v\u00e4h\u00e4n rahaa sarjan streamiesityksist\u00e4<\/a><\/p>\n<p>Lue my\u00f6s: <a href=\"https:\/\/www.episodi.fi\/uutiset\/top-10-naispaaosalla-varustetut-sitcomit-listattu-arvaatko-mika-on-ykkonen\/\" title=\"Top 10 naisp\u00e4\u00e4osalla varustetut sitcomit listattu! Arvaatko, mik\u00e4 on ykk\u00f6nen?\" class=\"underline-custom !font-montserrat !font-bold !underline-offset-4 !decoration-4 !decoration-episodi-blue !text-md\" rel=\"nofollow noopener\" target=\"_blank\">Top 10 naisp\u00e4\u00e4osalla varustetut sitcomit listattu! Arvaatko, mik\u00e4 on ykk\u00f6nen?<\/a><\/p>\n<p>Uusia jaksoja p\u00e4\u00e4st\u00e4\u00e4n katselemaan heti k\u00e4rkeen X kappaleen verran. Kausi on edelleen k\u00e4ynniss\u00e4 my\u00f6s Yhdysvaltain televisiossa ja jaksoja on tiedossa yhteens\u00e4 ainakin 13. Loput osat julkaistaan my\u00f6s Disney Plussassa my\u00f6hemmin t\u00e4m\u00e4n kev\u00e4\u00e4n aikana; tarkka p\u00e4iv\u00e4m\u00e4\u00e4r\u00e4 ei ole viel\u00e4 toistaiseksi tiedossa.<\/p>\n<p>Sarjaa t\u00e4hditt\u00e4v\u00e4t t\u00e4ll\u00e4kin kertaa sen luoja <strong>Quinta Brunsonin<\/strong> lis\u00e4ksi <strong>Tyler James Williams<\/strong> (The Walking Dead, Everybody Hates Chris), nelinkertainen Emmy-ehdokas ja SAG-voittaja <strong>Janelle James<\/strong> (Kite Man: Hell Yeah!, Monsterit ty\u00f6n touhussa), <strong>Lisa Ann Walter <\/strong>(Ansa vanhemmille), SAG-voittaja <strong>Chris Perfetti<\/strong>, <strong>William Stanford Davis<\/strong> (Snowpiercer, Ray Donovan) ja Tony-ehdokas <strong>Sheryl Lee Ralph <\/strong>(Broadway-musikaali Dreamgirls).<\/p>\n<p>Lue my\u00f6s: <a href=\"https:\/\/www.episodi.fi\/uutiset\/nyt-disney-plussassa-palkittu-koulukomedia-jatkuu-mukana-myos-crossover-jakso-elamaa-philadelphiassa-sarjan-kanssa\/\" title=\"Nyt Disney Plussassa: Palkittu koulukomedia jatkuu \u2013 mukana my\u00f6s crossover-jakso El\u00e4m\u00e4\u00e4 Philadelphiassa -sarjan kanssa!\" class=\"underline-custom !font-montserrat !font-bold !underline-offset-4 !decoration-4 !decoration-episodi-blue !text-md\" rel=\"nofollow noopener\" target=\"_blank\">Nyt Disney Plussassa: Palkittu koulukomedia jatkuu \u2013 mukana my\u00f6s crossover-jakso El\u00e4m\u00e4\u00e4 Philadelphiassa -sarjan kanssa!<\/a><\/p>\n<p>Katso Abbott Elementaryn viidennen kauden virallinen traileri alta.<\/p>\n<p><img loading=\"lazy\" decoding=\"async\" alt=\"YouTube video\" width=\"480\" height=\"360\" data-pin-nopin=\"true\" nopin=\"nopin\" class=\"perfmatters-lazy\" src=\"https:\/\/www.europesays.com\/fi\/wp-content\/uploads\/2026\/01\/1767778807_131_hqdefault.jpg\"\/><\/p>\n<p>Lue my\u00f6s: <a href=\"https:\/\/www.episodi.fi\/uutiskirje\/?uutiskirjemainos=tekstilinkkimainos\" title=\"Tilaa Episodin uutiskirje ja voit voittaa leffalippuja! Nappaa tv-vinkit suoraan s\u00e4hk\u00f6postiin t\u00e4st\u00e4.\" class=\"underline-custom !font-montserrat !font-bold !underline-offset-4 !decoration-4 !decoration-episodi-blue !text-md\" rel=\"nofollow noopener\" target=\"_blank\">Tilaa Episodin uutiskirje ja voit voittaa leffalippuja! Nappaa katseluvinkit suoraan s\u00e4hk\u00f6postiin t\u00e4st\u00e4.<\/a><\/p>\n","protected":false},"excerpt":{"rendered":"Suosittu komediasarja Abbott Elementary k\u00e4ynnist\u00e4\u00e4 Disney Plussassa jo viidennnen tuotantokautensa t\u00e4n\u00e4\u00e4n keskiviikkona 7. tammikuuta. Sopivasti, kun koululaiset palaavat&hellip;\n","protected":false},"author":2,"featured_media":135725,"comment_status":"","ping_status":"","sticky":false,"template":"","format":"standard","meta":{"footnotes":""},"categories":[130],"tags":[23751,566,137,33,31,30,13912,32,570,571,109],"class_list":{"0":"post-135724","1":"post","2":"type-post","3":"status-publish","4":"format-standard","5":"has-post-thumbnail","7":"category-viihde","8":"tag-abbott-elementary","9":"tag-disney-plus","10":"tag-entertainment","11":"tag-fi","12":"tag-finland","13":"tag-finnish","14":"tag-komediat","15":"tag-suomi","16":"tag-suoratoisto","17":"tag-tv-sarjat","18":"tag-viihde"},"share_on_mastodon":{"url":"https:\/\/pubeurope.com\/@fi\/115853159517189472","error":""},"_links":{"self":[{"href":"https:\/\/www.europesays.com\/fi\/wp-json\/wp\/v2\/posts\/135724","targetHints":{"allow":["GET"]}}],"collection":[{"href":"https:\/\/www.europesays.com\/fi\/wp-json\/wp\/v2\/posts"}],"about":[{"href":"https:\/\/www.europesays.com\/fi\/wp-json\/wp\/v2\/types\/post"}],"author":[{"embeddable":true,"href":"https:\/\/www.europesays.com\/fi\/wp-json\/wp\/v2\/users\/2"}],"replies":[{"embeddable":true,"href":"https:\/\/www.europesays.com\/fi\/wp-json\/wp\/v2\/comments?post=135724"}],"version-history":[{"count":0,"href":"https:\/\/www.europesays.com\/fi\/wp-json\/wp\/v2\/posts\/135724\/revisions"}],"wp:featuredmedia":[{"embeddable":true,"href":"https:\/\/www.europesays.com\/fi\/wp-json\/wp\/v2\/media\/135725"}],"wp:attachment":[{"href":"https:\/\/www.europesays.com\/fi\/wp-json\/wp\/v2\/media?parent=135724"}],"wp:term":[{"taxonomy":"category","embeddable":true,"href":"https:\/\/www.europesays.com\/fi\/wp-json\/wp\/v2\/categories?post=135724"},{"taxonomy":"post_tag","embeddable":true,"href":"https:\/\/www.europesays.com\/fi\/wp-json\/wp\/v2\/tags?post=135724"}],"curies":[{"name":"wp","href":"https:\/\/api.w.org\/{rel}","templated":true}]}}