{"id":135728,"date":"2026-01-07T09:44:06","date_gmt":"2026-01-07T09:44:06","guid":{"rendered":"https:\/\/www.europesays.com\/fi\/135728\/"},"modified":"2026-01-07T09:44:06","modified_gmt":"2026-01-07T09:44:06","slug":"ukrainalainen-sarjakuvatietokirja-kertoo-sodan-arjesta-ja-historiasta","status":"publish","type":"post","link":"https:\/\/www.europesays.com\/fi\/135728\/","title":{"rendered":"Ukrainalainen sarjakuvatietokirja kertoo sodan arjesta ja historiasta"},"content":{"rendered":"<p>Kirja-arvio|Ukrainalainen sarjakuvatietokirja kertoo sodan arjesta ja syist\u00e4 syv\u00e4ll\u00e4 historiassa.<\/p>\n<p class=\"article-body mb-nof-24 px-nof-16\">Sarjakuvat<\/p>\n<p class=\"article-body mb-nof-24 px-nof-16\">Julija Vus, Ivan Kypibida ja Mariam Naiem: Pitk\u00e4n sodan lyhyt historia (Korotka istoriya dovhoyi viyny). Suom. Eero Balk. Tammi. 112 s.<\/p>\n<p class=\"article-body mb-nof-24 px-nof-16\">Pitk\u00e4n sodan lyhyt historia alkaa, kun Vika her\u00e4\u00e4 y\u00f6ll\u00e4 ilmah\u00e4lytykseen. Siin\u00e4 samalla h\u00e4n opastaa lukijoitakin, mihin kannattaa suojautua, jos ei ole oikeaa pommisuojaa.<\/p>\n","protected":false},"excerpt":{"rendered":"Kirja-arvio|Ukrainalainen sarjakuvatietokirja kertoo sodan arjesta ja syist\u00e4 syv\u00e4ll\u00e4 historiassa. Sarjakuvat Julija Vus, Ivan Kypibida ja Mariam Naiem: Pitk\u00e4n&hellip;\n","protected":false},"author":2,"featured_media":135729,"comment_status":"","ping_status":"","sticky":false,"template":"","format":"standard","meta":{"footnotes":""},"categories":[14],"tags":[22,23,26,27,33,31,30,17,46,24,25,28,29,15,18,21,32,19,20,56,16,59,60,61],"class_list":{"0":"post-135728","1":"post","2":"type-post","3":"status-publish","4":"format-standard","5":"has-post-thumbnail","7":"category-ulkomaat","8":"tag-breaking-news","9":"tag-breakingnews","10":"tag-featured-news","11":"tag-featurednews","12":"tag-fi","13":"tag-finland","14":"tag-finnish","15":"tag-headlines","16":"tag-helsingin-sanomat","17":"tag-latest-news","18":"tag-latestnews","19":"tag-main-news","20":"tag-mainnews","21":"tag-news","22":"tag-otsikot","23":"tag-paauutiset","24":"tag-suomi","25":"tag-top-stories","26":"tag-topstories","27":"tag-ulkomaat","28":"tag-uutiset","29":"tag-world","30":"tag-world-news","31":"tag-worldnews"},"share_on_mastodon":{"url":"https:\/\/pubeurope.com\/@fi\/115853175274887008","error":""},"_links":{"self":[{"href":"https:\/\/www.europesays.com\/fi\/wp-json\/wp\/v2\/posts\/135728","targetHints":{"allow":["GET"]}}],"collection":[{"href":"https:\/\/www.europesays.com\/fi\/wp-json\/wp\/v2\/posts"}],"about":[{"href":"https:\/\/www.europesays.com\/fi\/wp-json\/wp\/v2\/types\/post"}],"author":[{"embeddable":true,"href":"https:\/\/www.europesays.com\/fi\/wp-json\/wp\/v2\/users\/2"}],"replies":[{"embeddable":true,"href":"https:\/\/www.europesays.com\/fi\/wp-json\/wp\/v2\/comments?post=135728"}],"version-history":[{"count":0,"href":"https:\/\/www.europesays.com\/fi\/wp-json\/wp\/v2\/posts\/135728\/revisions"}],"wp:featuredmedia":[{"embeddable":true,"href":"https:\/\/www.europesays.com\/fi\/wp-json\/wp\/v2\/media\/135729"}],"wp:attachment":[{"href":"https:\/\/www.europesays.com\/fi\/wp-json\/wp\/v2\/media?parent=135728"}],"wp:term":[{"taxonomy":"category","embeddable":true,"href":"https:\/\/www.europesays.com\/fi\/wp-json\/wp\/v2\/categories?post=135728"},{"taxonomy":"post_tag","embeddable":true,"href":"https:\/\/www.europesays.com\/fi\/wp-json\/wp\/v2\/tags?post=135728"}],"curies":[{"name":"wp","href":"https:\/\/api.w.org\/{rel}","templated":true}]}}