{"id":135730,"date":"2026-01-07T09:45:07","date_gmt":"2026-01-07T09:45:07","guid":{"rendered":"https:\/\/www.europesays.com\/fi\/135730\/"},"modified":"2026-01-07T09:45:07","modified_gmt":"2026-01-07T09:45:07","slug":"turun-kansainvalisen-koulun-opetus-kaynnistyi-uusissa-tiloissa-kupittaalla","status":"publish","type":"post","link":"https:\/\/www.europesays.com\/fi\/135730\/","title":{"rendered":"Turun kansainv\u00e4lisen koulun opetus k\u00e4ynnistyi uusissa tiloissa Kupittaalla"},"content":{"rendered":"<p class=\"teksti\">Turun kansainv\u00e4lisen koulun perusopetus on aloittanut kev\u00e4tlukukauden Kupittaalla. Uusina tiloina koulu saa muun muassa liikuntasalin, musiikin, kuvataiteen, kotitalouden, k\u00e4sit\u00f6iden ja luonnontieteiden opetustilat sek\u00e4 palvelukeitti\u00f6n ruokailutiloineen. <\/p>\n<p class=\"teksti\">Tiloihin on valmistunut my\u00f6s kuvataiteilija Kati Immosen kuusiosainen teoskokonaisuus International Squirrels, jonka l\u00e4ht\u00f6kohtana ovat eri maanosien oravat.<\/p>\n<p class=\"teksti\">Kansainv\u00e4linen koulu tarjoaa opetusta englanniksi perusopetuksen luokille 1\u20139. Kansainv\u00e4lisen koulun peruskoulun opetus siirtyi Turun yliopistolta kaupungin toteuttavaksi elokuussa. <\/p>\n<p class=\"teksti\">\u2013 Muutto Kupittaalle on meille suuri mahdollisuus ja merkitt\u00e4v\u00e4 askel koulun kehityksess\u00e4. Tilat tukevat koulumme visiota tarjota korkeatasoista opetusta ja luoda ymp\u00e4rist\u00f6, jossa jokainen oppilas voi kasvaa ja oppia kansainv\u00e4lisess\u00e4 yhteis\u00f6ss\u00e4, iloitsee rehtori Elli Sainio kaupungin tiedotteessa.<\/p>\n<p>Jatkuu mainoksen j\u00e4lkeen <\/p>\n<p> Mainos p\u00e4\u00e4ttyy<\/p>\n<p>        <a class=\"tsv3-c-common-article__attachment__link tsv3-c-common-article__attachment__narrow\" href=\"https:\/\/www.europesays.com\/fi\/wp-content\/uploads\/2026\/01\/pic_5_6867698_k11651347_1200.jpg\" data-contentpop=\"True\" data-contentpop-id=\"k11651347\" data-contentpop-title=\"\" data-contentpop-photographer=\"\" data-contentpop-type=\"image\" target=\"_blank\">&#13;<br \/>\n&#13;<br \/>\n&#13;<br \/>\n<img decoding=\"async\" alt=\"\" class=\"tsv3-c-common-article__attachment__link__previewimage\"  src=\"https:\/\/www.europesays.com\/fi\/wp-content\/uploads\/2026\/01\/pic_5_6867698_k11651347_1200.jpg\" \/>&#13;<br \/>\n                <\/a><\/p>\n<p class=\"teksti\">Englanninkieliselle perusopetukselle on suuri tarve, koska Turkuun muuttaa jatkuvasti perheit\u00e4 ulkomailta. Opetus palvelee sek\u00e4 maahanmuuttajataustaisia perheit\u00e4 ett\u00e4 suomalaisia paluumuuttajaperheit\u00e4, joiden lapset ovat k\u00e4yneet kansainv\u00e4list\u00e4 koulua ulkomailla. T\u00e4ll\u00e4 hetkell\u00e4 kansainv\u00e4lisess\u00e4 koulussa puhutaan 38 eri \u00e4idinkielt\u00e4, ja oppilaista viidesosa on suomenkielisi\u00e4. Peruskoulun oppilasm\u00e4\u00e4r\u00e4 on t\u00e4ll\u00e4 hetkell\u00e4 noin 250. Uuteen kiinteist\u00f6\u00f6n on toteutettu tilat 450 oppilaalle.<\/p>\n<p class=\"teksti\">Kupittaan katsotaan soveltuvan koulun sijainniksi erinomaisesti kasvavana koulutus- ja innovaatiokeskittym\u00e4n\u00e4. <\/p>\n<p class=\"teksti\">\u2013 Koulun oppilasm\u00e4\u00e4r\u00e4 on kasvanut tasaisesti, ja muutto uusiin tiloihin mahdollistaa paremman oppimisymp\u00e4rist\u00f6n lis\u00e4ksi toiminnan laajentamisen. My\u00f6hemmin tulee v\u00e4\u00e4j\u00e4\u00e4m\u00e4tt\u00e4 tarve lis\u00e4t\u00e4 my\u00f6s englanninkielist\u00e4 lukio- ja ammatillista koulutusta Turussa, Turun perusopetuksen palvelualuejohtaja Krista Lahtinen kommentoi tiedotteessa.<\/p>\n","protected":false},"excerpt":{"rendered":"Turun kansainv\u00e4lisen koulun perusopetus on aloittanut kev\u00e4tlukukauden Kupittaalla. Uusina tiloina koulu saa muun muassa liikuntasalin, musiikin, kuvataiteen, kotitalouden,&hellip;\n","protected":false},"author":2,"featured_media":135731,"comment_status":"","ping_status":"","sticky":false,"template":"","format":"standard","meta":{"footnotes":""},"categories":[12],"tags":[22,23,26,27,33,31,30,17,24,25,28,29,15,18,21,32,19,20,16],"class_list":{"0":"post-135730","1":"post","2":"type-post","3":"status-publish","4":"format-standard","5":"has-post-thumbnail","7":"category-suomi","8":"tag-breaking-news","9":"tag-breakingnews","10":"tag-featured-news","11":"tag-featurednews","12":"tag-fi","13":"tag-finland","14":"tag-finnish","15":"tag-headlines","16":"tag-latest-news","17":"tag-latestnews","18":"tag-main-news","19":"tag-mainnews","20":"tag-news","21":"tag-otsikot","22":"tag-paauutiset","23":"tag-suomi","24":"tag-top-stories","25":"tag-topstories","26":"tag-uutiset"},"share_on_mastodon":{"url":"https:\/\/pubeurope.com\/@fi\/115853179236106797","error":""},"_links":{"self":[{"href":"https:\/\/www.europesays.com\/fi\/wp-json\/wp\/v2\/posts\/135730","targetHints":{"allow":["GET"]}}],"collection":[{"href":"https:\/\/www.europesays.com\/fi\/wp-json\/wp\/v2\/posts"}],"about":[{"href":"https:\/\/www.europesays.com\/fi\/wp-json\/wp\/v2\/types\/post"}],"author":[{"embeddable":true,"href":"https:\/\/www.europesays.com\/fi\/wp-json\/wp\/v2\/users\/2"}],"replies":[{"embeddable":true,"href":"https:\/\/www.europesays.com\/fi\/wp-json\/wp\/v2\/comments?post=135730"}],"version-history":[{"count":0,"href":"https:\/\/www.europesays.com\/fi\/wp-json\/wp\/v2\/posts\/135730\/revisions"}],"wp:featuredmedia":[{"embeddable":true,"href":"https:\/\/www.europesays.com\/fi\/wp-json\/wp\/v2\/media\/135731"}],"wp:attachment":[{"href":"https:\/\/www.europesays.com\/fi\/wp-json\/wp\/v2\/media?parent=135730"}],"wp:term":[{"taxonomy":"category","embeddable":true,"href":"https:\/\/www.europesays.com\/fi\/wp-json\/wp\/v2\/categories?post=135730"},{"taxonomy":"post_tag","embeddable":true,"href":"https:\/\/www.europesays.com\/fi\/wp-json\/wp\/v2\/tags?post=135730"}],"curies":[{"name":"wp","href":"https:\/\/api.w.org\/{rel}","templated":true}]}}