{"id":135736,"date":"2026-01-07T09:59:09","date_gmt":"2026-01-07T09:59:09","guid":{"rendered":"https:\/\/www.europesays.com\/fi\/135736\/"},"modified":"2026-01-07T09:59:09","modified_gmt":"2026-01-07T09:59:09","slug":"ylivieskan-kameraseuran-joulukuun-kuvassa-talvinen-auringonkukkapelto","status":"publish","type":"post","link":"https:\/\/www.europesays.com\/fi\/135736\/","title":{"rendered":"Ylivieskan kameraseuran joulukuun kuvassa talvinen auringonkukkapelto"},"content":{"rendered":"<p>                                  Kulttuuri<\/p>\n<p>                <img loading=\"lazy\" decoding=\"async\" itemprop=\"contentUrl\" class=\"figure-img img-fluid\"  src=\"https:\/\/www.europesays.com\/fi\/wp-content\/uploads\/2026\/01\/1767779948_365_imengine.public.prod.hil.infomaker.io.jpeg\" width=\"375\" height=\"250\"  alt=\"\"\/><\/p>\n<p>                                    Ylivieskan Kameraseura ry:n joulukuun kuvaksi \u00e4\u00e4nestettiin Aarre Hautam\u00e4en kuva &#8221;Auringonkukkapelto&#8221;.<br \/>\n                                                    Kuva:<br \/>\n                    Aarre Hautam\u00e4ki<\/p>\n<p>      MAINOS &#8211; juttu jatkuu mainoksen j\u00e4lkeen<\/p>\n<p>      MAINOS &#8211; mainos p\u00e4\u00e4ttyy<\/p>\n<p class=\"ew-body\">Ylivieskan Kameraseura ry:n viime vuoden viimeiseksi kuukauden kuvaksi \u00e4\u00e4nestettiin talvinen maisemakuva auringonkukkapellosta kultaisessa auringonvalossa. Kuva on Aarre Hautam\u00e4en kuva \u201dAuringonkukkapelto\u201d.<\/p>\n<p>  <a class=\"btn btn-secondary btn-icon-left\" href=\"#coral_thread\"><br \/>\n    <img decoding=\"async\" src=\"https:\/\/www.kalajokilaakso.fi\/wp-content\/themes\/hilla-theme\/assets\/img\/icon_comments.svg\" alt=\"\"\/><br \/>\n    Kommentoi<br \/>\n    \u00a0(0)<br \/>\n  <\/a><\/p>\n<p>  <a class=\"btn btn-secondary btn-icon-left mailto_web\" href=\"mailto:toimitus@kalajokilaakso.fi?subject=Ilmoita%20asiavirheest%C3%A4&amp;body=Otsikko%3A%20Ylivieskan%20kameraseuran%20joulukuun%20kuvassa%20talvinen%20auringonkukkapelto%0AUuid%3A%208d3eba9f-f42c-411d-830e-20ef380a6fc5%0AUrl%3A%20https%3A%2F%2Fwww.kalajokilaakso.fi%2Fartikkeli%2Fylivieskan-kameraseuran-joulukuun-kuvassa-talvinen-auringonkukkapelto\"><br \/>\n    <img decoding=\"async\" src=\"https:\/\/www.kalajokilaakso.fi\/wp-content\/themes\/hilla-theme\/assets\/img\/icon_feedback.svg\" alt=\"\"\/><br \/>\n    Ilmoita asiavirheest\u00e4<br \/>\n  <\/a><\/p>\n","protected":false},"excerpt":{"rendered":"Kulttuuri Ylivieskan Kameraseura ry:n joulukuun kuvaksi \u00e4\u00e4nestettiin Aarre Hautam\u00e4en kuva &#8221;Auringonkukkapelto&#8221;. Kuva: Aarre Hautam\u00e4ki MAINOS &#8211; juttu jatkuu&hellip;\n","protected":false},"author":2,"featured_media":135737,"comment_status":"","ping_status":"","sticky":false,"template":"","format":"standard","meta":{"footnotes":""},"categories":[135],"tags":[389,387,388,390,137,33,31,30,32,394,393,391,392,109],"class_list":{"0":"post-135736","1":"post","2":"type-post","3":"status-publish","4":"format-standard","5":"has-post-thumbnail","7":"category-taiteet-ja-suunnittelu","8":"tag-arts","9":"tag-arts-and-design","10":"tag-artsanddesign","11":"tag-design","12":"tag-entertainment","13":"tag-fi","14":"tag-finland","15":"tag-finnish","16":"tag-suomi","17":"tag-suunnittelu","18":"tag-taiteet","19":"tag-taiteet-ja-suunnittelu","20":"tag-taiteetsuunnittelu","21":"tag-viihde"},"share_on_mastodon":{"url":"https:\/\/pubeurope.com\/@fi\/115853234256657781","error":""},"_links":{"self":[{"href":"https:\/\/www.europesays.com\/fi\/wp-json\/wp\/v2\/posts\/135736","targetHints":{"allow":["GET"]}}],"collection":[{"href":"https:\/\/www.europesays.com\/fi\/wp-json\/wp\/v2\/posts"}],"about":[{"href":"https:\/\/www.europesays.com\/fi\/wp-json\/wp\/v2\/types\/post"}],"author":[{"embeddable":true,"href":"https:\/\/www.europesays.com\/fi\/wp-json\/wp\/v2\/users\/2"}],"replies":[{"embeddable":true,"href":"https:\/\/www.europesays.com\/fi\/wp-json\/wp\/v2\/comments?post=135736"}],"version-history":[{"count":0,"href":"https:\/\/www.europesays.com\/fi\/wp-json\/wp\/v2\/posts\/135736\/revisions"}],"wp:featuredmedia":[{"embeddable":true,"href":"https:\/\/www.europesays.com\/fi\/wp-json\/wp\/v2\/media\/135737"}],"wp:attachment":[{"href":"https:\/\/www.europesays.com\/fi\/wp-json\/wp\/v2\/media?parent=135736"}],"wp:term":[{"taxonomy":"category","embeddable":true,"href":"https:\/\/www.europesays.com\/fi\/wp-json\/wp\/v2\/categories?post=135736"},{"taxonomy":"post_tag","embeddable":true,"href":"https:\/\/www.europesays.com\/fi\/wp-json\/wp\/v2\/tags?post=135736"}],"curies":[{"name":"wp","href":"https:\/\/api.w.org\/{rel}","templated":true}]}}