{"id":135738,"date":"2026-01-07T10:01:08","date_gmt":"2026-01-07T10:01:08","guid":{"rendered":"https:\/\/www.europesays.com\/fi\/135738\/"},"modified":"2026-01-07T10:01:08","modified_gmt":"2026-01-07T10:01:08","slug":"keke-leppanen-kieltaytyi-osallistumasta-suosikkiohjelmaan-kovat-perusteet","status":"publish","type":"post","link":"https:\/\/www.europesays.com\/fi\/135738\/","title":{"rendered":"Keke Lepp\u00e4nen kielt\u00e4ytyi osallistumasta suosikkiohjelmaan \u2013 Kovat perusteet"},"content":{"rendered":"<p>Keijo Lepp\u00e4nen vieraili Huomenta Suomessa keskiviikkona.<\/p>\n<p><img decoding=\"async\" class=\"image image-show image-preview\" src=\"https:\/\/www.europesays.com\/fi\/wp-content\/uploads\/2026\/01\/0240e3fd23345caea9d818574496c80c1686425046536bc8dc9e1980d6cd7fc2.jpg\" alt=\"\"\/><img decoding=\"async\" class=\"image image-show\" src=\"https:\/\/www.europesays.com\/fi\/wp-content\/uploads\/2026\/01\/1767780068_272_0240e3fd23345caea9d818574496c80c1686425046536bc8dc9e1980d6cd7fc2.jpg\" alt=\"\"\/><\/p>\n<p>Keijo Lepp\u00e4nen el\u00e4k\u00f6ityi Pete Anikari<\/p>\n<p class=\"paragraph\">Syksyll\u00e4 2024 el\u00e4kkeelle j\u00e4\u00e4nyt uutisankkuri <a href=\"https:\/\/www.iltalehti.fi\/henkilot\/Keijo Lepp\u00e4nen\" class=\"article-link-person-page\" rel=\"nofollow noopener\" target=\"_blank\">Keijo Lepp\u00e4nen<\/a> vieraili <a href=\"https:\/\/www.mtv.fi\/video\/bd76a387508fa822b45f\/keskiviikkona-7-tammikuuta\" rel=\"noopener nofollow\" target=\"_blank\">Huomenta Suomen<\/a> l\u00e4hetyksess\u00e4 keskiviikkoaamuna. Yritt\u00e4j\u00e4n\u00e4 el\u00e4k\u00f6itymisen j\u00e4lkeen toiminut Lepp\u00e4nen kertoo, miten h\u00e4nen el\u00e4kkeens\u00e4 on sujunut.<\/p>\n<p class=\"paragraph\">\u2013 Jos olisin j\u00e4\u00e4nyt ihan vaan el\u00e4kel\u00e4iseksi somettamaan sohvalle, p\u00e4\u00e4ss\u00e4 olisi tapahtunut varmaan enemm\u00e4n haitallista liikett\u00e4. Minulla oli mahdollisuus ja oikeastaan halukin jatkaa ty\u00f6el\u00e4m\u00e4\u00e4, joka on t\u00e4ss\u00e4 viestinn\u00e4n liepeill\u00e4, Lepp\u00e4nen sanoi.<\/p>\n<p class=\"paragraph\">Lepp\u00e4nen kertoi haastattelussa my\u00f6s, ett\u00e4 h\u00e4nt\u00e4 pyydettiin Tanssii t\u00e4htien kanssa -ohjelman viimeisimm\u00e4lle kaudelle.<\/p>\n<p class=\"paragraph\">\u2013 Silloin, kun minut n\u00e4hd\u00e4\u00e4n tanssiohjelman parketilla kilpailijana, juontajana tai tuomarina, silloin on huono tilanne. Silloin minun harkintakykyni on pett\u00e4nyt. Se on suurin piirtein sama tilanne, ett\u00e4 soittelisin teille viikoittain, miten pit\u00e4\u00e4 tehd\u00e4 uutisia, Lepp\u00e4nen sanoi.<\/p>\n<p>Yst\u00e4vyys Aki Hintsan kanssa<\/p>\n<p class=\"paragraph\">My\u00f6hemmin Lepp\u00e4sen seuraksi studioon saapui h\u00e4nen kummitytt\u00f6ns\u00e4, toimitusjohtaja <strong>Annastiina Hintsa,<\/strong> jonka is\u00e4 on edesmennyt urheilul\u00e4\u00e4k\u00e4ri <a href=\"https:\/\/www.iltalehti.fi\/henkilot\/Aki Hintsa\" class=\"article-link-person-page\" rel=\"nofollow noopener\" target=\"_blank\">Aki Hintsa<\/a>.<\/p>\n<p class=\"paragraph\">\u2013 Aki ja Marke, h\u00e4nen is\u00e4ns\u00e4 ja \u00e4itins\u00e4 tulivat Sein\u00e4joelle 80-luvun puoliv\u00e4liss\u00e4 ja mekin olimme siell\u00e4. Siell\u00e4 ajauduimme syv\u00e4\u00e4n yst\u00e4vyyteen ja samoihin piireihin, Lepp\u00e4nen kertoi.<\/p>\n<p class=\"paragraph\">Aki pyysi Lepp\u00e4st\u00e4 kummiksi ja teht\u00e4v\u00e4n ex-uutisankkuri otti \u201dmielihyvin vastaan\u201d. Aki ja Keijo olivat yst\u00e4vi\u00e4 ja Lepp\u00e4nen kertoo Akin auttaneen h\u00e4nt\u00e4 my\u00f6s py\u00f6rtymistilanteessa.<\/p>\n<p class=\"paragraph\">\u2013 Loukkasin jalkani ja soitin Akille. Aki sanoi, ett\u00e4 tule t\u00e4nne, saunotaan ja katsotaan, mik\u00e4 siin\u00e4 on, Lepp\u00e4nen kertoi.<\/p>\n<p class=\"paragraph\">Aki oli sanonut Keijolle, ett\u00e4 jalka pit\u00e4\u00e4 leikata. Lepp\u00e4nen kysyi saunan lauteilla yst\u00e4v\u00e4lt\u00e4\u00e4n, ett\u00e4 miten h\u00e4n sen tekee.<\/p>\n<p class=\"paragraph\">\u2013 Muuta en muistakaan. Py\u00f6rryin siihen ja her\u00e4sin Iirislahden nurmikolla alastomana, h\u00e4n oli raahannut minut sinne, Lepp\u00e4nen muisteli.<\/p>\n<p class=\"paragraph\">\u2013 H\u00e4n sanoi j\u00e4lkeenp\u00e4in, ettei ole n\u00e4hnyt el\u00e4v\u00e4\u00e4 ihmist\u00e4 noin syv\u00e4ss\u00e4 koomassa. Onneksi minua ja Akia ei tunnettu silloin viel\u00e4, Lepp\u00e4nen kertoi.<\/p>\n<p class=\"paragraph\">MTV:ll\u00e4 k\u00e4ynnistyiv\u00e4t t\u00e4n\u00e4\u00e4n uudistetut Huomenta Suomi -l\u00e4hetykset.<\/p>\n<p class=\"paragraph\">Ohjelma jatkuu jatkossa jopa puoleen p\u00e4iv\u00e4\u00e4n saakka. Maanantaista perjantaihin l\u00e4hetys n\u00e4hd\u00e4\u00e4n klo 6.25\u201312.00. Sen kesto on noin viisi ja puoli tuntia.<\/p>\n<p class=\"paragraph\">Arkiaamuisin ohjelmaa juontaa varhaistunneilla yksi juontaja. Kello kahdeksan j\u00e4lkeen mukaan liittyy toinen juontaja, ja he vet\u00e4v\u00e4t l\u00e4hetyst\u00e4 yhdess\u00e4 muutaman tunnin ajan. L\u00e4hetyksen loppuosuuden hoitaa j\u00e4lleen yksi juontaja.<\/p>\n<p class=\"paragraph\">Viikonloppuisin Huomenta Suomi jatkuu noin kolmetuntisena l\u00e4hetyksen\u00e4 klo 8.55\u201312.00. Viikonloppujen juontajina jatkavat <a href=\"https:\/\/www.iltalehti.fi\/henkilot\/Niina Backman\" class=\"article-link-person-page\" rel=\"nofollow noopener\" target=\"_blank\">Niina<\/a> ja <a href=\"https:\/\/www.iltalehti.fi\/henkilot\/Lorenz Backman\" class=\"article-link-person-page\" rel=\"nofollow noopener\" target=\"_blank\">Lorenz Backman<\/a>, <a href=\"https:\/\/www.iltalehti.fi\/henkilot\/Joanna Kuvaja\" class=\"article-link-person-page\" rel=\"nofollow noopener\" target=\"_blank\">Joanna Kuvaja<\/a> sek\u00e4 <a href=\"https:\/\/www.iltalehti.fi\/henkilot\/Aki Linnanahde\" class=\"article-link-person-page\" rel=\"nofollow noopener\" target=\"_blank\">Aki Linnanahde<\/a>.<\/p>\n","protected":false},"excerpt":{"rendered":"Keijo Lepp\u00e4nen vieraili Huomenta Suomessa keskiviikkona. Keijo Lepp\u00e4nen el\u00e4k\u00f6ityi Pete Anikari Syksyll\u00e4 2024 el\u00e4kkeelle j\u00e4\u00e4nyt uutisankkuri Keijo Lepp\u00e4nen&hellip;\n","protected":false},"author":2,"featured_media":97304,"comment_status":"","ping_status":"","sticky":false,"template":"","format":"standard","meta":{"footnotes":""},"categories":[133],"tags":[35,137,33,31,30,979,1999,32,206,2140,140,139,156,109],"class_list":{"0":"post-135738","1":"post","2":"type-post","3":"status-publish","4":"format-standard","5":"has-post-thumbnail","7":"category-televisiot","8":"tag-24h","9":"tag-entertainment","10":"tag-fi","11":"tag-finland","12":"tag-finnish","13":"tag-sahkoinen-media","14":"tag-suomalaiset-tv-ohjelmat","15":"tag-suomi","16":"tag-televisiot","17":"tag-tosi-tv-ohjelmat","18":"tag-tv-ja-elokuvat","19":"tag-tv-ohjelmat","20":"tag-tv","21":"tag-viihde"},"share_on_mastodon":{"url":"https:\/\/pubeurope.com\/@fi\/115853242155895686","error":""},"_links":{"self":[{"href":"https:\/\/www.europesays.com\/fi\/wp-json\/wp\/v2\/posts\/135738","targetHints":{"allow":["GET"]}}],"collection":[{"href":"https:\/\/www.europesays.com\/fi\/wp-json\/wp\/v2\/posts"}],"about":[{"href":"https:\/\/www.europesays.com\/fi\/wp-json\/wp\/v2\/types\/post"}],"author":[{"embeddable":true,"href":"https:\/\/www.europesays.com\/fi\/wp-json\/wp\/v2\/users\/2"}],"replies":[{"embeddable":true,"href":"https:\/\/www.europesays.com\/fi\/wp-json\/wp\/v2\/comments?post=135738"}],"version-history":[{"count":0,"href":"https:\/\/www.europesays.com\/fi\/wp-json\/wp\/v2\/posts\/135738\/revisions"}],"wp:featuredmedia":[{"embeddable":true,"href":"https:\/\/www.europesays.com\/fi\/wp-json\/wp\/v2\/media\/97304"}],"wp:attachment":[{"href":"https:\/\/www.europesays.com\/fi\/wp-json\/wp\/v2\/media?parent=135738"}],"wp:term":[{"taxonomy":"category","embeddable":true,"href":"https:\/\/www.europesays.com\/fi\/wp-json\/wp\/v2\/categories?post=135738"},{"taxonomy":"post_tag","embeddable":true,"href":"https:\/\/www.europesays.com\/fi\/wp-json\/wp\/v2\/tags?post=135738"}],"curies":[{"name":"wp","href":"https:\/\/api.w.org\/{rel}","templated":true}]}}