{"id":135747,"date":"2026-01-07T10:08:20","date_gmt":"2026-01-07T10:08:20","guid":{"rendered":"https:\/\/www.europesays.com\/fi\/135747\/"},"modified":"2026-01-07T10:08:20","modified_gmt":"2026-01-07T10:08:20","slug":"motorola-esitteli-haastajan-samsungille-tassa-on-taittuva-motorola-razr-fold","status":"publish","type":"post","link":"https:\/\/www.europesays.com\/fi\/135747\/","title":{"rendered":"Motorola esitteli haastajan Samsungille &#8211; t\u00e4ss\u00e4 on taittuva Motorola Razr Fold"},"content":{"rendered":"<p><img loading=\"lazy\" decoding=\"async\" aria-describedby=\"caption-attachment-149894\" class=\"size-large wp-image-149894\" src=\"https:\/\/www.europesays.com\/fi\/wp-content\/uploads\/2026\/01\/motorola-razr-fold-3-1024x768.png\" alt=\"\" width=\"1024\" height=\"768\"\/><\/p>\n<p id=\"caption-attachment-149894\" class=\"wp-caption-text\">Motorola Razr Fold<\/p>\n<p>Motorola antoi ensivilauksen uudenlaisesta taittuvasta Razr Fold -\u00e4lypuhelimesta Lenovo Tech World 2026 -tapahtumassa. Kyseess\u00e4 on valmistajan toistaiseksi kunnianhimoisin taittuvan\u00e4ytt\u00f6inen puhelin, joka yhdist\u00e4\u00e4 perinteisen \u00e4lypuhelimen k\u00e4ytt\u00f6tuntuman ja tablet-kokoisen sis\u00e4n\u00e4yt\u00f6n samaan laitteeseen. Kaikkia yksityiskohtia ei ole viel\u00e4 vahvistettu, mutta jo nyt laitteesta paljastuneet tiedot lupaavat paljon.<\/p>\n<p>Motorola Razr Fold poikkeaa selv\u00e4sti aiemmista Razr-simpukkamalleista. Suljettuna laite n\u00e4ytt\u00e4\u00e4 ja tuntuu tavalliselta \u00e4lypuhelimelta, sill\u00e4 sen etupuolella on per\u00e4ti 6,56 tuuman ulkoinen n\u00e4ytt\u00f6. Motorola korostaa, ett\u00e4 tarkoituksena on tarjota t\u00e4ysiverinen \u00e4lypuhelinkokemus ilman tarvetta avata laitetta jatkuvasti. V\u00e4rivaihtoehtoina ovat ainakin Pantone Blackened Blue ja Pantone Lily White.<\/p>\n<p>\n\t\t\tArtikkeli jatkuu mainoksen j\u00e4lkeen\n\t\t<\/p>\n<p><img loading=\"lazy\" decoding=\"async\" class=\"alignnone size-large wp-image-149893\" src=\"https:\/\/www.europesays.com\/fi\/wp-content\/uploads\/2026\/01\/motorola-razr-fold-4-1024x489.png\" alt=\"\" width=\"1024\" height=\"489\"\/><\/p>\n<p>Kun puhelimen avaa, paljastuu suuri 8,09-tuumainen 2K-tarkkuuden LTPO-n\u00e4ytt\u00f6, joka vie Razr Foldin t\u00e4ysin eri kokoluokkaan kuin aiemmat Razr-mallit. Motorola lupaa mukautuvia k\u00e4ytt\u00f6liittymi\u00e4, joustavaa moniajoa ja parannettuja multitasking-ominaisuuksia, jotka hy\u00f6dynt\u00e4v\u00e4t isoa n\u00e4ytt\u00f6pinta-alaa tehokkaasti.<\/p>\n<p>Lis\u00e4mausteena laite tukee Moto Pen Ultra -kosketusn\u00e4ytt\u00f6kyn\u00e4\u00e4, mik\u00e4 viittaa vahvasti tuottavuusk\u00e4ytt\u00f6\u00f6n, muistiinpanoihin, luonnosteluun ja moniajoon tabletin tapaan.<\/p>\n<p>\n\t\t\tArtikkeli jatkuu mainoksen j\u00e4lkeen\n\t\t<\/p>\n<p><img loading=\"lazy\" decoding=\"async\" class=\"alignnone size-large wp-image-149891\" src=\"https:\/\/www.europesays.com\/fi\/wp-content\/uploads\/2026\/01\/motorola-razr-fold-1-1024x594.png\" alt=\"\" width=\"1024\" height=\"594\"\/><\/p>\n<p>Razr Fold ei tee kompromisseja kameraj\u00e4rjestelm\u00e4ss\u00e4. Takana on kolmoiskamera, jossa jokaisessa kennossa on 50 megapikselin resoluutio. P\u00e4\u00e4kamerana toimii Sony LYTIA -sensori, 50 megapikselin ultralaajakulmakamera toimii my\u00f6s makrokuvaukseen ja mukana on my\u00f6s 50 megapikselin 3-kerteinen periskooppikamera.<\/p>\n<p>Suljettuna laitetta voi k\u00e4ytt\u00e4\u00e4 kuvaamiseen 32 megapikselin ulkokameralla, ja avattuna videopuhelut sek\u00e4 sis\u00e4ll\u00f6ntuotanto hoituvat 20 megapikselin sis\u00e4kameralla. Videokuvaus tukee Dolby Vision -formaattia ja Motorolan mukaan mukana on my\u00f6s edistynyt kuvanvakautus.<\/p>\n<p>\n\t\t\tArtikkeli jatkuu mainoksen j\u00e4lkeen\n\t\t<\/p>\n<p><img loading=\"lazy\" decoding=\"async\" class=\"alignnone size-full wp-image-149892\" src=\"https:\/\/www.europesays.com\/fi\/wp-content\/uploads\/2026\/01\/motorola-razr-fold-2.png\" alt=\"\" width=\"1014\" height=\"962\"\/><\/p>\n<p>Razr Fold hy\u00f6dynt\u00e4\u00e4 Motorolan uusia teko\u00e4lytoimintoja, kuten Catch Me Up ja Next Move, joiden tarkoituksena on auttaa k\u00e4ytt\u00e4j\u00e4\u00e4 pysym\u00e4\u00e4n ajan tasalla ja j\u00e4rjestelm\u00e4llisen\u00e4. Ne ovat osa laajempaa Motorola Qira -teko\u00e4lyalustaa, joka yhdist\u00e4\u00e4 Motorolan ja Lenovon ratkaisuja yhdeksi kokonaisuudeksi.<\/p>\n<p>Motorola ei toistaiseksi paljastanut Razr Foldin tarkkaa hintaa tai myyntiin tuloaikataulua. Suomen osalta Motorola on luvannut lis\u00e4tietoja vasta my\u00f6hemmin.<\/p>\n<p><strong>L\u00e4hde<\/strong>: Motorola<\/p>\n","protected":false},"excerpt":{"rendered":"Motorola Razr Fold Motorola antoi ensivilauksen uudenlaisesta taittuvasta Razr Fold -\u00e4lypuhelimesta Lenovo Tech World 2026 -tapahtumassa. Kyseess\u00e4 on&hellip;\n","protected":false},"author":2,"featured_media":135748,"comment_status":"","ping_status":"","sticky":false,"template":"","format":"standard","meta":{"footnotes":""},"categories":[84],"tags":[33,31,30,2431,23752,32,3908,91,92],"class_list":{"0":"post-135747","1":"post","2":"type-post","3":"status-publish","4":"format-standard","5":"has-post-thumbnail","7":"category-teknologia","8":"tag-fi","9":"tag-finland","10":"tag-finnish","11":"tag-motorola","12":"tag-motorola-razr-fold","13":"tag-suomi","14":"tag-taittuvanayttoiset-puhelimet","15":"tag-technology","16":"tag-teknologia"},"share_on_mastodon":{"url":"https:\/\/pubeurope.com\/@fi\/115853269729690781","error":""},"_links":{"self":[{"href":"https:\/\/www.europesays.com\/fi\/wp-json\/wp\/v2\/posts\/135747","targetHints":{"allow":["GET"]}}],"collection":[{"href":"https:\/\/www.europesays.com\/fi\/wp-json\/wp\/v2\/posts"}],"about":[{"href":"https:\/\/www.europesays.com\/fi\/wp-json\/wp\/v2\/types\/post"}],"author":[{"embeddable":true,"href":"https:\/\/www.europesays.com\/fi\/wp-json\/wp\/v2\/users\/2"}],"replies":[{"embeddable":true,"href":"https:\/\/www.europesays.com\/fi\/wp-json\/wp\/v2\/comments?post=135747"}],"version-history":[{"count":0,"href":"https:\/\/www.europesays.com\/fi\/wp-json\/wp\/v2\/posts\/135747\/revisions"}],"wp:featuredmedia":[{"embeddable":true,"href":"https:\/\/www.europesays.com\/fi\/wp-json\/wp\/v2\/media\/135748"}],"wp:attachment":[{"href":"https:\/\/www.europesays.com\/fi\/wp-json\/wp\/v2\/media?parent=135747"}],"wp:term":[{"taxonomy":"category","embeddable":true,"href":"https:\/\/www.europesays.com\/fi\/wp-json\/wp\/v2\/categories?post=135747"},{"taxonomy":"post_tag","embeddable":true,"href":"https:\/\/www.europesays.com\/fi\/wp-json\/wp\/v2\/tags?post=135747"}],"curies":[{"name":"wp","href":"https:\/\/api.w.org\/{rel}","templated":true}]}}