{"id":135755,"date":"2026-01-07T10:12:06","date_gmt":"2026-01-07T10:12:06","guid":{"rendered":"https:\/\/www.europesays.com\/fi\/135755\/"},"modified":"2026-01-07T10:12:06","modified_gmt":"2026-01-07T10:12:06","slug":"tanskan-olympiajoukkue-julkistettiin-nhl-com-fi","status":"publish","type":"post","link":"https:\/\/www.europesays.com\/fi\/135755\/","title":{"rendered":"Tanskan olympiajoukkue julkistettiin | NHL.com\/fi"},"content":{"rendered":"<p>Ottawa Senatorsin hy\u00f6kk\u00e4\u00e4j\u00e4 Lars Eller ja Carolina Hurricanesin hy\u00f6kk\u00e4\u00e4j\u00e4 Nikolaj Ehlers t\u00e4hditt\u00e4v\u00e4t Tanskan keskiviikkona julkistettua joukkuetta Milano-Cortinan 2026 talviolympialaisiin.<\/p>\n<p>Tanska on mukana miesten j\u00e4\u00e4kiekkoturnauksessa vasta toisen kerran olympiahistoriassa. Pekingin kisoissa vuonna 2022 sijoitus oli seitsem\u00e4s.<\/p>\n<p>Turnauksen kaikki 12 joukkuetta pelaavat kolme alkusarjan ottelua. Sen j\u00e4lkeen pelataan pudotuspelit, jotka huipentuvat kultamitaliotteluun 22. helmikuuta. Tanska avaa ottelunsa C-lohkossa Saksaa vastaan 12. helmikuuta. Se kohtaa Yhdysvallat 14. helmikuuta ja Latvian 15. helmikuuta.<\/p>\n<p>Seuraavassa Tanskan kokoonpano Milano-Cortinan 2026 talviolympialaisiin (aakkosj\u00e4rjestyksess\u00e4):<\/p>\n<p><strong>HY\u00d6KK\u00c4\u00c4J\u00c4T (15)<\/strong><br \/>Mikkel Aagaard, Skellefte\u00e5<br \/>Mathias Bau Hansen, Herning<br \/>Oliver Bjorkstrand, Tampa Bay Lightning<br \/>Joachim Blichfeld, Tappara<br \/>Nikolaj Ehlers, Carolina Hurricanes<br \/>Lars Eller, Ottawa Senators<br \/>Nicklas Jensen, Rapperswil-Jona<br \/>Oscar Fisker M\u00f8lgaard, Coachella Valley<br \/>Nick Olesen, Motor \u010cesk\u00e9 Bud\u011bjovice<br \/>Morten Poulsen, Herning<br \/>Jonas R\u00f8ndbjerg, Henderson<br \/>Patrick Russell, K\u00f6ln<br \/>Frederik Storm, Kolner Haie<br \/>Alexander True, JYP Jyv\u00e4skyl\u00e4<br \/>Christian Wejse, Bremerhaven<\/p>\n<p><strong>PUOLUSTAJAT (7)<\/strong><br \/>Jesper Jensen Aabo, Klagenfurt<br \/>Nicholas B. Jensen, Bremerhaven<br \/>Anders Koch, Graz<br \/>Matias Lassen, Iserlohn<br \/>Markus Lauridsen, Pustertal<br \/>Oliver Lauridsen, TPS Turku<br \/>Phillip Bruggisser, Bremerhaven<\/p>\n<p><strong>MAALIVAHDIT (3)<\/strong><br \/>Frederik Andersen, Carolina Hurricanes<br \/>Frederik Dichow, HV71<br \/>Mads S\u00f8gaard, Ottawa Senators<\/p>\n","protected":false},"excerpt":{"rendered":"Ottawa Senatorsin hy\u00f6kk\u00e4\u00e4j\u00e4 Lars Eller ja Carolina Hurricanesin hy\u00f6kk\u00e4\u00e4j\u00e4 Nikolaj Ehlers t\u00e4hditt\u00e4v\u00e4t Tanskan keskiviikkona julkistettua joukkuetta Milano-Cortinan 2026&hellip;\n","protected":false},"author":2,"featured_media":135756,"comment_status":"","ping_status":"","sticky":false,"template":"","format":"standard","meta":{"footnotes":""},"categories":[5],"tags":[22,23,26,27,33,31,30,17,24,25,28,29,15,18,21,32,19,20,16],"class_list":{"0":"post-135755","1":"post","2":"type-post","3":"status-publish","4":"format-standard","5":"has-post-thumbnail","7":"category-otsikot","8":"tag-breaking-news","9":"tag-breakingnews","10":"tag-featured-news","11":"tag-featurednews","12":"tag-fi","13":"tag-finland","14":"tag-finnish","15":"tag-headlines","16":"tag-latest-news","17":"tag-latestnews","18":"tag-main-news","19":"tag-mainnews","20":"tag-news","21":"tag-otsikot","22":"tag-paauutiset","23":"tag-suomi","24":"tag-top-stories","25":"tag-topstories","26":"tag-uutiset"},"share_on_mastodon":{"url":"https:\/\/pubeurope.com\/@fi\/115853285279050582","error":""},"_links":{"self":[{"href":"https:\/\/www.europesays.com\/fi\/wp-json\/wp\/v2\/posts\/135755","targetHints":{"allow":["GET"]}}],"collection":[{"href":"https:\/\/www.europesays.com\/fi\/wp-json\/wp\/v2\/posts"}],"about":[{"href":"https:\/\/www.europesays.com\/fi\/wp-json\/wp\/v2\/types\/post"}],"author":[{"embeddable":true,"href":"https:\/\/www.europesays.com\/fi\/wp-json\/wp\/v2\/users\/2"}],"replies":[{"embeddable":true,"href":"https:\/\/www.europesays.com\/fi\/wp-json\/wp\/v2\/comments?post=135755"}],"version-history":[{"count":0,"href":"https:\/\/www.europesays.com\/fi\/wp-json\/wp\/v2\/posts\/135755\/revisions"}],"wp:featuredmedia":[{"embeddable":true,"href":"https:\/\/www.europesays.com\/fi\/wp-json\/wp\/v2\/media\/135756"}],"wp:attachment":[{"href":"https:\/\/www.europesays.com\/fi\/wp-json\/wp\/v2\/media?parent=135755"}],"wp:term":[{"taxonomy":"category","embeddable":true,"href":"https:\/\/www.europesays.com\/fi\/wp-json\/wp\/v2\/categories?post=135755"},{"taxonomy":"post_tag","embeddable":true,"href":"https:\/\/www.europesays.com\/fi\/wp-json\/wp\/v2\/tags?post=135755"}],"curies":[{"name":"wp","href":"https:\/\/api.w.org\/{rel}","templated":true}]}}