{"id":135761,"date":"2026-01-07T10:28:07","date_gmt":"2026-01-07T10:28:07","guid":{"rendered":"https:\/\/www.europesays.com\/fi\/135761\/"},"modified":"2026-01-07T10:28:07","modified_gmt":"2026-01-07T10:28:07","slug":"finntroll-vreth-sairastunut-ja-jaanyt-sivuun","status":"publish","type":"post","link":"https:\/\/www.europesays.com\/fi\/135761\/","title":{"rendered":"Finntroll Vreth sairastunut ja j\u00e4\u00e4nyt sivuun"},"content":{"rendered":"<p>Suomalainen folk metal -yhtye\u00a0<strong><a href=\"https:\/\/kaaoszine.fi\/aiheet\/finntroll\/\" rel=\"nofollow noopener\" target=\"_blank\">Finntroll<\/a><\/strong>\u00a0on tiedottanut <a href=\"https:\/\/www.facebook.com\/share\/p\/1ANUa92sve\/\" rel=\"nofollow noopener\" target=\"_blank\">Facebookissa<\/a> merkitt\u00e4v\u00e4st\u00e4 muutoksesta tuleviin keikkoihinsa. Yhtyeen pitk\u00e4aikainen laulaja\u00a0<strong>Vreth<\/strong>\u00a0on joutunut j\u00e4\u00e4m\u00e4\u00e4n toistaiseksi sivuun sairastumisen vuoksi.<\/p>\n<p>Yhtyeen mukaan Vreth on k\u00e4rsinyt stressiper\u00e4isest\u00e4 univajeesta, ja vuosien mittaan kertynyt kuormitus on vaatinut veronsa. T\u00e4st\u00e4 syyst\u00e4 h\u00e4n ei osallistu tuleville Suomen-keikoille eik\u00e4 my\u00f6sk\u00e4\u00e4n syksyn\u00a0<strong>Heidenfest<\/strong>-kiertueelle.<\/p>\n<blockquote class=\"wp-block-quote is-layout-flow wp-block-quote-is-layout-flow\">\n<p>\u201cOn surullista ilmoittaa, etten ole mukana Suomen-keikoilla enk\u00e4 Heidenfest-kiertueella t\u00e4ll\u00e4 kertaa. Olen k\u00e4rsinyt stressiin liittyv\u00e4st\u00e4 univajeesta ja j\u00e4\u00e4n n\u00e4ist\u00e4 keikoista sivuun. Ihmiset kutsuivat minua ennen \u2018metallimaailman kiireisimm\u00e4ksi mieheksi\u2019\u2026 ilmeisesti kaikki vain kasaantui kerralla.\u201d<br \/>\u2013 Vreth<\/p>\n<p>Artikkeli jatkuu mainoksen j\u00e4lkeen<br \/>\nMainos p\u00e4\u00e4ttyy<\/p>\n<\/blockquote>\n<p>Vaikka tilanne on poikkeuksellinen, Finntroll ei peruu keikkojaan. Yhtye jatkaa esiintymisi\u00e4\u00e4n normaalisti, ja Vrethin tilalle on kutsuttu norjalainen vokalisti\u00a0<strong>Kistelach<\/strong>, joka hoitaa laulajan teht\u00e4v\u00e4t toistaiseksi.<\/p>\n<p>Yhtye kuvailee Kistelachia v\u00e4rikk\u00e4\u00e4seen tyyliins\u00e4 \u201cvuonojen vitsaukseksi\u201d ja \u201ckalastajien perikadoksi\u201d, ja toteaa h\u00e4nen olevan luotettava valinta takaamaan Finntrollin energiset ja niskat katkovat keikat my\u00f6s n\u00e4iss\u00e4 olosuhteissa.<\/p>\n<blockquote class=\"wp-block-quote is-layout-flow wp-block-quote-is-layout-flow\">\n<p>\u201cMinulle on suuri kunnia, ett\u00e4 minut on uskottu hoitamaan laulajan teht\u00e4v\u00e4t tulevalla Finntroll-kiertueella. Teen kaikkeni oikeuttaakseni kappaleet, lavan ja yleis\u00f6n.\u201d<br \/>\u2013 Kistelach<\/p>\n<p>Artikkeli jatkuu mainoksen j\u00e4lkeenMainos p\u00e4\u00e4ttyy<\/p>\n<\/blockquote>\n<p>Finntroll vakuuttaa, ett\u00e4 Vrethin paluusta tiedotetaan heti, kun tilanne sen sallii. Siihen asti yhtye kehottaa faneja toivottamaan Kistelachin tervetulleeksi riveihins\u00e4 ja suuntaamaan moshpitiin tuttuun tapaan.<\/p>\n","protected":false},"excerpt":{"rendered":"Suomalainen folk metal -yhtye\u00a0Finntroll\u00a0on tiedottanut Facebookissa merkitt\u00e4v\u00e4st\u00e4 muutoksesta tuleviin keikkoihinsa. Yhtyeen pitk\u00e4aikainen laulaja\u00a0Vreth\u00a0on joutunut j\u00e4\u00e4m\u00e4\u00e4n toistaiseksi sivuun sairastumisen&hellip;\n","protected":false},"author":2,"featured_media":135762,"comment_status":"","ping_status":"","sticky":false,"template":"","format":"standard","meta":{"footnotes":""},"categories":[132],"tags":[137,33,31,30,195,47,32,109],"class_list":{"0":"post-135761","1":"post","2":"type-post","3":"status-publish","4":"format-standard","5":"has-post-thumbnail","7":"category-musiikki","8":"tag-entertainment","9":"tag-fi","10":"tag-finland","11":"tag-finnish","12":"tag-music","13":"tag-musiikki","14":"tag-suomi","15":"tag-viihde"},"share_on_mastodon":{"url":"https:\/\/pubeurope.com\/@fi\/115853348209152052","error":""},"_links":{"self":[{"href":"https:\/\/www.europesays.com\/fi\/wp-json\/wp\/v2\/posts\/135761","targetHints":{"allow":["GET"]}}],"collection":[{"href":"https:\/\/www.europesays.com\/fi\/wp-json\/wp\/v2\/posts"}],"about":[{"href":"https:\/\/www.europesays.com\/fi\/wp-json\/wp\/v2\/types\/post"}],"author":[{"embeddable":true,"href":"https:\/\/www.europesays.com\/fi\/wp-json\/wp\/v2\/users\/2"}],"replies":[{"embeddable":true,"href":"https:\/\/www.europesays.com\/fi\/wp-json\/wp\/v2\/comments?post=135761"}],"version-history":[{"count":0,"href":"https:\/\/www.europesays.com\/fi\/wp-json\/wp\/v2\/posts\/135761\/revisions"}],"wp:featuredmedia":[{"embeddable":true,"href":"https:\/\/www.europesays.com\/fi\/wp-json\/wp\/v2\/media\/135762"}],"wp:attachment":[{"href":"https:\/\/www.europesays.com\/fi\/wp-json\/wp\/v2\/media?parent=135761"}],"wp:term":[{"taxonomy":"category","embeddable":true,"href":"https:\/\/www.europesays.com\/fi\/wp-json\/wp\/v2\/categories?post=135761"},{"taxonomy":"post_tag","embeddable":true,"href":"https:\/\/www.europesays.com\/fi\/wp-json\/wp\/v2\/tags?post=135761"}],"curies":[{"name":"wp","href":"https:\/\/api.w.org\/{rel}","templated":true}]}}