{"id":135768,"date":"2026-01-07T10:36:09","date_gmt":"2026-01-07T10:36:09","guid":{"rendered":"https:\/\/www.europesays.com\/fi\/135768\/"},"modified":"2026-01-07T10:36:09","modified_gmt":"2026-01-07T10:36:09","slug":"trump-astui-kameroiden-eteen-huomiota-herattavassa-hiusvarissa","status":"publish","type":"post","link":"https:\/\/www.europesays.com\/fi\/135768\/","title":{"rendered":"Trump astui kameroiden eteen huomiota her\u00e4tt\u00e4v\u00e4ss\u00e4 hiusv\u00e4riss\u00e4"},"content":{"rendered":"<p>Trumpin imitaatiot eiv\u00e4t her\u00e4t\u00e4 ihailua my\u00f6sk\u00e4\u00e4n perhepiiriss\u00e4.<\/p>\n<p class=\"article-body mb-nof-24 px-nof-16\">Yhdysvaltain presidentti <a class=\"font-bold underline-offset-[0.12em] [text-decoration:var(--person-link-text-decoration)] ![text-decoration-color:var(--person-link-text-decoration-color)]\" href=\"https:\/\/www.is.fi\/haku\/?query=Donald%20Trumpin\" rel=\"nofollow noopener\" target=\"_blank\">Donald Trumpin<\/a> hiusv\u00e4ri on her\u00e4tt\u00e4nyt huomiota maailmalla. Erityisesti somessa kohahdettiin, kun Trump vieraili tiistaina John F. Kennedy Memorial Centeriss\u00e4.<\/p>\n<p class=\"article-body mb-nof-24 px-nof-16\">Trump puhui raivokkaasti Venezuelan presidentti <a class=\"font-bold underline-offset-[0.12em] [text-decoration:var(--person-link-text-decoration)] ![text-decoration-color:var(--person-link-text-decoration-color)]\" href=\"https:\/\/www.is.fi\/haku\/?query=Nicol%C3%A1s%20Madurosta\" rel=\"nofollow noopener\" target=\"_blank\">Nicol\u00e1s Madurosta<\/a>, mutta huomion keskipisteen\u00e4 oli p\u00f6rr\u00f6inen, pinkki tukka. <a class=\"underline underline-offset-[0.12em] [text-decoration-thickness:var(--generic-link-underline-thickness)] [text-decoration-color:var(--generic-link-underline-color)] [text-decoration-skip-ink:var(--generic-link-underline-skip-ink)] break-words\" href=\"https:\/\/www.thedailybeast.com\/trump-shows-off-pink-hairdo-at-kennedy-center\/\" rel=\"nofollow noopener\" target=\"_blank\">Daily Beastin<\/a> mukaan somekeskustelu l\u00e4hti heti laukalle.<\/p>\n<p class=\"article-body mb-nof-24 px-nof-16\">Er\u00e4s Trumpia kritisoiva somek\u00e4ytt\u00e4j\u00e4 totesi, ettei Trump voi hyvin.<\/p>\n<p class=\"article-body mb-nof-24 px-nof-16\">\u2013 Ja miksi h\u00e4nen hiuksensa ovat t\u00e4n\u00e4\u00e4n vaaleanpunaiset? somettaja taivastelee X:ss\u00e4.<\/p>\n<p class=\"article-body mb-nof-24 px-nof-16\">Muutamissa muissakin kommenteissa uutta hiusv\u00e4ri\u00e4 on h\u00e4mm\u00e4stelty.<\/p>\n<p class=\"article-body mb-nof-24 px-nof-16\">\u2013 Kuin vanhojen naisten sininen, mutta vaaleanpunaisena.<\/p>\n<p class=\"article-body mb-nof-24 px-nof-16\">\u2013 Olenko se vain min\u00e4 vai n\u00e4ytt\u00e4\u00e4k\u00f6 Trumpin hiukset \u201dvanhan naisen vaaleanpunaiselta\u201d, somessa kysell\u00e4\u00e4n.<\/p>\n<p><img decoding=\"async\" src=\"https:\/\/www.europesays.com\/fi\/wp-content\/uploads\/2026\/01\/1767735368_959_468.jpg\" alt=\"\" class=\"_Img_1rerz_1\" style=\"aspect-ratio:0.75\" loading=\"eager\"\/><\/p>\n<p class=\"article-body mb-nof-24 px-nof-16\">T\u00e4m\u00e4 ei suinkaan ole ensimm\u00e4inen kerta, kun Trumpin tukka her\u00e4tt\u00e4\u00e4 huomiota. El\u00e4m\u00e4kerturi ja Inside Trump\u2019s Head -podcastin vet\u00e4j\u00e4 <a class=\"font-bold underline-offset-[0.12em] [text-decoration:var(--person-link-text-decoration)] ![text-decoration-color:var(--person-link-text-decoration-color)]\" href=\"https:\/\/www.is.fi\/haku\/?query=Michael%20Wolff\" rel=\"nofollow noopener\" target=\"_blank\">Michael Wolff<\/a> on aiemmin kertonut Daily Beastille, ett\u00e4 Trumpin tukkatyyli on suunniteltu her\u00e4tt\u00e4m\u00e4\u00e4n maksimaalista huomiota.<\/p>\n<p class=\"article-body mb-nof-24 px-nof-16\">\u2013 H\u00e4n n\u00e4ytt\u00e4\u00e4 silt\u00e4, koska h\u00e4n ajattelee, ett\u00e4 se on vaikuttavan n\u00e4k\u00f6inen tyyli, Wolff kuvaili aiemmin.<\/p>\n<p><img decoding=\"async\" src=\"https:\/\/www.europesays.com\/fi\/wp-content\/uploads\/2026\/01\/1767782169_687_468.jpg\" alt=\"\" class=\"_Img_1rerz_1\" style=\"aspect-ratio:1.4964925954793453\" loading=\"eager\"\/><\/p>\n<p class=\"article-body mb-nof-24 px-nof-16\"><a class=\"underline underline-offset-[0.12em] [text-decoration-thickness:var(--generic-link-underline-thickness)] [text-decoration-color:var(--generic-link-underline-color)] [text-decoration-skip-ink:var(--generic-link-underline-skip-ink)] break-words\" href=\"https:\/\/ca.news.yahoo.com\/donald-trump-says-melania-hates-223828834.html\" rel=\"nofollow noopener\" target=\"_blank\">Yahoo News<\/a> puolestaan kirjoittaa, ett\u00e4 Trumpin tanssiliikkeet ei ole vaimo <a class=\"font-bold underline-offset-[0.12em] [text-decoration:var(--person-link-text-decoration)] ![text-decoration-color:var(--person-link-text-decoration-color)]\" href=\"https:\/\/www.is.fi\/haku\/?query=Melania%20Trumpin\" rel=\"nofollow noopener\" target=\"_blank\">Melania Trumpin<\/a> mieleen. Trump esitti j\u00e4lleen tulkintansa transurheilijasta nostamassa painoja samalla kun puhui republikaaneille Kennedy Centeriss\u00e4 loppiaisp\u00e4iv\u00e4n\u00e4.<\/p>\n<p class=\"article-body mb-nof-24 px-nof-16\">Trump pohjusti liikehdint\u00e4\u00e4ns\u00e4 t\u00e4ll\u00e4 kertaa kertomalla, ettei se ole Melanian mieleen. Melanian mielest\u00e4 touhu on ep\u00e4presidentillist\u00e4. H\u00e4n pit\u00e4\u00e4 imitaatiota my\u00f6s kamalana ja ep\u00e4ammattimaisena.<\/p>\n<p class=\"article-body mb-nof-24 px-nof-16\">\u2013 Muuten, vaimoni vihaa t\u00e4t\u00e4. H\u00e4n sanoi, tied\u00e4tteh\u00e4n, h\u00e4n on hyvin tyylik\u00e4s henkil\u00f6. H\u00e4n sanoi, ett\u00e4 se on niin ep\u00e4presidenttim\u00e4ist\u00e4. Sanoin, mutta minusta tuli presidentti. H\u00e4n vihaa my\u00f6s, kun tanssin, Trump kertoi yleis\u00f6lle.<\/p>\n<p><img decoding=\"async\" src=\"https:\/\/www.europesays.com\/fi\/wp-content\/uploads\/2026\/01\/1767782169_30_468.jpg\" alt=\"\" class=\"_Img_1rerz_1\" style=\"aspect-ratio:1.4964925954793453\" loading=\"eager\"\/><\/p>\n","protected":false},"excerpt":{"rendered":"Trumpin imitaatiot eiv\u00e4t her\u00e4t\u00e4 ihailua my\u00f6sk\u00e4\u00e4n perhepiiriss\u00e4. Yhdysvaltain presidentti Donald Trumpin hiusv\u00e4ri on her\u00e4tt\u00e4nyt huomiota maailmalla. Erityisesti somessa&hellip;\n","protected":false},"author":2,"featured_media":135769,"comment_status":"","ping_status":"","sticky":false,"template":"","format":"standard","meta":{"footnotes":""},"categories":[14],"tags":[22,23,26,27,33,31,30,17,34,24,25,28,29,15,18,21,32,19,20,56,16,59,60,61],"class_list":{"0":"post-135768","1":"post","2":"type-post","3":"status-publish","4":"format-standard","5":"has-post-thumbnail","7":"category-ulkomaat","8":"tag-breaking-news","9":"tag-breakingnews","10":"tag-featured-news","11":"tag-featurednews","12":"tag-fi","13":"tag-finland","14":"tag-finnish","15":"tag-headlines","16":"tag-ilta-sanomat","17":"tag-latest-news","18":"tag-latestnews","19":"tag-main-news","20":"tag-mainnews","21":"tag-news","22":"tag-otsikot","23":"tag-paauutiset","24":"tag-suomi","25":"tag-top-stories","26":"tag-topstories","27":"tag-ulkomaat","28":"tag-uutiset","29":"tag-world","30":"tag-world-news","31":"tag-worldnews"},"share_on_mastodon":{"url":"https:\/\/pubeurope.com\/@fi\/115853379828697001","error":""},"_links":{"self":[{"href":"https:\/\/www.europesays.com\/fi\/wp-json\/wp\/v2\/posts\/135768","targetHints":{"allow":["GET"]}}],"collection":[{"href":"https:\/\/www.europesays.com\/fi\/wp-json\/wp\/v2\/posts"}],"about":[{"href":"https:\/\/www.europesays.com\/fi\/wp-json\/wp\/v2\/types\/post"}],"author":[{"embeddable":true,"href":"https:\/\/www.europesays.com\/fi\/wp-json\/wp\/v2\/users\/2"}],"replies":[{"embeddable":true,"href":"https:\/\/www.europesays.com\/fi\/wp-json\/wp\/v2\/comments?post=135768"}],"version-history":[{"count":0,"href":"https:\/\/www.europesays.com\/fi\/wp-json\/wp\/v2\/posts\/135768\/revisions"}],"wp:featuredmedia":[{"embeddable":true,"href":"https:\/\/www.europesays.com\/fi\/wp-json\/wp\/v2\/media\/135769"}],"wp:attachment":[{"href":"https:\/\/www.europesays.com\/fi\/wp-json\/wp\/v2\/media?parent=135768"}],"wp:term":[{"taxonomy":"category","embeddable":true,"href":"https:\/\/www.europesays.com\/fi\/wp-json\/wp\/v2\/categories?post=135768"},{"taxonomy":"post_tag","embeddable":true,"href":"https:\/\/www.europesays.com\/fi\/wp-json\/wp\/v2\/tags?post=135768"}],"curies":[{"name":"wp","href":"https:\/\/api.w.org\/{rel}","templated":true}]}}