{"id":135770,"date":"2026-01-07T10:37:07","date_gmt":"2026-01-07T10:37:07","guid":{"rendered":"https:\/\/www.europesays.com\/fi\/135770\/"},"modified":"2026-01-07T10:37:07","modified_gmt":"2026-01-07T10:37:07","slug":"vuosaaren-sataman-tunnelin-sulku-yllatti-autoilijat","status":"publish","type":"post","link":"https:\/\/www.europesays.com\/fi\/135770\/","title":{"rendered":"Vuosaaren sataman tunnelin sulku yll\u00e4tti autoilijat"},"content":{"rendered":"<p>Vuosaaren satamaan menev\u00e4 tunneli suljettiin loppiaisena.<\/p>\n<p>Vuosaaren tunnelin sulkemisesta aiheutui ruuhkaa.<\/p>\n<p class=\"article-body mb-nof-24 px-nof-16\">Helsingin Vuosaaren satamaan johtava tunneli suljettiin tiistaina eli loppiaisena 6. tammikuuta. Syyn\u00e4 on vuoden kest\u00e4v\u00e4 remontti, jonka aikana tunnelin tekniikkaa ja rakenteita uudistetaan.<\/p>\n<p class=\"article-body mb-nof-24 px-nof-16\">Kiertotie kulkee satamaan It\u00e4v\u00e4yl\u00e4n, Kallvikintien ja Niinisaarentien kautta. <a class=\"underline underline-offset-[0.12em] [text-decoration-thickness:var(--generic-link-underline-thickness)] [text-decoration-color:var(--generic-link-underline-color)] [text-decoration-skip-ink:var(--generic-link-underline-skip-ink)] break-words\" href=\"https:\/\/liikennetilanne.fintraffic.fi\/\" rel=\"nofollow noopener\" target=\"_blank\">Fintraffic <\/a>tiedottaa liikenteen jonoutumisesta alueella.<\/p>\n<p class=\"article-body mb-nof-24 px-nof-16\">Moni palasi t\u00f6ihin vuodenvaihteen lomien j\u00e4lkeen keskiviikkona ja yll\u00e4ttyi valtavista autojonoista.<\/p>\n<p class=\"article-body mb-nof-24 px-nof-16\">Vuosaaressa asuva <a class=\"font-bold underline-offset-[0.12em] [text-decoration:var(--person-link-text-decoration)] ![text-decoration-color:var(--person-link-text-decoration-color)]\" href=\"https:\/\/www.is.fi\/haku\/?query=Mari\" rel=\"nofollow noopener\" target=\"_blank\">Mari<\/a> oli auton kyydiss\u00e4 matkalla t\u00f6ihin aamulla, ja kuvasi tilannetta kamerallaan noin kello 9.30.<\/p>\n<p class=\"article-body mb-nof-24 px-nof-16\">\u2013 Olin menossa Kallvikintiet\u00e4 It\u00e4v\u00e4yl\u00e4lle ja siit\u00e4 Keh\u00e4 III:lle. Jonot jatkuivat kilometrikaupalla Vuosaareen p\u00e4in.<\/p>\n<p class=\"article-body mb-nof-24 px-nof-16\">Videolla n\u00e4kyy runsaasti rekkoja ja muita autoja. Lumisade ja p\u00f6lly\u00e4v\u00e4t hiutaleet haittaavat my\u00f6s keskiviikkona liikennett\u00e4.<\/p>\n<p class=\"article-body mb-nof-24 px-nof-16\">\u2013 S\u00e4\u00e4 on niin sanotusti talvinen, Mari naurahtaa.<\/p>\n<p class=\"article-body mb-nof-24 px-nof-16\">T\u00f6iden j\u00e4lkeinen paluu saa Marin miettim\u00e4\u00e4n.<\/p>\n<p class=\"article-body mb-nof-24 px-nof-16\">\u2013 Pit\u00e4\u00e4 katsoa tilanteen mukaan, ehk\u00e4 yrit\u00e4n takaisin tuota reitti\u00e4. Mutta jos ruuhkia on, pit\u00e4\u00e4 varmaan menn\u00e4 It\u00e4keskuksen kautta Vuosaareen.<\/p>\n<p class=\"article-body mb-nof-24 px-nof-16\">It\u00e4keskuksesta p\u00e4\u00e4see Meripellontiet\u00e4 Vuotielle.<\/p>\n<p class=\"article-body mb-nof-24 px-nof-16\">Mari kertoo, ett\u00e4 Vuosaareen suuntaavassa jonossa liikenne sujui rauhallisesti.<\/p>\n<p class=\"article-body mb-nof-24 px-nof-16\">\u2013 Kannattaa katsoa reittej\u00e4 valmiiksi, kun tunneli on nyt suljettu. Saattaa kest\u00e4\u00e4 hetken, ennen kuin tilanne selkiintyy. Ja kun s\u00e4\u00e4 paranee, niin liikenne muuttuu varmaan sujuvammaksi, Mari toteaa.<\/p>\n","protected":false},"excerpt":{"rendered":"Vuosaaren satamaan menev\u00e4 tunneli suljettiin loppiaisena. Vuosaaren tunnelin sulkemisesta aiheutui ruuhkaa. Helsingin Vuosaaren satamaan johtava tunneli suljettiin tiistaina&hellip;\n","protected":false},"author":2,"featured_media":135771,"comment_status":"","ping_status":"","sticky":false,"template":"","format":"standard","meta":{"footnotes":""},"categories":[12],"tags":[22,23,26,27,33,31,30,17,34,24,25,28,29,15,18,21,32,19,20,16],"class_list":{"0":"post-135770","1":"post","2":"type-post","3":"status-publish","4":"format-standard","5":"has-post-thumbnail","7":"category-suomi","8":"tag-breaking-news","9":"tag-breakingnews","10":"tag-featured-news","11":"tag-featurednews","12":"tag-fi","13":"tag-finland","14":"tag-finnish","15":"tag-headlines","16":"tag-ilta-sanomat","17":"tag-latest-news","18":"tag-latestnews","19":"tag-main-news","20":"tag-mainnews","21":"tag-news","22":"tag-otsikot","23":"tag-paauutiset","24":"tag-suomi","25":"tag-top-stories","26":"tag-topstories","27":"tag-uutiset"},"share_on_mastodon":{"url":"https:\/\/pubeurope.com\/@fi\/115853383741134979","error":""},"_links":{"self":[{"href":"https:\/\/www.europesays.com\/fi\/wp-json\/wp\/v2\/posts\/135770","targetHints":{"allow":["GET"]}}],"collection":[{"href":"https:\/\/www.europesays.com\/fi\/wp-json\/wp\/v2\/posts"}],"about":[{"href":"https:\/\/www.europesays.com\/fi\/wp-json\/wp\/v2\/types\/post"}],"author":[{"embeddable":true,"href":"https:\/\/www.europesays.com\/fi\/wp-json\/wp\/v2\/users\/2"}],"replies":[{"embeddable":true,"href":"https:\/\/www.europesays.com\/fi\/wp-json\/wp\/v2\/comments?post=135770"}],"version-history":[{"count":0,"href":"https:\/\/www.europesays.com\/fi\/wp-json\/wp\/v2\/posts\/135770\/revisions"}],"wp:featuredmedia":[{"embeddable":true,"href":"https:\/\/www.europesays.com\/fi\/wp-json\/wp\/v2\/media\/135771"}],"wp:attachment":[{"href":"https:\/\/www.europesays.com\/fi\/wp-json\/wp\/v2\/media?parent=135770"}],"wp:term":[{"taxonomy":"category","embeddable":true,"href":"https:\/\/www.europesays.com\/fi\/wp-json\/wp\/v2\/categories?post=135770"},{"taxonomy":"post_tag","embeddable":true,"href":"https:\/\/www.europesays.com\/fi\/wp-json\/wp\/v2\/tags?post=135770"}],"curies":[{"name":"wp","href":"https:\/\/api.w.org\/{rel}","templated":true}]}}