{"id":135786,"date":"2026-01-07T11:03:07","date_gmt":"2026-01-07T11:03:07","guid":{"rendered":"https:\/\/www.europesays.com\/fi\/135786\/"},"modified":"2026-01-07T11:03:07","modified_gmt":"2026-01-07T11:03:07","slug":"paijat-hameen-hyvinvointialue-yhteisesta-palvelunumerosta-saa-nyt-yhteyden-sote-keskuksiin-ja-voi-perua-ajanvarauksen","status":"publish","type":"post","link":"https:\/\/www.europesays.com\/fi\/135786\/","title":{"rendered":"P\u00e4ij\u00e4t-H\u00e4meen hyvinvointialue: Yhteisest\u00e4 palvelunumerosta saa nyt yhteyden sote-keskuksiin ja voi perua ajanvarauksen"},"content":{"rendered":"<p><strong><\/p>\n<p>Yhteisest\u00e4 palvelunumerosta (03) 410 89\u202f420\u202f saa t\u00e4st\u00e4 p\u00e4iv\u00e4st\u00e4 l\u00e4htien yhteyden alueen sote-keskusten hoitajiin ja l\u00e4\u00e4k\u00e4reihin. Samasta numerosta voi perua ajanvarauksen, saada reseptin ja varata rokotuksen.<\/p>\n<p><\/strong><\/p>\n<p>Yhteinen palvelunumero on k\u00e4yt\u00f6ss\u00e4 muissa alueen sote-keskuksissa paitsi Sysm\u00e4ss\u00e4. Suunterveyden ja hoitotarvikejakelun\u202fpuhelinnumerot ovat samat kuin aiemminkin.\u00a0<br \/>\u00a0<br \/>Yhteinen palvelunumero\u202f(03) 410 89\u202f420 on asukkaiden k\u00e4ytett\u00e4viss\u00e4 sote-keskusten aukioloaikoina.\u202fPuheluihin vastaavat\u202fp\u00e4\u00e4s\u00e4\u00e4nt\u00f6isesti\u202fasiakkaille tutut oman sote-keskuksen ammattilaiset.\u202f \u202f\u00a0<\/p>\n<p>Kuulovammaisten tekstiviestinumero on 045 7396 5625. Numero palvelee sote-keskusten aukioloaikoina.<br \/><strong><br \/>Puhelinpalveluajat\u202fpitenev\u00e4t osassa sote-keskuksia\u00a0<\/strong><br \/>\u00a0<br \/>Asikkalassa, Heinolassa, Hollolassa,\u202fOrimattilassa\u202fja Padasjoella\u202fsote-keskuksen\u202fpuhelinpalveluaika on nyt tunnin aiempaa pitempi arkisin, sill\u00e4\u202fpalvelunumero on avoinna maanantaista torstaihin kello\u202f8-16\u202fja perjantaisin kello\u202f8-15. Lahdessa, Hartolassa, Iitiss\u00e4 ja K\u00e4rk\u00f6l\u00e4ss\u00e4 palveluajat s\u00e4ilyv\u00e4t ennallaan.\u00a0<br \/>\u00a0<br \/>Yhteisen palvelunumeron rinnalla asukkailla on k\u00e4yt\u00f6ss\u00e4\u00e4n\u202fP\u00e4ij\u00e4t-Soten digiklinikan\u202fs\u00e4hk\u00f6inen palvelukanava. Asikkalassa, Heinolassa, Hollolassa, Orimattilassa\u202fja Padasjoella digiklinikka palvelee maanantaista perjantaihin kello\u202f7-18. Lahdessa, Hartolassa, Iitiss\u00e4 ja K\u00e4rk\u00f6l\u00e4ss\u00e4 digiklinikan palveluajat s\u00e4ilyv\u00e4t ennallaan.\u00a0<br \/>\u202f\u00a0<br \/>Kiireellist\u00e4 hoitoa tarvittaessa tulee ottaa\u202fyhteytt\u00e4 p\u00e4ivystysapuun\u202f116117, aivan kuten t\u00e4h\u00e4nkin asti. H\u00e4t\u00e4tilanteessa oikea yhteydenottonumero on edelleen 112.<strong>\u00a0<\/strong><br \/>\u202f\u00a0<br \/>Yhteisell\u00e4 palvelunumerolla ja kanavilla\u202ftarjotaan\u202fnopeat ja oikea-aikaiset, helposti eri kanavissa saavutettavat, mahdollisimman samankaltaiset palvelut asuinpaikasta riippumatta.\u202f\u00a0<br \/>\u202f\u00a0<br \/>Ajantasaiset sote-keskusten aukioloajat ja muut perustiedot l\u00f6ytyv\u00e4t hyvinvointialueen verkkosivuilta\u00a0<a href=\"http:\/\/paijatha.fi\" rel=\"nofollow noopener\" target=\"_blank\">paijatha.fi<\/a>.\u202f \u00a0<\/p>\n","protected":false},"excerpt":{"rendered":"Yhteisest\u00e4 palvelunumerosta (03) 410 89\u202f420\u202f saa t\u00e4st\u00e4 p\u00e4iv\u00e4st\u00e4 l\u00e4htien yhteyden alueen sote-keskusten hoitajiin ja l\u00e4\u00e4k\u00e4reihin. Samasta numerosta voi&hellip;\n","protected":false},"author":2,"featured_media":135787,"comment_status":"","ping_status":"","sticky":false,"template":"","format":"standard","meta":{"footnotes":""},"categories":[12],"tags":[22,23,26,27,33,31,30,17,24,25,28,29,15,18,21,32,19,20,16],"class_list":{"0":"post-135786","1":"post","2":"type-post","3":"status-publish","4":"format-standard","5":"has-post-thumbnail","7":"category-suomi","8":"tag-breaking-news","9":"tag-breakingnews","10":"tag-featured-news","11":"tag-featurednews","12":"tag-fi","13":"tag-finland","14":"tag-finnish","15":"tag-headlines","16":"tag-latest-news","17":"tag-latestnews","18":"tag-main-news","19":"tag-mainnews","20":"tag-news","21":"tag-otsikot","22":"tag-paauutiset","23":"tag-suomi","24":"tag-top-stories","25":"tag-topstories","26":"tag-uutiset"},"share_on_mastodon":{"url":"https:\/\/pubeurope.com\/@fi\/115853485971915381","error":""},"_links":{"self":[{"href":"https:\/\/www.europesays.com\/fi\/wp-json\/wp\/v2\/posts\/135786","targetHints":{"allow":["GET"]}}],"collection":[{"href":"https:\/\/www.europesays.com\/fi\/wp-json\/wp\/v2\/posts"}],"about":[{"href":"https:\/\/www.europesays.com\/fi\/wp-json\/wp\/v2\/types\/post"}],"author":[{"embeddable":true,"href":"https:\/\/www.europesays.com\/fi\/wp-json\/wp\/v2\/users\/2"}],"replies":[{"embeddable":true,"href":"https:\/\/www.europesays.com\/fi\/wp-json\/wp\/v2\/comments?post=135786"}],"version-history":[{"count":0,"href":"https:\/\/www.europesays.com\/fi\/wp-json\/wp\/v2\/posts\/135786\/revisions"}],"wp:featuredmedia":[{"embeddable":true,"href":"https:\/\/www.europesays.com\/fi\/wp-json\/wp\/v2\/media\/135787"}],"wp:attachment":[{"href":"https:\/\/www.europesays.com\/fi\/wp-json\/wp\/v2\/media?parent=135786"}],"wp:term":[{"taxonomy":"category","embeddable":true,"href":"https:\/\/www.europesays.com\/fi\/wp-json\/wp\/v2\/categories?post=135786"},{"taxonomy":"post_tag","embeddable":true,"href":"https:\/\/www.europesays.com\/fi\/wp-json\/wp\/v2\/tags?post=135786"}],"curies":[{"name":"wp","href":"https:\/\/api.w.org\/{rel}","templated":true}]}}