{"id":135788,"date":"2026-01-07T11:04:07","date_gmt":"2026-01-07T11:04:07","guid":{"rendered":"https:\/\/www.europesays.com\/fi\/135788\/"},"modified":"2026-01-07T11:04:07","modified_gmt":"2026-01-07T11:04:07","slug":"autourheilu-kalle-rovanperan-managerilta-huojentava-tieto","status":"publish","type":"post","link":"https:\/\/www.europesays.com\/fi\/135788\/","title":{"rendered":"Autourheilu: Kalle Rovanper\u00e4n managerilta huojentava tieto"},"content":{"rendered":"<p>Oseanian Formula Regional -kausi alkaa viikonloppuna.<\/p>\n<p class=\"article-body mb-nof-24 px-nof-16\">Suomen autourheilut\u00e4hti <a class=\"font-bold underline-offset-[0.12em] [text-decoration:var(--person-link-text-decoration)] ![text-decoration-color:var(--person-link-text-decoration-color)]\" href=\"https:\/\/www.is.fi\/haku\/?query=Kalle%20Rovanper%C3%A4\" rel=\"nofollow noopener\" target=\"_blank\">Kalle Rovanper\u00e4<\/a> vaikuttaa sel\u00e4tt\u00e4neen terveysmurheensa, eiv\u00e4tk\u00e4 joulukuisen asentohuimauksen oireet ole palanneet.<\/p>\n<p class=\"article-body mb-nof-24 px-nof-16\">\u2013 Siit\u00e4 [asentohuimauksesta] ei ole muuta tietoa kuin ett\u00e4 ei ole ollut mit\u00e4\u00e4n ongelmia, manageri <a class=\"font-bold underline-offset-[0.12em] [text-decoration:var(--person-link-text-decoration)] ![text-decoration-color:var(--person-link-text-decoration-color)]\" href=\"https:\/\/www.is.fi\/haku\/?query=Timo%20Jouhki\" rel=\"nofollow noopener\" target=\"_blank\">Timo Jouhki<\/a> kertoo.<\/p>\n<p class=\"article-body mb-nof-24 px-nof-16\">Rovanper\u00e4 joutui keskeytt\u00e4m\u00e4\u00e4n joulukuussa ensimm\u00e4iset Japanin Super Formula -sajan testins\u00e4 jo ensimm\u00e4isen testijakson j\u00e4lkeen \u00e4killisesti iskeneiden asentohuimausoireiden vuoksi.<\/p>\n<p class=\"article-body mb-nof-24 px-nof-16\">Ralliautoilun kaksinkertainen maailmanmestari siirtyi marraskuun lopussa p\u00e4\u00e4ttyneen kauden j\u00e4lkeen t\u00e4ysin erilaisen kilvanajon pariin, joten oireet iskiv\u00e4t haastavaan aikaan. Kuvaukset oireista olivat kohtuullisen dramaattiset.<\/p>\n<p class=\"article-body mb-nof-24 px-nof-16\">\u2013\u2009Kaikki \u00e4killiset liikkeet aiheuttavat minulle nyt huimausta. Ne iskev\u00e4t jopa silloin kun makaan s\u00e4ngyss\u00e4, Rovanper\u00e4 kertoi oireistaan tuoreeltaan Japanin testiviikon aikana.<\/p>\n<p class=\"article-body mb-nof-24 px-nof-16\">My\u00f6hemmin h\u00e4n kertoi <a class=\"underline underline-offset-[0.12em] [text-decoration-thickness:var(--generic-link-underline-thickness)] [text-decoration-color:var(--generic-link-underline-color)] [text-decoration-skip-ink:var(--generic-link-underline-skip-ink)] break-words\" href=\"https:\/\/www.mtvuutiset.fi\/artikkeli\/kalle-rovanperalta-suorat-sanat-kyllahan-se-on-takaisku\/9271654\" rel=\"nofollow noopener\" target=\"_blank\">MTV:lle,<\/a> ett\u00e4 asentohuimauksen toistumisen est\u00e4miseksi ei ole paljoa teht\u00e4viss\u00e4.<\/p>\n<p class=\"article-body mb-nof-24 px-nof-16\">\u2013 Ilmeisesti hirve\u00e4sti ei voi tehd\u00e4. Tuo kerta ainakin tuli ilman mit\u00e4\u00e4n isompaa syyt\u00e4. Sit\u00e4 voi ilmenty\u00e4 monesta syyst\u00e4.<\/p>\n<p class=\"article-body mb-nof-24 px-nof-16\">Jouhkin mukaan Rovanper\u00e4ll\u00e4 kuitenkaan \u201dei pit\u00e4isi olla\u201d estett\u00e4 kilpailla nelj\u00e4n\u00e4 per\u00e4kk\u00e4isen\u00e4 viikonloppuna ajettavassa sarjassa heti avausviikonlopusta alkaen.<\/p>\n<p class=\"article-body mb-nof-24 px-nof-16\">\u2013 Nyt ei voi sanoa oikeastaan mit\u00e4\u00e4n muuta kuin ett\u00e4 ei ole mit\u00e4\u00e4n uutta tietoa eli ei ole mit\u00e4\u00e4n negatiivista tietoa, h\u00e4n sanoo.<\/p>\n<p class=\"article-body mb-nof-24 px-nof-16\">Jouhki kertoi jo joulukuun puoliv\u00e4liss\u00e4, ett\u00e4 Rovanper\u00e4n oireet olivat helpottaneet.<\/p>\n<p class=\"article-body mb-nof-24 px-nof-16\">Rovanper\u00e4, 25, kauden p\u00e4\u00e4projekti on Japanin Super Formula -sarja, joka alkaa huhtikuussa.<\/p>\n<p class=\"article-body mb-nof-24 px-nof-16\">H\u00e4nen on tarkoitus osallistua jo ennen sit\u00e4 Oseanian Formula Regional -sarjaan, joka alkaa Uudessa-Seelannissa jo tulevana viikonloppuna. Kipe\u00e4sti ajokokemusta uudenlaisista ajokeista kaipaavalle Rovanper\u00e4lle ensimm\u00e4inen kunnon kokemus kilvanajosta formula-autoilla on \u00e4\u00e4rimm\u00e4isen t\u00e4rke\u00e4 askel.<\/p>\n<p class=\"article-body mb-nof-24 px-nof-16\">Oseanian Formula Regional -sarjassa ajetaan yhteens\u00e4 15 osakilpailua.<\/p>\n<p class=\"article-body mb-nof-24 px-nof-16\">Kolmen ensimm\u00e4isen viikonlopun ohjelmassa on nelj\u00e4 kisaa ja viimeisen viikonlopun ohjelmassa kolme.<\/p>\n<p class=\"article-body mb-nof-24 px-nof-16\">Sarja alkaa Hampton Downsin moottoriradalla Waikatossa. Rovanper\u00e4 kilpailee sarjassa Hitech TGR -tallin riveiss\u00e4.<\/p>\n","protected":false},"excerpt":{"rendered":"Oseanian Formula Regional -kausi alkaa viikonloppuna. Suomen autourheilut\u00e4hti Kalle Rovanper\u00e4 vaikuttaa sel\u00e4tt\u00e4neen terveysmurheensa, eiv\u00e4tk\u00e4 joulukuisen asentohuimauksen oireet ole&hellip;\n","protected":false},"author":2,"featured_media":135789,"comment_status":"","ping_status":"","sticky":false,"template":"","format":"standard","meta":{"footnotes":""},"categories":[5],"tags":[22,23,26,27,33,31,30,17,34,24,25,28,29,15,18,21,32,19,20,16],"class_list":{"0":"post-135788","1":"post","2":"type-post","3":"status-publish","4":"format-standard","5":"has-post-thumbnail","7":"category-otsikot","8":"tag-breaking-news","9":"tag-breakingnews","10":"tag-featured-news","11":"tag-featurednews","12":"tag-fi","13":"tag-finland","14":"tag-finnish","15":"tag-headlines","16":"tag-ilta-sanomat","17":"tag-latest-news","18":"tag-latestnews","19":"tag-main-news","20":"tag-mainnews","21":"tag-news","22":"tag-otsikot","23":"tag-paauutiset","24":"tag-suomi","25":"tag-top-stories","26":"tag-topstories","27":"tag-uutiset"},"share_on_mastodon":{"url":"https:\/\/pubeurope.com\/@fi\/115853489818488194","error":""},"_links":{"self":[{"href":"https:\/\/www.europesays.com\/fi\/wp-json\/wp\/v2\/posts\/135788","targetHints":{"allow":["GET"]}}],"collection":[{"href":"https:\/\/www.europesays.com\/fi\/wp-json\/wp\/v2\/posts"}],"about":[{"href":"https:\/\/www.europesays.com\/fi\/wp-json\/wp\/v2\/types\/post"}],"author":[{"embeddable":true,"href":"https:\/\/www.europesays.com\/fi\/wp-json\/wp\/v2\/users\/2"}],"replies":[{"embeddable":true,"href":"https:\/\/www.europesays.com\/fi\/wp-json\/wp\/v2\/comments?post=135788"}],"version-history":[{"count":0,"href":"https:\/\/www.europesays.com\/fi\/wp-json\/wp\/v2\/posts\/135788\/revisions"}],"wp:featuredmedia":[{"embeddable":true,"href":"https:\/\/www.europesays.com\/fi\/wp-json\/wp\/v2\/media\/135789"}],"wp:attachment":[{"href":"https:\/\/www.europesays.com\/fi\/wp-json\/wp\/v2\/media?parent=135788"}],"wp:term":[{"taxonomy":"category","embeddable":true,"href":"https:\/\/www.europesays.com\/fi\/wp-json\/wp\/v2\/categories?post=135788"},{"taxonomy":"post_tag","embeddable":true,"href":"https:\/\/www.europesays.com\/fi\/wp-json\/wp\/v2\/tags?post=135788"}],"curies":[{"name":"wp","href":"https:\/\/api.w.org\/{rel}","templated":true}]}}