{"id":135790,"date":"2026-01-07T11:09:07","date_gmt":"2026-01-07T11:09:07","guid":{"rendered":"https:\/\/www.europesays.com\/fi\/135790\/"},"modified":"2026-01-07T11:09:07","modified_gmt":"2026-01-07T11:09:07","slug":"kirjoittajan-paratiisi-miten-ymparisto-mahdollistaa-luovaa-ajattelua-ja-tekstin-syntymista","status":"publish","type":"post","link":"https:\/\/www.europesays.com\/fi\/135790\/","title":{"rendered":"Kirjoittajan paratiisi \u2013 Miten ymp\u00e4rist\u00f6 mahdollistaa luovaa ajattelua ja tekstin syntymist\u00e4?"},"content":{"rendered":"<p class=\"p1\">Kuinka paljon ja mill\u00e4 tavoilla kirjoitusymp\u00e4rist\u00f6 vaikuttaa luovaan kirjoittamiseen? Mink\u00e4laiset kirjoitusymp\u00e4rist\u00f6t innostavat ja tukevat luovuutta eniten? Onko ulkomailla parempi kirjoittaa kuin kotimaassa?<\/p>\n<p class=\"p1\">Kirjoittaminen miellet\u00e4\u00e4n usein yksil\u00f6lliseksi ja sis\u00e4iseksi ty\u00f6ksi, mutta harvoin se tapahtuu tyhji\u00f6ss\u00e4. Huoneet, liike, valo, maisemat ja ymp\u00e4r\u00f6iv\u00e4n kulttuurin virikkeet asettavat ehtoja kulttuurisis\u00e4lt\u00f6jen luomiselle \u2013 joskus my\u00f6s mahdollisuuksia. Kokemus kertoo, ett\u00e4 kirjoitusymp\u00e4rist\u00f6 ei ole vain tausta, vaan aktiivinen osa luovaa prosessia.<\/p>\n<p class=\"p1\">Kirjoitusymp\u00e4rist\u00f6 ei siis ole yhdentekev\u00e4. Eri ihmiset reagoivat eri ymp\u00e4rist\u00f6ihin vaihtelevasti, mutta joitakin yhdist\u00e4vi\u00e4 tekij\u00f6it\u00e4 ep\u00e4ilem\u00e4tt\u00e4 on. Niit\u00e4 l\u00e4hdin tutkailemaan omakohtaisesti sek\u00e4 kyselem\u00e4\u00e4n my\u00f6s kolmelta kollegalta. Heid\u00e4n yksil\u00f6idyt vastauksensa l\u00f6ytyv\u00e4t t\u00e4m\u00e4n artikkelin lopusta. <\/p>\n<p class=\"p1\">Jos pid\u00e4t kirjoittamisesta, mink\u00e4laisessa ymp\u00e4rist\u00f6ss\u00e4 sin\u00e4 kirjoitat mieluiten? Oletko harkinnut joskus l\u00e4htemist\u00e4 talvella kirjoitusretriitille, esimerkiksi V\u00e4limeren rannoille? Kirjoittamisesta kiinnostuneelle ymp\u00e4rist\u00f6n merkitys her\u00e4tt\u00e4\u00e4 v\u00e4ist\u00e4m\u00e4tt\u00e4 kysymyksen siit\u00e4, miss\u00e4 kirjoittaminen sujuu parhaiten.<\/p>\n<p>Luonto ja kauniit n\u00e4kym\u00e4t kohottavat mielialaa<\/p>\n<p class=\"p1\">Ensimm\u00e4isen romaaniyritelm\u00e4ni kirjoitin 10-vuotiaana perheemme rakkaalla kes\u00e4m\u00f6kill\u00e4 j\u00e4rvenrannalla luonnonrauhassa. Se oli innostavaa ja j\u00e4nnitt\u00e4v\u00e4\u00e4, lopputuloksesta huolimatta, ja toimi hyv\u00e4n\u00e4 kirjoitusymp\u00e4rist\u00f6n\u00e4 vuosikymmeni\u00e4. Viime vuosina olen tullut yh\u00e4 tietoisemmaksi siit\u00e4, miten suuri merkitys irtautumisella tutuista ymp\u00e4rist\u00f6ist\u00e4 on ollut kirjoittamiseeni. <\/p>\n<p class=\"p1\">Yh\u00e4 useammin valitsen kirjoittamiseen aisteja helliv\u00e4n ja mielt\u00e4 virkist\u00e4v\u00e4n ymp\u00e4rist\u00f6n. Mieluiten olen kirjoittanut luonnon ja meren \u00e4\u00e4rell\u00e4. Turkoosi V\u00e4limeri ymp\u00e4rist\u00f6ineen, rantoineen ja vuorineen on toistaiseksi vienyt voiton kirjoitusymp\u00e4rist\u00f6n\u00e4. Sen dramatisoimilla auringonnousuilla sek\u00e4 meren ylle nousevalla kuulla ja t\u00e4hdill\u00e4 on ep\u00e4ilem\u00e4tt\u00e4 ollut vaikutusta ymp\u00e4rist\u00f6nvaihdoksiini. N\u00e4kymien hurmaavuus on V\u00e4limeren \u00e4\u00e4rell\u00e4 kohottanut mielialaa niin, ett\u00e4 kirjoittaminen on sujunut tavallista paremmin.<\/p>\n<p class=\"p1\">Uusi, sattumalta l\u00f6ytynyt Suomen talven kylmimm\u00e4n ajan kirjoituspaikkani on t\u00e4ytt\u00e4nyt monet sellaisetkin kirjoittamiseen liittyv\u00e4t toiveeni, joita en ole aiemmin tiedostanut. Nyt ymm\u00e4rr\u00e4n yh\u00e4 paremmin my\u00f6s el\u00e4kel\u00e4isten kollektiivista joukkopakoa talvella Etel\u00e4-Espanjaan, Kanarian saarille ja muihin l\u00e4mpimiin etel\u00e4isiin kohteisiin. <\/p>\n<p class=\"p1\">Ymp\u00e4rist\u00f6n n\u00e4kymill\u00e4 ja tunnelmilla ja niiden her\u00e4tt\u00e4mill\u00e4 assosiaatioilla on ilmiselv\u00e4 vaikutuksensa my\u00f6s sis\u00e4isyyteen, joka saattaa hyvinkin muuntaa ne kirjoitetuiksi sanoiksi.<\/p>\n<p>Kaipuu irtautumiseen kotiympyr\u00f6ist\u00e4<\/p>\n<p class=\"p1\">Ymp\u00e4rist\u00f6 n\u00e4ytt\u00e4\u00e4 merkitsev\u00e4n paljon my\u00f6s niiden muiden kirjoittajien kokemuksissa, joiden kanssa olen aiheesta puhunut. Haastattelin t\u00e4t\u00e4 teksti\u00e4 varten muutamaa kirjailijakollegaa ja kyselin heid\u00e4n kirjoitusolosuhteistaan ja toiveistaan ymp\u00e4rist\u00f6n suhteen. Vastauksissa toistui yll\u00e4tt\u00e4v\u00e4n paljon kesken\u00e4\u00e4n samoja elementtej\u00e4, vaikka kirjoittamisen lajit vaihtelivat tietokirjallisuudesta kaunokirjalliseen fiktioon.<\/p>\n<p class=\"p1\">Rauha, hiljaisuus ja keskeytysten puuttuminen nousivat esiin kaikilla. Kirjoittaminen hy\u00f6tyy tilasta, jossa ajatus saa kulkea ilman aikataulun painetta ja\/tai ulkoisia h\u00e4iri\u00f6it\u00e4. Luonnon l\u00e4heisyys n\u00e4ytt\u00e4ytyi t\u00e4rke\u00e4n\u00e4 erityisesti keskittymisen ja ajattelun selkeyden kannalta. N\u00e4kym\u00e4 ulos, k\u00e4velyt tauoilla ja maiseman rauhoittava vaikutus auttoivat kollegoitani j\u00e4sent\u00e4m\u00e4\u00e4n teksti\u00e4 ja palaamaan siihen uusin silmin. <\/p>\n<p class=\"p1\">Kirjoittamisen peruspaikka on useimmille koti, mutta vastauksissa toistui my\u00f6s kaipuu irtautumiseen. Talvinen Espanja mainittiin useammin kuin kerran, erityisesti valon, l\u00e4mm\u00f6n ja levollisen rytmin takia. Vieras ymp\u00e4rist\u00f6 voi olla inspiroiva, vaikka t\u00e4rkeint\u00e4 onkin tunne siit\u00e4, ett\u00e4 kirjoittamiselle on tilaa ja lupa.<\/p>\n<p>Luonnonrauhan etuja<\/p>\n<p class=\"p1\">Nuorena yksinolo m\u00f6kill\u00e4 inspiroi kirjoittamista, mutta i\u00e4n karttuessa on ollut innostavaa kirjoittaa my\u00f6s kollegojen kanssa. Kotimaasta l\u00f6ytyy monia kelvollisia kirjoituspaikkoja luonnosta, rantakahviloista, n\u00e4k\u00f6alapaikoilta ja miksei vaikka kirjastoista. Vain talven kylmyys ja pimeys Suomessa on rajoittanut kirjoittamisen iloani ja intoani. Kaipaan talvisin luonnon vihreytt\u00e4, monimuotoisuutta, l\u00e4mp\u00f6\u00e4 ja avoimia vesi\u00e4. Halajan my\u00f6s mahdollisuutta k\u00e4vell\u00e4 pitki\u00e4 matkoja tarvitsematta joka askeleella pel\u00e4t\u00e4 liukastumista.<\/p>\n<p class=\"p1\">Suomalaisten suosimat etel\u00e4n tutuimmat kohteet saattavat olla nykyisin jopa liiankin t\u00e4yteen rakennettuja ja kansoitettuja. Pari vuotta sitten kiinnostuinkin aiemmin tuntemattomasta Espanjan rannikon talvipakopaikasta, Calpen kaupungista, erityisesti sen inspiroivien maisemien, rauhallisen sijainnin ja hyvien k\u00e4velyreittien perusteella. My\u00f6s alueen taiteelliset ilmentym\u00e4t lis\u00e4siv\u00e4t luovuuden kipin\u00e4\u00e4. Sekin ilahdutti, ett\u00e4 paikalliset ihmiset olivat eritt\u00e4in yst\u00e4v\u00e4llisi\u00e4 ja auttavaisia, mik\u00e4 loi hyv\u00e4\u00e4 tunnelmaa.<\/p>\n<p><img fetchpriority=\"high\" decoding=\"async\" aria-describedby=\"caption-attachment-111510\" class=\"wp-image-111510 size-full\" src=\"https:\/\/www.europesays.com\/fi\/wp-content\/uploads\/2026\/01\/kuva-2-21.jpg\" alt=\"kuva 2\" width=\"1300\" height=\"975\"  \/><\/p>\n<p id=\"caption-attachment-111510\" class=\"wp-caption-text\">N\u00e4kym\u00e4t majoituspaikkani parvekkeelta Calpen Platja de la Fossa -rannalle sek\u00e4 900 metrin p\u00e4\u00e4ss\u00e4 sijaitsevalle Ifach-vuorelle.<\/p>\n<p class=\"p1\">Calpen noin 36\u00a0000 asukkaan kokoinen rannikkokaupunki sijaitsee Espanjan it\u00e4rannikolla, Alicanten maakunnassa, lentokent\u00e4lt\u00e4 pohjoiseen reilun tunnin ajomatkan p\u00e4\u00e4ss\u00e4. Suomessa Calpe on v\u00e4hemm\u00e4n tunnettu matkakohde. N\u00e4k\u00f6alat saivat minut ihastumaan Calpeen heti ensimm\u00e4isin\u00e4 tunteina. My\u00f6s kolmeksi viikoksi hiekkarannan viereisest\u00e4 talosta kollegani kanssa vuokraamamme asunto vaikutti valintaan, sill\u00e4 siihen oli helppo ihastua. <\/p>\n<p>Ifach-vuori inspiroi<\/p>\n<p class=\"p1\">Calpen kaupungissa on kaksi pitk\u00e4\u00e4 hiekkarantaa. Kaupungin vilkas keskusta sijaitsee rannan etel\u00e4isemm\u00e4ll\u00e4 puolella. Kaupungin korkean keskuskukkulan laella on kiehtova, taidetta hohkaava vanhakaupunki.<\/p>\n<p class=\"p1\">Pohjoisempi hiekkarannan osa, jossa vuokraamamme asunto sijaitsi, Platja de la Fossa, on rauhallinen alue, jossa on mukavasti palveluja, mutta v\u00e4hemm\u00e4n liikennett\u00e4 ja v\u00e4ke\u00e4. N\u00e4k\u00f6ala huoneistosta rannalle ja vuorelle sai minut koukkuun alta aikayksik\u00f6n. Kirjoittamispaikkanani se on ollut kokemuspiiriss\u00e4ni t\u00e4h\u00e4n asti melkeinp\u00e4 ylivoimainen. Viihtymisen tunne ja vaikutus inspiroivuuteen ei aina selity j\u00e4rjell\u00e4, mutta joskus tunne riitt\u00e4\u00e4 p\u00e4\u00e4tt\u00e4m\u00e4\u00e4n valinnoista.<\/p>\n<p><img loading=\"lazy\" decoding=\"async\" aria-describedby=\"caption-attachment-111511\" class=\"wp-image-111511 size-full\" src=\"https:\/\/www.europesays.com\/fi\/wp-content\/uploads\/2026\/01\/kuva-3-13.jpg\" alt=\"kuva 3\" width=\"1300\" height=\"976\"  \/><\/p>\n<p id=\"caption-attachment-111511\" class=\"wp-caption-text\">Ifach-vuori kuvattuna sen alarinteiden luonnonpuistosta p\u00e4in.<\/p>\n<p><img loading=\"lazy\" decoding=\"async\" aria-describedby=\"caption-attachment-111512\" class=\"wp-image-111512 size-full\" src=\"https:\/\/www.europesays.com\/fi\/wp-content\/uploads\/2026\/01\/kuva-4-11.jpg\" alt=\"kuva 4\" width=\"1300\" height=\"975\"  \/><\/p>\n<p id=\"caption-attachment-111512\" class=\"wp-caption-text\">N\u00e4k\u00f6ala pohjoiseen Ifach-vuoren rinteelt\u00e4, noin 200 metrin korkeudesta.<\/p>\n<p class=\"p1\">Kahden eri suuntiin osoittavan pitk\u00e4n hiekkarannan puolittaa niemi, jota hallitsee katseenvangitsijana vedest\u00e4 nouseva 332 metri\u00e4 korkea, 56 miljoonaa vanha Ifach-vuori. Loivine alarinteineen se muodostaa luonnonpuiston nimelt\u00e4\u00e4n Parc Natural del Penyal de Ifach. <\/p>\n<p class=\"p1\">Ifach-vuoren dramaattinen ilmestys on j\u00e4re\u00e4 kuin maasta kohonnut muinaisolento. Se ulottuu avomerelle p\u00e4in l\u00e4hes puolitoista kilometri\u00e4. Tuo vaikuttava taivaisiin kurkottava niemeke on valloittanut sis\u00e4isyydess\u00e4ni jonkin uuden alueen. En usko aiemmin valinneeni kirjoitusalueekseni vuorta. Sen alarinteen luonnonpuistossa kirjoittaessani sanat tuntuivat soljuvan paperille kuin itsest\u00e4\u00e4n. Sen luokse k\u00e4velless\u00e4ni mieli l\u00e4hti omille teilleen kehittelem\u00e4\u00e4n seuraavaa romaaniaihetta.<\/p>\n<p>Majapaikan viihtyisyys tukee kirjoittamista<\/p>\n<p class=\"p1\">Platja de la Fossa -rannan pohjoisp\u00e4\u00e4ss\u00e4 sijaitseva majoituspaikka t\u00e4ytti ja jopa ylitti kaikki toiveeni kirjoittamisymp\u00e4rist\u00f6st\u00e4. N\u00e4kym\u00e4t merelle, rannalle ja Ifach-vuorelle sek\u00e4 l\u00e4helt\u00e4 l\u00e4htev\u00e4t luontopolut innoittivat luovuutta huomattavasti paremmin kuin lumi, j\u00e4\u00e4, kylmyys ja liukastelu.<\/p>\n<p class=\"p1\">Ylimm\u00e4ss\u00e4 kerroksessa sijaitsevan kahden kerroksen huoneiston rannan suuntaiset n\u00e4k\u00f6alaparvekkeet suorastaan kutsuivat kirjoittamaan. Meren turkoosi v\u00e4lke ja aaltojen kohina sek\u00e4 virkisti ett\u00e4 rauhoitti ajatusty\u00f6t\u00e4. Huoneiston parvekkeelta oli inspiroivaa katsella rannalla k\u00e4velevi\u00e4 ja uivia ihmisi\u00e4, py\u00f6r\u00e4ilij\u00f6it\u00e4 sek\u00e4 ihmisten kanssa kulkevia koiria, jotka my\u00f6s selv\u00e4sti nauttivat ymp\u00e4rist\u00f6st\u00e4\u00e4n. <\/p>\n<p class=\"p1\">Parveke kutsui luokseen heti varhain aamulla auringon noustessa merest\u00e4. Kaikki keltaisen ja oranssin s\u00e4vyt viritt\u00e4v\u00e4t tunnelman taianomaiseksi ja vaikuttavuudellaan her\u00e4tt\u00e4v\u00e4t y\u00f6unilta tehokkaammin kuin espresso. Rantaan asti ulottuva oranssin ja kullanv\u00e4rinen auringonsilta vangitsi katseen. Turkoosinsinisen veden yll\u00e4 toistuva v\u00e4riel\u00e4mys veti puoleensa my\u00f6s uimareita polskuttelemaan sulassa kullassa.<\/p>\n<p><img loading=\"lazy\" decoding=\"async\" aria-describedby=\"caption-attachment-111513\" class=\"wp-image-111513 size-full\" src=\"https:\/\/www.europesays.com\/fi\/wp-content\/uploads\/2026\/01\/kuva-5-7.jpg\" alt=\"kuva 5\" width=\"1300\" height=\"1731\"  \/><\/p>\n<p id=\"caption-attachment-111513\" class=\"wp-caption-text\">Auringonnousu vuokra-asunnon parvekkeelta kuvattuna. Joka p\u00e4iv\u00e4 hieman erilainen ja joka kerran upea.<\/p>\n<p class=\"p1\"><img loading=\"lazy\" decoding=\"async\" class=\"wp-image-111514 aligncenter size-full\" src=\"https:\/\/www.europesays.com\/fi\/wp-content\/uploads\/2026\/01\/kuva-6-3.jpg\" alt=\"kuva 6\" width=\"1300\" height=\"976\"  \/><\/p>\n<p style=\"text-align: center;\">* *<\/p>\n<p>Lumoavat maisemat vapauttavat kirjoittamista<\/p>\n<p class=\"p1\">Kivipenkit Ifachin luonnonpuistossa kirkkaaseen meriveteen p\u00e4\u00e4ttyv\u00e4ll\u00e4 jyrk\u00e4nteell\u00e4 on kuin luotu kirjoittamiseen. Uteliaat linnut k\u00e4viv\u00e4t v\u00e4lill\u00e4 katsomassa, mit\u00e4 raapustan. Kaikki polkua pitkin ohitseni kulkevat k\u00e4velij\u00e4t tervehtiv\u00e4t, mik\u00e4 Suomessa ei ole tavanomaista. Tervehtiminen toi yhteis\u00f6llist\u00e4 tunnetta ja viritti kirjoittaessa hyv\u00e4\u00e4 mielt\u00e4.<\/p>\n<p class=\"p1\">Calpen alueella olen kirjoittanut v\u00e4lill\u00e4 tietoteksti\u00e4, v\u00e4lill\u00e4 kaunokirjallista, ja usein olen uppoutunut katsomaan ymp\u00e4r\u00f6ivi\u00e4 maisemia euforian ja inspiraation vallassa. P\u00e4ivitt\u00e4in olen k\u00e4vellyt rannalla ja Ifachin alarinteill\u00e4, v\u00e4lill\u00e4 vastakkaiseen suuntaan kohti pohjoista pitkin rantapolkua. <\/p>\n<p class=\"p1\">Kotimaassa k\u00e4velylenkkini talviaikaan j\u00e4isill\u00e4 poluilla j\u00e4\u00e4v\u00e4t murto-osaan Calpen rannikoilla k\u00e4velemisest\u00e4. Siell\u00e4 olen yll\u00e4tt\u00e4nyt itseni usein hymyilem\u00e4st\u00e4 pelk\u00e4st\u00e4 ilosta n\u00e4hd\u00e4 aurinko ja kokea l\u00e4mp\u00f6. Kotimaassa talvella k\u00e4velless\u00e4ni yll\u00e4t\u00e4n itseni, jos saan kokoon yli varttitunnin lenkin.<\/p>\n<p><img loading=\"lazy\" decoding=\"async\" aria-describedby=\"caption-attachment-111515\" class=\"wp-image-111515 size-full\" src=\"https:\/\/www.europesays.com\/fi\/wp-content\/uploads\/2026\/01\/kuva-7-2.jpg\" alt=\"kuva 7\" width=\"1300\" height=\"975\"  \/><\/p>\n<p id=\"caption-attachment-111515\" class=\"wp-caption-text\">Ifachin alarinteelt\u00e4 etel\u00e4n suunnassa n\u00e4kyv\u00e4 Calpen venesatama ja keskustan alue.<\/p>\n<p>Rantabulevardi kirjoittamisen rytmitt\u00e4j\u00e4n\u00e4<\/p>\n<p class=\"p1\">Platja de la Fossan rantabulevardilla on sopiva valikoima ravintoloita, baareja, kauppoja ja kahviloita, joissa ei ainakaan talvikuukausina ollut tungosta. Niiss\u00e4 oman gastronomisen kulttuurinsa luovat herkulliset ruoat, joissa p\u00e4\u00e4osaa n\u00e4yttelev\u00e4t tuoreet luonnontuotteet, paikalliset kalat ja \u00e4yri\u00e4iset, lukemattomat kasvikset ja hedelm\u00e4t. Ravitseva, herkullinen ruoka on sujuvan aivotoiminnan edellytys, mik\u00e4 on puolestaan kirjoittamisen kannalta olennaista. Hyv\u00e4 ruoka voi kirvoittaa \u00e4\u00e4nett\u00f6mi\u00e4 runollisia ylistyslauluja seudun antimille. Veikkaanpa, ett\u00e4 tuoreista, terveellisist\u00e4 ruoka-aineista koostuva espanjalainen ruokakulttuuri edesauttaa kirjoittamista. Joskus my\u00f6s maukas viini voi tehd\u00e4 samoin. Hyv\u00e4ss\u00e4 seurassa maistuvaisen ja hyvinvointia lis\u00e4\u00e4v\u00e4n sy\u00f6misen edut tuplaantuvat.<\/p>\n<p class=\"p1\">Eri puolilta Eurooppaa Calpeen saapuneiden ihmisten n\u00e4keminen rantabulevardeilla, sek\u00e4 ja paikallisten asukkaiden luovat ideat ovat my\u00f6s omiaan tukemaan kirjoittamista tarjoamalla uusia ajatus- ja toimintamalleja. Rannikkoseudun monet n\u00e4k\u00f6alapaikat ja historialliset kohteet puhuttelevat kirvoittaen ylistyst\u00e4 luonnon ja ihmisten kohtaamiselle.<\/p>\n<p><img loading=\"lazy\" decoding=\"async\" aria-describedby=\"caption-attachment-111516\" class=\"wp-image-111516 size-full\" src=\"https:\/\/www.europesays.com\/fi\/wp-content\/uploads\/2026\/01\/kuva-8-3.jpg\" alt=\"kuva 8\" width=\"1300\" height=\"976\"  \/><\/p>\n<p id=\"caption-attachment-111516\" class=\"wp-caption-text\">Rantapolulta voi poiketa suosittuun ulkoilma-kahvila-ravintolaan, joka sijaitsee omalla pienell\u00e4 niemell\u00e4\u00e4n.<\/p>\n<p class=\"p1\">Kirjoittamisten v\u00e4lill\u00e4 teki hyv\u00e4\u00e4 k\u00e4vell\u00e4 rantabulevardeja pitkin kaupungin vilkkaaseen keskustaan. Matkan loppup\u00e4\u00e4ss\u00e4 oli j\u00e4nnitt\u00e4v\u00e4\u00e4 k\u00e4yd\u00e4 Suitopia-hotellin 29. kerroksen ulkobaarissa 110 metrin korkeudessa ihailemassa huimia n\u00e4k\u00f6aloja kauas merelle ja mantereelle. Sielt\u00e4 Ifach n\u00e4ytt\u00e4ytyy aivan toisen muotoisena kuin Platja de la Fossan rannalta. Alhaalla uimarannalla ihmiset n\u00e4yttiv\u00e4t miniatyyrinukeilta. Kun n\u00e4kee ymp\u00e4rist\u00f6n yht\u00e4kki\u00e4 eri n\u00e4k\u00f6kulmasta kuin aiemmin, syntyy j\u00e4lleen uusia assosiaatioita ja ideoita kirjoittamisen hy\u00f6dyksi. <\/p>\n<p><img loading=\"lazy\" decoding=\"async\" aria-describedby=\"caption-attachment-111517\" class=\"wp-image-111517 size-full\" src=\"https:\/\/www.europesays.com\/fi\/wp-content\/uploads\/2026\/01\/kuva-9-2.jpg\" alt=\"kuva 9\" width=\"1300\" height=\"1731\"  \/><\/p>\n<p id=\"caption-attachment-111517\" class=\"wp-caption-text\">Ifach-vuori Calpen keskustan puolelta, Suitopia-hotellin 29. kerroksen n\u00e4k\u00f6alabaarista kuvattuna.<\/p>\n<p><img loading=\"lazy\" decoding=\"async\" aria-describedby=\"caption-attachment-111518\" class=\"wp-image-111518 size-full\" src=\"https:\/\/www.europesays.com\/fi\/wp-content\/uploads\/2026\/01\/kuva-10-1.jpg\" alt=\"kuva 10\" width=\"1300\" height=\"976\"  \/><\/p>\n<p id=\"caption-attachment-111518\" class=\"wp-caption-text\">Suitopian kattobaarista n\u00e4kee hyvin my\u00f6s vuoren maiseman jakajana sek\u00e4 suolatasangon laguunin, jossa flamingot asustelevat.<\/p>\n<p>Taidetta keskustan kukkulalla<\/p>\n<p class=\"p1\">Calpen keskustan kukkulan laella sijaitsevassa vanhassa kaupunginosassa kukoistavat kulttuuri ja monenlainen taide. Vanhojen v\u00e4rikk\u00e4iden talojen kirjavoimilla kujilla on muraaleja, hauskasti maalattuja ja koristeltuja taloja, veistoksia, kukkia ja kansantaidetta. Alue tuntuu ulos luodulta taidegallerialta. Melkein joka mutkan takaa l\u00f6ytyy jotakin kaunista, j\u00e4nnitt\u00e4v\u00e4\u00e4 ja yksil\u00f6llist\u00e4 kuva- ja veistostaidetta. Talojen sein\u00e4t toimivat kanvaaseina, joissa on kuvattu paikallisen kulttuurihistorian inspiroimia tapahtumia ja ilmi\u00f6it\u00e4.<\/p>\n<p><img loading=\"lazy\" decoding=\"async\" aria-describedby=\"caption-attachment-111519\" class=\"wp-image-111519 size-full\" src=\"https:\/\/www.europesays.com\/fi\/wp-content\/uploads\/2026\/01\/kuva-11-2.jpg\" alt=\"kuva 11\" width=\"1300\" height=\"1731\"  \/><\/p>\n<p id=\"caption-attachment-111519\" class=\"wp-caption-text\">Veistos Calpen vanhan kaupunginosan laella.<\/p>\n<p class=\"p1\">Kaupungin laen tuntumasta p\u00e4\u00e4see kiipe\u00e4m\u00e4\u00e4n viel\u00e4 korkeammalle n\u00e4k\u00f6alapaikalle, josta voi ihailla id\u00e4ss\u00e4 siint\u00e4v\u00e4\u00e4 rannikkoaluetta. Sill\u00e4 viihtyvien kyyhkysten kujerruksen s\u00e4estyksess\u00e4 voi kokeilla my\u00f6s, inspiroiko n\u00e4k\u00f6ala kirjoittamista paikan p\u00e4\u00e4ll\u00e4. Juu, kyll\u00e4 inspiroi. <\/p>\n<p class=\"p1\">Matkimalla kyyhkysen \u00e4\u00e4nt\u00e4 sain paikalle kauniin kyyhkysyst\u00e4v\u00e4n, jonka kanssa pulputtelimme paikallista lintuespanjaa tovin jakaen toistemme kanssa uusia aatoksia.<\/p>\n<p><img loading=\"lazy\" decoding=\"async\" aria-describedby=\"caption-attachment-111520\" class=\"wp-image-111520 size-full\" src=\"https:\/\/www.europesays.com\/fi\/wp-content\/uploads\/2026\/01\/kuva-12-2.jpg\" alt=\"kuva 12\" width=\"1300\" height=\"1731\"  \/><\/p>\n<p id=\"caption-attachment-111520\" class=\"wp-caption-text\">Muraalit ja muut vanhojen kujien taideteokset koristavat Calpen keskustaa. Niist\u00e4kin saa alitajunta virikkeit\u00e4 kirjoittamiseen.<\/p>\n<p><img loading=\"lazy\" decoding=\"async\" aria-describedby=\"caption-attachment-111521\" class=\"wp-image-111521 size-full\" src=\"https:\/\/www.europesays.com\/fi\/wp-content\/uploads\/2026\/01\/kuva-12B.jpg\" alt=\"kuva 12B\" width=\"1300\" height=\"1731\"  \/><\/p>\n<p id=\"caption-attachment-111521\" class=\"wp-caption-text\">Espanjalaiset portaat maan lipun v\u00e4reiss\u00e4 tuovat v\u00e4rikkyytt\u00e4 porraskujaan.<\/p>\n<p><img loading=\"lazy\" decoding=\"async\" aria-describedby=\"caption-attachment-111522\" class=\"wp-image-111522 size-full\" src=\"https:\/\/www.europesays.com\/fi\/wp-content\/uploads\/2026\/01\/kuva-13-2.jpg\" alt=\"kuva 13\" width=\"1300\" height=\"1731\"  \/><\/p>\n<p id=\"caption-attachment-111522\" class=\"wp-caption-text\">Flamingot ovat kiinnostavia my\u00f6s talojen koristeluissa.<\/p>\n<p><img loading=\"lazy\" decoding=\"async\" aria-describedby=\"caption-attachment-111523\" class=\"wp-image-111523 size-full\" src=\"https:\/\/www.europesays.com\/fi\/wp-content\/uploads\/2026\/01\/kuva-14-1.jpg\" alt=\"kuva 14\" width=\"1300\" height=\"1733\"  \/><\/p>\n<p id=\"caption-attachment-111523\" class=\"wp-caption-text\">Platja de la Fossan rannalta p\u00e4in otettu kuva nousevasta t\u00e4ysikuusta Morairan kaupungin yll\u00e4. Kuu on sama kuin Rooman vallan aikana, mutta maailma hyvinkin eri.<\/p>\n<p>Jo muinaiset roomalaiset asettuivat Calpeen<\/p>\n<p class=\"p1\">Ajatus kirjoittamisesta osana vuosituhantista inhimillist\u00e4 sanallisen ilmaisun jatkumoa konkretisoituu Calpessa erityisesti. Matkalla Calpen keskustaan ja sielt\u00e4 pois voi pys\u00e4hty\u00e4 ihastelemaan vanhaa Rooman-aikaista arkeologista n\u00e4ht\u00e4vyytt\u00e4. Jo Rooman vallan aikaan, 200 vuotta eea noin vuoteen 400 asti Calpen rannikolla k\u00e4ytiin kauppaa ja rakennettiin taloja rantadyyneille.<\/p>\n<p class=\"p1\">Rantareitin varrella meress\u00e4 sijaitsevat suuret hiekkakiveen louhitut altaat tunnetaan yleisesti \u201dmaurien kuningattaren kylpyl\u00f6in\u00e4\u201d. Tutkijat arvelevat, ett\u00e4 rannikkokallioon louhittuja altaita k\u00e4ytettiin aikoinaan my\u00f6s el\u00e4vien ruokakalojen s\u00e4ilytt\u00e4miseen. <\/p>\n<p class=\"p1\">Paluumatka takaisin Platja de la Fossalle kannattaa kulkea mantereen puoleista autotien laitaa k\u00e4velytiell\u00e4, Las Salinas de Calpen eli Calpen suolatasangon kautta. J\u00e4rven kokoinen rannikkoallas on n\u00e4kemisen arvoinen luonnon muovaama entinen laguuni. Kun laguunin yhteys mereen vuosisatojen aikana umpeutui, silloiset asukkaat p\u00e4\u00e4siv\u00e4t k\u00e4ytt\u00e4m\u00e4\u00e4n allasta kuivuneen meriveden j\u00e4tt\u00e4m\u00e4n suolan ker\u00e4\u00e4miseen. Suolaa saatiin sek\u00e4 omiksi tarpeiksi ett\u00e4 myyt\u00e4v\u00e4ksi muualle.<\/p>\n<p class=\"p1\">Rannikkoaltaassa asustaa nykyisin luonnonvarainen flamingoyhdyskunta, jollaiset ovat Euroopassa harvinaisia. Laguuni on kuin vapaa lintuel\u00e4intarha, jossa asustaa my\u00f6s muita vesilintuja, kuten harmaahaikaroita, erilaisia lokkilajeja, merimetsoja ja Suomessa eritt\u00e4in harvinaisia pitk\u00e4jalkoja.<\/p>\n<p><img loading=\"lazy\" decoding=\"async\" aria-describedby=\"caption-attachment-111524\" class=\"wp-image-111524 size-full\" src=\"https:\/\/www.europesays.com\/fi\/wp-content\/uploads\/2026\/01\/kuva-15-1.jpg\" alt=\"kuva 15\" width=\"1300\" height=\"976\"  \/><\/p>\n<p id=\"caption-attachment-111524\" class=\"wp-caption-text\">Calpen suolatasangon laguunissa asuu Euroopassa harvinainen flamingoyhdyskunta. Sekin innosti t\u00e4m\u00e4n artikkelin kirjoittamiseen.<\/p>\n<p>Voiko vuori kannustaa kirjoittamaan?<\/p>\n<p class=\"p1\">Kun vieress\u00e4 nousee satojen metrien korkeuteen jylh\u00e4 Ifach, ei kannata luistaa kirjoittamisesta. Sen voi kuvitella sanovan: \u201dKirjoita! Se on t\u00e4rke\u00e4 tapa luoda ajatustenvaihtoa, tiedostaa omaa sis\u00e4isyytt\u00e4, tutkailla ihmiskuntaa ja ymp\u00e4rist\u00f6\u00e4 sek\u00e4 siirt\u00e4\u00e4 tietoa ja ajatuksia tuleville sukupolville. Ja muista kertoa my\u00f6s minusta. Rinteilleni mahtuu uusia yst\u00e4vi\u00e4.\u201d<\/p>\n<p class=\"p1\">Mieluisin k\u00e4velykohde kirjoitusaikana oli juuri Ifach ymp\u00e4rist\u00f6ineen. Sen luokse askeleeni veiv\u00e4t minua p\u00e4ivitt\u00e4in. Ties kuinka monet sukupolvet ovat muinaisina aikoina ylist\u00e4neet kivitauluilla ja pergamenteilla vuoren rinteiden muusaa samankaltaisen innoituksen vallassa. <\/p>\n<p class=\"p1\">Ifachin alarinteill\u00e4 on pensaita, matalia puita ja polkuja, jotka ovat paikoin jyrk\u00e4hk\u00f6j\u00e4, mutta alempana helposti kuljettavia. Parinkymmenen metrin korkeudella kulkevilla rantapoluilla on penkkej\u00e4, joilla istuen voi ihailla merta, Calpen rantaa ja itse vuorta, ja vaikka kirjoittaa. Paperi ja kyn\u00e4 kulkevat helposti mukana. On kuin istuisi vuoren syliss\u00e4 saaden kirjoittamiseen inspiraatiota ymp\u00e4r\u00f6iv\u00e4st\u00e4, alati v\u00e4lkehtiv\u00e4st\u00e4 merest\u00e4, kasveja r\u00f6nsy\u00e4v\u00e4st\u00e4 kellanruskeasta maasta ja taivaasta, joka sytytt\u00e4\u00e4 \u00f6isin kaukaiset, tutunn\u00e4k\u00f6iset valonsa pimeyteen.<\/p>\n<p><img loading=\"lazy\" decoding=\"async\" aria-describedby=\"caption-attachment-111525\" class=\"wp-image-111525 size-full\" src=\"https:\/\/www.europesays.com\/fi\/wp-content\/uploads\/2026\/01\/kuva-16-1.jpg\" alt=\"kuva 16\" width=\"1300\" height=\"1731\"  \/><\/p>\n<p id=\"caption-attachment-111525\" class=\"wp-caption-text\">L\u00e4pikuultavan turkoosi V\u00e4limeri tarjoaa monia harrastusmahdollisuuksia.<\/p>\n<p class=\"p1\">Ylh\u00e4\u00e4lt\u00e4 katsottuna vuoren alarinteell\u00e4 n\u00e4kyy arkeologinen alue, keskiaikaisen Pobla d\u2019Ifac -kaupungin rauniot ajan hiomine puolustusmuureineen, taloineen, kirkkoineen ja varastorakennuksineen. Vuorella on my\u00f6s vanhempia merkkej\u00e4 asutuksesta, kuten iberialainen asutuskeskus 3. ja 4. vuosisadalta eaa. <\/p>\n<p>Ymp\u00e4rist\u00f6 tarjoaa liikkumavaraa sis\u00e4isyydelle<\/p>\n<p class=\"p1\">Ehk\u00e4 kirjoittajan paratiisi ei lopulta ole tietty paikka kartalla, vaan tilanne, jossa ymp\u00e4rist\u00f6n elementit alkavat kannustaa tuottamaan inspiraatiota sanoiksi. Toiselle elementti on keitti\u00f6np\u00f6yt\u00e4, toiselle junan jyske, kolmannelle Ifachin suojaama ranta ja meren toistuva rytmi tai lauma j\u00e4nn\u00e4n n\u00e4k\u00f6isi\u00e4 vaaleanpunaisia lintuja. Calpe on yksi esimerkki paikasta, jossa maisema antaa luvan pys\u00e4hty\u00e4, monta kertaa. Kun ulkoinen tila avartuu, my\u00f6s sis\u00e4inen tila saa liikkumavaraa, ja sanat l\u00f6yt\u00e4v\u00e4t tiens\u00e4 paperille. <\/p>\n<p><img loading=\"lazy\" decoding=\"async\" aria-describedby=\"caption-attachment-111527\" class=\"wp-image-111527 size-full\" src=\"https:\/\/www.europesays.com\/fi\/wp-content\/uploads\/2026\/01\/kuva-18-1.jpg\" alt=\"kuva 18\" width=\"1300\" height=\"1733\"  \/><\/p>\n<p id=\"caption-attachment-111527\" class=\"wp-caption-text\">Rantak\u00e4vely virkist\u00e4\u00e4. Taustalla Ifach-vuori.<\/p>\n<p>Huoneisto lempinimelt\u00e4\u00e4n \u201dT\u00e4ysosuma\u201d<\/p>\n<p class=\"p1\">Calpesta pohjoiseen kulkee rantaa my\u00f6t\u00e4ilev\u00e4 kilometrien pituinen rakennettu rantapolku, jonka tarjoamat merimaisemat houkuttelevat jatkamaan aina vain pidemm\u00e4lle. Liikunta yl\u00f6s ja alas luontopoluilla oli hyv\u00e4\u00e4 vastapainoa tietokoneen \u00e4\u00e4rell\u00e4 kirjoittamiselle, tarjoten joka mutkan takaa uusia maisemia ja uusia ideoita sek\u00e4 parempaa verenkiertoa kirjoittajalle. <\/p>\n<p><img loading=\"lazy\" decoding=\"async\" aria-describedby=\"caption-attachment-111528\" class=\"wp-image-111528 size-full\" src=\"https:\/\/www.europesays.com\/fi\/wp-content\/uploads\/2026\/01\/kuva-19-1.jpg\" alt=\"kuva 19\" width=\"1300\" height=\"1733\"  \/><\/p>\n<p id=\"caption-attachment-111528\" class=\"wp-caption-text\">Ty\u00f6huoneesta talon 8. kerroksessa. Kuka tiet\u00e4\u00e4, mit\u00e4 kaikkia ideoita t\u00e4m\u00e4 n\u00e4kym\u00e4 on huoneistossa kirjoittaneiden mieless\u00e4 her\u00e4tt\u00e4nyt.<\/p>\n<p><img loading=\"lazy\" decoding=\"async\" aria-describedby=\"caption-attachment-111529\" class=\"wp-image-111529 size-full\" src=\"https:\/\/www.europesays.com\/fi\/wp-content\/uploads\/2026\/01\/kuva-20.jpg\" alt=\"kuva 20\" width=\"1300\" height=\"975\"  \/><\/p>\n<p id=\"caption-attachment-111529\" class=\"wp-caption-text\">Iltapalan aikaan olohuoneelta parvekkeelle p\u00e4in. Ruokaa ja maiseman tarjoamaa silm\u00e4nruokaa.<\/p>\n<p><img loading=\"lazy\" decoding=\"async\" aria-describedby=\"caption-attachment-111531\" class=\"wp-image-111531 size-full\" src=\"https:\/\/www.europesays.com\/fi\/wp-content\/uploads\/2026\/01\/kuva-22-1.jpg\" alt=\"kuva 22\" width=\"1300\" height=\"1733\"  \/><\/p>\n<p id=\"caption-attachment-111531\" class=\"wp-caption-text\">Onnellista k\u00e4vely\u00e4 rantapolulla, taustalla Ifach.<\/p>\n<p class=\"p1\">Jos aiheestani \u201dymp\u00e4rist\u00f6n vaikutus kirjoittamiseen\u201d haluaa tehd\u00e4 jonkin kiteytetyn johtop\u00e4\u00e4t\u00f6ksen, on se mielest\u00e4ni seuraava: Ihmisen luova mieli, kyky luoda kirjallisesti mielen sis\u00e4lt\u00f6j\u00e4, saa \u201dravintoa\u201d kaikesta ymp\u00e4r\u00f6iv\u00e4st\u00e4. K\u00e4yt\u00e4nt\u00f6 opettaa, vaikuttaako ymp\u00e4rist\u00f6 omaan kirjalliseen tuotantoon ja jos, niin mill\u00e4 tavoin. Kokeilemalla erilaisia ymp\u00e4rist\u00f6j\u00e4 kirjoitettaessa saanee k\u00e4sityst\u00e4 siit\u00e4, mink\u00e4laisissa ymp\u00e4rist\u00f6iss\u00e4 kirjoittaminen luontuu parhaiten ja miten se vaikuttaa lopputulokseen. Se selvi\u00e4\u00e4 vain kokeilemalla.<\/p>\n<p class=\"p1\" style=\"text-align: right;\">Saana Saarinen, teksti <br \/>Kuvat Saana Saarinen ja Kati Korhonen<\/p>\n<p class=\"p1\" style=\"text-align: center;\">* *<\/p>\n<p class=\"p1\">N\u00e4in kertoivat kolme kollegaani, joilta kysyin ymp\u00e4rist\u00f6n vaikutuksia heid\u00e4n kirjoittamiseensa.<\/p>\n<p>Kati <\/p>\n<p class=\"p1\"><b>1. Mit\u00e4 kirjoitat?<\/b><\/p>\n<blockquote>\n<p class=\"p1\">Kirjoitan tieteellisi\u00e4 tutkimusartikkeleita, jotka vaativat keskittymist\u00e4 ja luovaa ajattelua.<\/p>\n<\/blockquote>\n<p class=\"p1\"><b>2. Miss\u00e4 p\u00e4\u00e4s\u00e4\u00e4nt\u00f6isesti kirjoitat?<\/b><\/p>\n<blockquote>\n<p class=\"p1\">Kirjoitan useimmiten ty\u00f6huoneessa, mutta parhaiten pystyn keskittym\u00e4\u00e4n rauhallisissa ja hiljaisissa muissa ymp\u00e4rist\u00f6iss\u00e4, kuten kirjastoissa ja Helsingin Musiikkitalossa.<\/p>\n<\/blockquote>\n<p class=\"p1\"><b>3. Miss\u00e4 kirjoitat mieluiten?<\/b><\/p>\n<blockquote>\n<p class=\"p1\">Kirjoitan mieluiten paikassa, jossa on levollinen tunnelma ja jossa on hiljaista ja n\u00e4kym\u00e4 ulos luontoon. Haluaisin kirjoittaa luonnonl\u00e4heisess\u00e4 ty\u00f6tilassa, jossa mieli lep\u00e4\u00e4 ja ajatus kulkee vapaasti.<\/p>\n<\/blockquote>\n<p class=\"p1\"><b>4. Mill\u00e4 tavoin kirjoitusymp\u00e4rist\u00f6 vaikuttaa kirjoittamiseesi?<\/b><\/p>\n<blockquote>\n<p class=\"p1\">Luonnonl\u00e4heinen ymp\u00e4rist\u00f6 rauhoittaa ja selkeytt\u00e4\u00e4 ajattelua, mik\u00e4 parantaa tekstin rakennetta ja syvent\u00e4\u00e4 tieteellisi\u00e4 oivalluksia. Lis\u00e4ksi iltap\u00e4iv\u00e4tauoilla k\u00e4velyt kauniissa maisemissa virkist\u00e4v\u00e4t mielt\u00e4 ja lis\u00e4\u00e4v\u00e4t luovuutta sek\u00e4 auttavat n\u00e4kem\u00e4\u00e4n tekstin uudesta n\u00e4k\u00f6kulmasta. Tauko ulkona palauttaa keskittymiskyvyn ja ehk\u00e4isee henkist\u00e4 v\u00e4symist\u00e4, jolloin kirjoittaminen pysyy tuoreena ja selke\u00e4n\u00e4.<\/p>\n<\/blockquote>\n<p class=\"p1\"><b>5. Mik\u00e4 on t\u00e4h\u00e4n asti ollut mieluisin kirjoittamispaikka?<\/b><\/p>\n<blockquote>\n<p class=\"p1\">Mieluisia kirjoittamispaikkoja ovat olleet ne, joissa on ergonomisesti hyv\u00e4 paikka kirjoittaa ja samalla n\u00e4kee kauniita maisemia. Esimerkiksi talviaikaan Espanjan Calpessa sijaitseva ty\u00f6huone, josta on n\u00e4kym\u00e4 suoraan vuorelle.<\/p>\n<\/blockquote>\n<p>Raili<\/p>\n<p class=\"p1\"><b>1. Mit\u00e4 kirjoitat?<\/b><\/p>\n<blockquote>\n<p class=\"p1\">Kaunokirjallista: fantasiaa ja j\u00e4nnityst\u00e4.<\/p>\n<\/blockquote>\n<p class=\"p1\"><b>2. Miss\u00e4 p\u00e4\u00e4s\u00e4\u00e4nt\u00f6isesti kirjoitat?<\/b><\/p>\n<blockquote>\n<p class=\"p1\">Kotona l\u00e4pp\u00e4ri syliss\u00e4, koira vieress\u00e4.<\/p>\n<\/blockquote>\n<p class=\"p1\"><b>3. Miss\u00e4 kirjoitat mieluiten?<\/b><\/p>\n<blockquote>\n<p class=\"p1\">Kotona kerrostaloasunnossa, makuuhuoneessa s\u00e4ngyn p\u00e4\u00e4ll\u00e4, tai ty\u00f6p\u00f6yd\u00e4n \u00e4\u00e4ress\u00e4. Ulkona omalla pihalla omenapuun alla kes\u00e4n l\u00e4mm\u00f6ss\u00e4 (kun viel\u00e4 asuin omakotitalossa).<\/p>\n<\/blockquote>\n<p class=\"p1\"><b>4. Mill\u00e4 tavoin kirjoitusymp\u00e4rist\u00f6 vaikuttaa kirjoittamiseesi?<\/b><\/p>\n<blockquote>\n<p class=\"p1\">Vieras ymp\u00e4rist\u00f6 voi olla innostava, hiljaisuus ja rauha luksusta, mutta keskittymiskykyni on erinomainen, ja uppoudun tekemiseeni melkein millaisissa oloissa tahansa.<\/p>\n<\/blockquote>\n<p class=\"p1\"><b>5. Mik\u00e4 on t\u00e4h\u00e4n asti ollut mieluisin kirjoittamispaikka?<\/b><\/p>\n<blockquote>\n<p class=\"p1\">Kyll\u00e4 kirjoittaminen kotioloissa onnistuu parhaiten, mutta aikoinaan kirjoittelin kahvilassa, mik\u00e4 sekin oli hyvin inspiroivaa. Olisihan se mahtavaa kirjoittaa jossakin meren \u00e4\u00e4rell\u00e4 l\u00e4mpim\u00e4ss\u00e4 tai vaikka mets\u00e4n siimeksess\u00e4.<\/p>\n<\/blockquote>\n<p>Nina<\/p>\n<p class=\"p1\"><b>1. Mit\u00e4 kirjoitat?<\/b><\/p>\n<blockquote>\n<p class=\"p1\">Kaunokirjallista teksti\u00e4.<\/p>\n<\/blockquote>\n<p class=\"p1\"><b>2. Miss\u00e4 p\u00e4\u00e4s\u00e4\u00e4nt\u00f6isesti kirjoitat?<\/b><\/p>\n<blockquote>\n<p class=\"p1\">Kotona p\u00e4\u00e4s\u00e4\u00e4nt\u00f6isesti, keitti\u00f6n p\u00f6yd\u00e4n \u00e4\u00e4ress\u00e4 tai junamatkoilla (on oikein hyv\u00e4 ymp\u00e4rist\u00f6 kirjoittamiseen).<\/p>\n<\/blockquote>\n<p class=\"p1\"><b>3. Mik\u00e4 on t\u00e4h\u00e4n asti ollut mieluisin kirjoittamispaikka?<\/b><\/p>\n<blockquote>\n<p class=\"p1\">Koti, ja Espanja talvikaudella \u2212 ihan bueno!<\/p>\n<\/blockquote>\n<p class=\"p1\"><b>4. Miss\u00e4 ja mink\u00e4laisessa ymp\u00e4rist\u00f6ss\u00e4 kirjoittaminen on onnistunut parhaimmin?<\/b><\/p>\n<blockquote>\n<p class=\"p1\">Rauhallisessa ymp\u00e4rist\u00f6ss\u00e4 ja toisen kirjoittajan kanssa samassa tilassa. Talvella mieluiten l\u00e4mpim\u00e4ss\u00e4 ja rauhallisessa ymp\u00e4rist\u00f6ss\u00e4. Luonto l\u00e4hell\u00e4.<\/p>\n<\/blockquote>\n<p class=\"p1\"><b>5. Mill\u00e4 tavoin kirjoitusymp\u00e4rist\u00f6 vaikuttaa kirjoittamiseesi?<\/b><\/p>\n<blockquote>\n<p class=\"p1\">Kyll\u00e4 se vaikuttaa. Pit\u00e4\u00e4 v\u00e4ltt\u00e4\u00e4 keskeytyksi\u00e4 eli puhelimet ja \u00e4\u00e4net pois. Eik\u00e4 saa olla aikataulutettua menoa kirjoittamisp\u00e4iv\u00e4n\u00e4 eli kellovapaa tila. Rentouttavaa klassista musiikkia taustalle.<\/p>\n<\/blockquote>\n<p class=\"p1\"><b>6. Mill\u00e4 tavoin kirjoitusymp\u00e4rist\u00f6 n\u00e4kyy teksteiss\u00e4si?<\/b><\/p>\n<blockquote>\n<p class=\"p1\">En osaa sanoa \u2212 oikeasti. Mutta kun tietyt elementit ovat kohdallaan, teksti\u00e4 syntyy helpommin. Kun on hiukan tyls\u00e4 ymp\u00e4rist\u00f6, tulee tarvetta t\u00e4ytt\u00e4\u00e4 tylsyys vaikkapa mielikuvituksella.<\/p>\n<\/blockquote>\n","protected":false},"excerpt":{"rendered":"Kuinka paljon ja mill\u00e4 tavoilla kirjoitusymp\u00e4rist\u00f6 vaikuttaa luovaan kirjoittamiseen? Mink\u00e4laiset kirjoitusymp\u00e4rist\u00f6t innostavat ja tukevat luovuutta eniten? Onko ulkomailla&hellip;\n","protected":false},"author":2,"featured_media":135791,"comment_status":"","ping_status":"","sticky":false,"template":"","format":"standard","meta":{"footnotes":""},"categories":[113],"tags":[446,33,31,30,23755,1480,118,32,119,447],"class_list":{"0":"post-135790","1":"post","2":"type-post","3":"status-publish","4":"format-standard","5":"has-post-thumbnail","7":"category-ymparisto","8":"tag-environment","9":"tag-fi","10":"tag-finland","11":"tag-finnish","12":"tag-kirjoittaminen","13":"tag-luovuus","14":"tag-science","15":"tag-suomi","16":"tag-tiede","17":"tag-ymparisto"},"share_on_mastodon":{"url":"https:\/\/pubeurope.com\/@fi\/115853509646362804","error":""},"_links":{"self":[{"href":"https:\/\/www.europesays.com\/fi\/wp-json\/wp\/v2\/posts\/135790","targetHints":{"allow":["GET"]}}],"collection":[{"href":"https:\/\/www.europesays.com\/fi\/wp-json\/wp\/v2\/posts"}],"about":[{"href":"https:\/\/www.europesays.com\/fi\/wp-json\/wp\/v2\/types\/post"}],"author":[{"embeddable":true,"href":"https:\/\/www.europesays.com\/fi\/wp-json\/wp\/v2\/users\/2"}],"replies":[{"embeddable":true,"href":"https:\/\/www.europesays.com\/fi\/wp-json\/wp\/v2\/comments?post=135790"}],"version-history":[{"count":0,"href":"https:\/\/www.europesays.com\/fi\/wp-json\/wp\/v2\/posts\/135790\/revisions"}],"wp:featuredmedia":[{"embeddable":true,"href":"https:\/\/www.europesays.com\/fi\/wp-json\/wp\/v2\/media\/135791"}],"wp:attachment":[{"href":"https:\/\/www.europesays.com\/fi\/wp-json\/wp\/v2\/media?parent=135790"}],"wp:term":[{"taxonomy":"category","embeddable":true,"href":"https:\/\/www.europesays.com\/fi\/wp-json\/wp\/v2\/categories?post=135790"},{"taxonomy":"post_tag","embeddable":true,"href":"https:\/\/www.europesays.com\/fi\/wp-json\/wp\/v2\/tags?post=135790"}],"curies":[{"name":"wp","href":"https:\/\/api.w.org\/{rel}","templated":true}]}}