{"id":135792,"date":"2026-01-07T11:16:08","date_gmt":"2026-01-07T11:16:08","guid":{"rendered":"https:\/\/www.europesays.com\/fi\/135792\/"},"modified":"2026-01-07T11:16:08","modified_gmt":"2026-01-07T11:16:08","slug":"iiro-pakarinen-ja-carl-klingberg-palaavat","status":"publish","type":"post","link":"https:\/\/www.europesays.com\/fi\/135792\/","title":{"rendered":"Iiro Pakarinen ja Carl Klingberg palaavat"},"content":{"rendered":"<p>HIFK ja Ilves saavat kauan kaivatut vahvistukset.<\/p>\n<p>Videotuomio jakaa tuomioita Suomi-kiekosta.<\/p>\n<p class=\"article-body mb-nof-24 px-nof-16\">Helsingin IFK:n alkukauden karmea loukkaantumistilanne alkaa olla historiaa. Jo edellisottelussa se sai takaisin ykk\u00f6ssentterins\u00e4 <a class=\"font-bold underline-offset-[0.12em] [text-decoration:var(--person-link-text-decoration)] ![text-decoration-color:var(--person-link-text-decoration-color)]\" href=\"https:\/\/www.is.fi\/haku\/?query=Jori%20Lehter%C3%A4n\" rel=\"nofollow noopener\" target=\"_blank\">Jori Lehter\u00e4n<\/a> ja konkaripuolustajansa <a class=\"font-bold underline-offset-[0.12em] [text-decoration:var(--person-link-text-decoration)] ![text-decoration-color:var(--person-link-text-decoration-color)]\" href=\"https:\/\/www.is.fi\/haku\/?query=Petteri%20Lindbohmin\" rel=\"nofollow noopener\" target=\"_blank\">Petteri Lindbohmin<\/a>.<\/p>\n<p class=\"article-body mb-nof-24 px-nof-16\">Lis\u00e4\u00e4 hyvi\u00e4 uutisia HIFK:lle tupsahti keskiviikkona, kun kokoonpanot illalla KalPaa vastaan pelattavaan kotiotteluun julkaistiin.<\/p>\n<p class=\"article-body mb-nof-24 px-nof-16\">Mukana on SM-liigan viime kauden maalikuningas<a class=\"font-bold underline-offset-[0.12em] [text-decoration:var(--person-link-text-decoration)] ![text-decoration-color:var(--person-link-text-decoration-color)]\" href=\"https:\/\/www.is.fi\/haku\/?query=%20Iiro%20Pakarinen\" rel=\"nofollow noopener\" target=\"_blank\"> Iiro Pakarinen<\/a>. Ennen kautta joukkueen uudeksi kapteeniksi nimetty Pakarinen pelaa nyt kauden ensimm\u00e4isen ottelunsa \u2013 tutusti Lehter\u00e4n rinnalla ykk\u00f6sketjussa.<\/p>\n<p class=\"article-body mb-nof-24 px-nof-16\">Nestorikaksikon k\u00e4rkiketjun t\u00e4ydent\u00e4\u00e4 <a class=\"font-bold underline-offset-[0.12em] [text-decoration:var(--person-link-text-decoration)] ![text-decoration-color:var(--person-link-text-decoration-color)]\" href=\"https:\/\/www.is.fi\/haku\/?query=Kasper%20Lundell\" rel=\"nofollow noopener\" target=\"_blank\">Kasper Lundell<\/a>.<\/p>\n<p><img decoding=\"async\" src=\"https:\/\/www.europesays.com\/fi\/wp-content\/uploads\/2026\/01\/1767784568_773_468.jpg\" alt=\"Iiro Pakarinen pelaa kauden ensimm\u00e4isen ottelunsa SM-liigassa.\" class=\"_Img_1rerz_1\" style=\"aspect-ratio:1.5011727912431587\" loading=\"eager\"\/><\/p>\n<p class=\"article-picture-caption\">Iiro Pakarinen pelaa kauden ensimm\u00e4isen ottelunsa SM-liigassa. Kuva:\u00a0Tomi Natri \/ All Over Press<\/p>\n<p class=\"article-body mb-nof-24 px-nof-16\">HIFK:n lis\u00e4ksi my\u00f6s Tampereen Ilveksell\u00e4 on syyt\u00e4 hymyyn \u2013 muustakin syyst\u00e4 kuin kymmenen ottelun voittoputkesta.<\/p>\n<p class=\"article-body mb-nof-24 px-nof-16\">Ilves nimitt\u00e4in saa keskiviikon Sport-otteluun takaisin ruotsalaist\u00e4htens\u00e4 <a class=\"font-bold underline-offset-[0.12em] [text-decoration:var(--person-link-text-decoration)] ![text-decoration-color:var(--person-link-text-decoration-color)]\" href=\"https:\/\/www.is.fi\/haku\/?query=Carl%20Klingbergin\" rel=\"nofollow noopener\" target=\"_blank\">Carl Klingbergin<\/a>. Ilveksen kapteenistoon kuuluva Klingberg pelasi edellisen kerran syyskuussa.<\/p>\n<p class=\"article-body mb-nof-24 px-nof-16\">Ilveksen sairastuvalla ovet k\u00e4yv\u00e4t kuitenkin my\u00f6s toiseen suuntaan, sill\u00e4 edellisottelussa loukkaantunut <a class=\"font-bold underline-offset-[0.12em] [text-decoration:var(--person-link-text-decoration)] ![text-decoration-color:var(--person-link-text-decoration-color)]\" href=\"https:\/\/www.is.fi\/haku\/?query=Luke%20Henman\" rel=\"nofollow noopener\" target=\"_blank\">Luke Henman<\/a> on keskiviikkona sivussa.<\/p>\n<p>Keskiviikon kierrosKlo 18.30<\/p>\n<ul class=\"mb-nof-16 px-nof-16 article-unordered-list unordered-list\">\n<li class=\"unordered-list-item\">\n<p class=\"article-body\">HIFK\u2013KalPa<\/p>\n<\/li>\n<li class=\"unordered-list-item\">\n<p class=\"article-body\">Ilves\u2013Sport<\/p>\n<\/li>\n<li class=\"unordered-list-item\">\n<p class=\"article-body\">Lukko\u2013SaiPa<\/p>\n<\/li>\n<li class=\"unordered-list-item\">\n<p class=\"article-body\">\u00c4ss\u00e4t\u2013K\u00e4rp\u00e4t<\/p>\n<\/li>\n<\/ul>\n","protected":false},"excerpt":{"rendered":"HIFK ja Ilves saavat kauan kaivatut vahvistukset. Videotuomio jakaa tuomioita Suomi-kiekosta. Helsingin IFK:n alkukauden karmea loukkaantumistilanne alkaa olla&hellip;\n","protected":false},"author":2,"featured_media":135793,"comment_status":"","ping_status":"","sticky":false,"template":"","format":"standard","meta":{"footnotes":""},"categories":[136],"tags":[407,137,33,31,30,34,408,32,109],"class_list":{"0":"post-135792","1":"post","2":"type-post","3":"status-publish","4":"format-standard","5":"has-post-thumbnail","7":"category-julkkikset","8":"tag-celebrities","9":"tag-entertainment","10":"tag-fi","11":"tag-finland","12":"tag-finnish","13":"tag-ilta-sanomat","14":"tag-julkkikset","15":"tag-suomi","16":"tag-viihde"},"share_on_mastodon":{"url":"https:\/\/pubeurope.com\/@fi\/115853536971110040","error":""},"_links":{"self":[{"href":"https:\/\/www.europesays.com\/fi\/wp-json\/wp\/v2\/posts\/135792","targetHints":{"allow":["GET"]}}],"collection":[{"href":"https:\/\/www.europesays.com\/fi\/wp-json\/wp\/v2\/posts"}],"about":[{"href":"https:\/\/www.europesays.com\/fi\/wp-json\/wp\/v2\/types\/post"}],"author":[{"embeddable":true,"href":"https:\/\/www.europesays.com\/fi\/wp-json\/wp\/v2\/users\/2"}],"replies":[{"embeddable":true,"href":"https:\/\/www.europesays.com\/fi\/wp-json\/wp\/v2\/comments?post=135792"}],"version-history":[{"count":0,"href":"https:\/\/www.europesays.com\/fi\/wp-json\/wp\/v2\/posts\/135792\/revisions"}],"wp:featuredmedia":[{"embeddable":true,"href":"https:\/\/www.europesays.com\/fi\/wp-json\/wp\/v2\/media\/135793"}],"wp:attachment":[{"href":"https:\/\/www.europesays.com\/fi\/wp-json\/wp\/v2\/media?parent=135792"}],"wp:term":[{"taxonomy":"category","embeddable":true,"href":"https:\/\/www.europesays.com\/fi\/wp-json\/wp\/v2\/categories?post=135792"},{"taxonomy":"post_tag","embeddable":true,"href":"https:\/\/www.europesays.com\/fi\/wp-json\/wp\/v2\/tags?post=135792"}],"curies":[{"name":"wp","href":"https:\/\/api.w.org\/{rel}","templated":true}]}}