{"id":135794,"date":"2026-01-07T11:20:06","date_gmt":"2026-01-07T11:20:06","guid":{"rendered":"https:\/\/www.europesays.com\/fi\/135794\/"},"modified":"2026-01-07T11:20:06","modified_gmt":"2026-01-07T11:20:06","slug":"ajattelin-etta-onpa-kamalaa-paskaa-geezer-butler-muistelee-2000-luvun-alun-yritysta-tehda-uusi-black-sabbath-levy","status":"publish","type":"post","link":"https:\/\/www.europesays.com\/fi\/135794\/","title":{"rendered":"&#8221;Ajattelin, ett\u00e4 onpa kamalaa paskaa&#8221; \u2013 Geezer Butler muistelee 2000-luvun alun yrityst\u00e4 tehd\u00e4 uusi Black Sabbath -levy"},"content":{"rendered":"<p>Black Sabbathin viimeinen studioalbumi 13 julkaistiin vuonna 2013, ja se oliikin ensimm\u00e4inen Sabbath-levy todella pitk\u00e4\u00e4n aikaan: albumin edelt\u00e4j\u00e4 Forbidden tuli julki kaukana edellisen vuosituhannen puolella vuonna 1995. Levyjen v\u00e4lill\u00e4 kuitenkin tapahtui kaikenlaista, ja basisti Geezer Butler kertoo vaimonsa Glorian juontaman Gabbing With Girlfriends -podcastin haastattelussa, ett\u00e4 uutta Sabbath-albumia yritettiin ruuvata kasaan jo 2000-luvun alkumetreill\u00e4. Tuosta projektista ei kuitenkaan tullut sen valmiimpaa.<\/p>\n<p>Levyprojekti l\u00e4hti vireille, kun Tony Iommi hajotti Black Sabbathin 1990-luvun kokoonpanon ja alkoi ty\u00f6st\u00e4\u00e4 uutta musiikkia alkuper\u00e4isen Sabbath-ryhm\u00e4n eli Ozzy Osbournen, Geezer Butlerin ja Bill Wardin kanssa. Butler tuumaa n\u00e4in j\u00e4lkik\u00e4teen, etteiv\u00e4t \u00e4\u00e4nitett\u00e4v\u00e4t biisit olleet riitt\u00e4v\u00e4n hyvi\u00e4.<\/p>\n<p>\u201dMeill\u00e4 oli silloin ehk\u00e4 kahdeksan uutta biisi\u00e4. Teimme ne Walesin Monmouthissa, ja niist\u00e4 ainakin kuusi oli valmiina ja muutama muu oli ty\u00f6n alla. Sitten Rick Rubin oli meihin yhteydess\u00e4. H\u00e4n halusi tehd\u00e4 sen levyn joskus vuoden 2002 tienoilla\u201d, Butler sanoo ja jatkaa:<\/p>\n<p>\u201dMenimme h\u00e4nen talolleen soittamaan uusia kappaleita ja kun soitimme niit\u00e4, ajattelin, ett\u00e4 onpa kamalaa paskaa. En yksinkertaisesti pit\u00e4nyt niist\u00e4 yht\u00e4\u00e4n. En tied\u00e4, johtuiko se siit\u00e4, ett\u00e4 soitin niit\u00e4 jollekin ulkopuoliselle. Sanoin vain, ett\u00e4 jos palaamme kaikkien vuosien j\u00e4lkeen kuvioihin t\u00e4llaisella materiaalilla, niin se ei tunnut minusta oikealta. Niinp\u00e4 j\u00e4timme homman siihen.\u201d<\/p>\n<p>Noista sessioista j\u00e4i el\u00e4m\u00e4\u00e4n kappale nimelt\u00e4 Scary Dreams, jota Sabbath soitti Ozzfest-kiertueella vuonna 2001. Live\u00e4\u00e4nitteen tuosta biisist\u00e4 voi kuunnella <a href=\"https:\/\/www.youtube.com\/watch?v=735w63a53nc\" rel=\"nofollow noopener\" target=\"_blank\">t\u00e4\u00e4lt\u00e4<\/a>.<\/p>\n<p>Lue my\u00f6s: <a href=\"https:\/\/www.soundi.fi\/uutiskirje\/\" title=\"Tilaa Soundin uutiskirje\" class=\"underline-custom !font-montserrat !font-bold !underline-offset-4 !decoration-4 !decoration-red-600 !text-md\" rel=\"nofollow noopener\" target=\"_blank\">Tilaa Soundin uutiskirje ja tied\u00e4t mist\u00e4 kahvitauolla puhutaan! Nappaa ajankohtaiset musiikin uutiset ja puheenaiheet suoraan s\u00e4hk\u00f6postiin t\u00e4st\u00e4.<\/a><\/p>\n","protected":false},"excerpt":{"rendered":"Black Sabbathin viimeinen studioalbumi 13 julkaistiin vuonna 2013, ja se oliikin ensimm\u00e4inen Sabbath-levy todella pitk\u00e4\u00e4n aikaan: albumin edelt\u00e4j\u00e4&hellip;\n","protected":false},"author":2,"featured_media":135795,"comment_status":"","ping_status":"","sticky":false,"template":"","format":"standard","meta":{"footnotes":""},"categories":[132],"tags":[137,33,31,30,195,47,32,109],"class_list":{"0":"post-135794","1":"post","2":"type-post","3":"status-publish","4":"format-standard","5":"has-post-thumbnail","7":"category-musiikki","8":"tag-entertainment","9":"tag-fi","10":"tag-finland","11":"tag-finnish","12":"tag-music","13":"tag-musiikki","14":"tag-suomi","15":"tag-viihde"},"share_on_mastodon":{"url":"https:\/\/pubeurope.com\/@fi\/115853552704670118","error":""},"_links":{"self":[{"href":"https:\/\/www.europesays.com\/fi\/wp-json\/wp\/v2\/posts\/135794","targetHints":{"allow":["GET"]}}],"collection":[{"href":"https:\/\/www.europesays.com\/fi\/wp-json\/wp\/v2\/posts"}],"about":[{"href":"https:\/\/www.europesays.com\/fi\/wp-json\/wp\/v2\/types\/post"}],"author":[{"embeddable":true,"href":"https:\/\/www.europesays.com\/fi\/wp-json\/wp\/v2\/users\/2"}],"replies":[{"embeddable":true,"href":"https:\/\/www.europesays.com\/fi\/wp-json\/wp\/v2\/comments?post=135794"}],"version-history":[{"count":0,"href":"https:\/\/www.europesays.com\/fi\/wp-json\/wp\/v2\/posts\/135794\/revisions"}],"wp:featuredmedia":[{"embeddable":true,"href":"https:\/\/www.europesays.com\/fi\/wp-json\/wp\/v2\/media\/135795"}],"wp:attachment":[{"href":"https:\/\/www.europesays.com\/fi\/wp-json\/wp\/v2\/media?parent=135794"}],"wp:term":[{"taxonomy":"category","embeddable":true,"href":"https:\/\/www.europesays.com\/fi\/wp-json\/wp\/v2\/categories?post=135794"},{"taxonomy":"post_tag","embeddable":true,"href":"https:\/\/www.europesays.com\/fi\/wp-json\/wp\/v2\/tags?post=135794"}],"curies":[{"name":"wp","href":"https:\/\/api.w.org\/{rel}","templated":true}]}}