{"id":135798,"date":"2026-01-07T11:24:07","date_gmt":"2026-01-07T11:24:07","guid":{"rendered":"https:\/\/www.europesays.com\/fi\/135798\/"},"modified":"2026-01-07T11:24:07","modified_gmt":"2026-01-07T11:24:07","slug":"emma-teatterin-kesakomedian-julkistustilaisuus-21-1-klo-11","status":"publish","type":"post","link":"https:\/\/www.europesays.com\/fi\/135798\/","title":{"rendered":"Emma Teatterin kes\u00e4komedian julkistustilaisuus 21.1. klo 11"},"content":{"rendered":"<p><strong>Turun Kaupunginteatterin ja Emma Teatterin tuttuun tapaan yhteistuotantona tekem\u00e4 kes\u00e4komedia julkistetaan keskiviikkona 21.1. klo 11-12 Turun Kaupunginteatterin yleis\u00f6l\u00e4mpi\u00f6ss\u00e4.<\/strong><\/p>\n<p>Paikalla komediaa esittelem\u00e4ss\u00e4 ovat ohjaaja Pentti Kotkaniemi sek\u00e4 n\u00e4yttelij\u00e4t Jaana Saarinen, Saara Kotkaniemi, Miska Kaukonen ja Mikko Virtanen. Teos ja sen koko ty\u00f6ryhm\u00e4 paljastetaan julkistustilaisuudessa ja tekij\u00f6it\u00e4 on mahdollista kuvata ja haastatella. Kahvitarjoilu. Tervetuloa kuulemaan, mille Naantalissa nauretaan ensi kes\u00e4n\u00e4!<\/p>\n<p><strong>Ilmoittaudu tilaisuuteen viimeist\u00e4\u00e4n 14.1.: <br \/><a href=\"https:\/\/www.lyyti.fi\/reg\/Emma_Teatterin_keskomedian_julkistustilaisuus_211_2172\" rel=\"nofollow noopener\" target=\"_blank\">Emma Teatterin kes\u00e4komedian julkistustilaisuus 21.1.<\/a><\/strong><\/p>\n<p>Komediaterveisin,<\/p>\n<p>Emmi Kantonen <br \/>Viestint\u00e4suunnittelija <br \/>Turun Kaupunginteatteri \/ Kulttuuriranta Oy <br \/>050 400 2766 <br \/><a href=\"https:\/\/www.epressi.com\/cdn-cgi\/l\/email-protection\" class=\"__cf_email__\" data-cfemail=\"e98c848480c78288879d86878c87a9829c859d9d9c9c9b809b88879d88c78f80\" rel=\"nofollow noopener\" target=\"_blank\">[email\u00a0protected]<\/a><\/p>\n","protected":false},"excerpt":{"rendered":"Turun Kaupunginteatterin ja Emma Teatterin tuttuun tapaan yhteistuotantona tekem\u00e4 kes\u00e4komedia julkistetaan keskiviikkona 21.1. klo 11-12 Turun Kaupunginteatterin yleis\u00f6l\u00e4mpi\u00f6ss\u00e4.&hellip;\n","protected":false},"author":2,"featured_media":135799,"comment_status":"","ping_status":"","sticky":false,"template":"","format":"standard","meta":{"footnotes":""},"categories":[130],"tags":[137,33,31,30,32,109],"class_list":{"0":"post-135798","1":"post","2":"type-post","3":"status-publish","4":"format-standard","5":"has-post-thumbnail","7":"category-viihde","8":"tag-entertainment","9":"tag-fi","10":"tag-finland","11":"tag-finnish","12":"tag-suomi","13":"tag-viihde"},"share_on_mastodon":{"url":"https:\/\/pubeurope.com\/@fi\/115853568617180631","error":""},"_links":{"self":[{"href":"https:\/\/www.europesays.com\/fi\/wp-json\/wp\/v2\/posts\/135798","targetHints":{"allow":["GET"]}}],"collection":[{"href":"https:\/\/www.europesays.com\/fi\/wp-json\/wp\/v2\/posts"}],"about":[{"href":"https:\/\/www.europesays.com\/fi\/wp-json\/wp\/v2\/types\/post"}],"author":[{"embeddable":true,"href":"https:\/\/www.europesays.com\/fi\/wp-json\/wp\/v2\/users\/2"}],"replies":[{"embeddable":true,"href":"https:\/\/www.europesays.com\/fi\/wp-json\/wp\/v2\/comments?post=135798"}],"version-history":[{"count":0,"href":"https:\/\/www.europesays.com\/fi\/wp-json\/wp\/v2\/posts\/135798\/revisions"}],"wp:featuredmedia":[{"embeddable":true,"href":"https:\/\/www.europesays.com\/fi\/wp-json\/wp\/v2\/media\/135799"}],"wp:attachment":[{"href":"https:\/\/www.europesays.com\/fi\/wp-json\/wp\/v2\/media?parent=135798"}],"wp:term":[{"taxonomy":"category","embeddable":true,"href":"https:\/\/www.europesays.com\/fi\/wp-json\/wp\/v2\/categories?post=135798"},{"taxonomy":"post_tag","embeddable":true,"href":"https:\/\/www.europesays.com\/fi\/wp-json\/wp\/v2\/tags?post=135798"}],"curies":[{"name":"wp","href":"https:\/\/api.w.org\/{rel}","templated":true}]}}