{"id":135800,"date":"2026-01-07T11:25:07","date_gmt":"2026-01-07T11:25:07","guid":{"rendered":"https:\/\/www.europesays.com\/fi\/135800\/"},"modified":"2026-01-07T11:25:07","modified_gmt":"2026-01-07T11:25:07","slug":"aasin-jattikorvat-rikkoivat-maailmanennatyksen-mtv-uutiset","status":"publish","type":"post","link":"https:\/\/www.europesays.com\/fi\/135800\/","title":{"rendered":"Aasin j\u00e4ttikorvat rikkoivat maailmanenn\u00e4tyksen | MTV Uutiset"},"content":{"rendered":"<p><strong class=\"typography-bold\">Hope-aasi selvisi rajuista olosuhteista ja nappasi itselleen maailmanenn\u00e4tyksen. Katso tarina ylt\u00e4!<\/strong><\/p>\n<p>15-vuotias Hope on poikkeuksellista\u00a0American mammoth jackstock -rotua oleva\u00a0aasi. Harvinaiset ovat my\u00f6s sen korvat, jotka palkittiin hiljattain\u00a0Guinnessin maailmanenn\u00e4tyksell\u00e4. Korvat ovat 40 senttimetri\u00e4 pitk\u00e4t.<\/p>\n<p>Hope viihtyy nyt hyvin maatilalla\u00a0Byronin kaupungissa Yhdysvaltojen Georgiassa, mutta kun se tuotiin hoitoon syksyll\u00e4, sen selvi\u00e4minen ei ollut varmaa.<\/p>\n<p>\u2013 Kun el\u00e4inl\u00e4\u00e4k\u00e4ri saapui, h\u00e4n l\u00e4hes itki, koska tilanne oli niin paha, Hopen omistaja <strong class=\"typography-bold\">Hannah Frost<\/strong> kertoo CBS-uutiskanavalle.<\/p>\n<p>\u2013 Pystyimme laskemaan sen selk\u00e4nikamat, sill\u00e4 oli kolme m\u00e4rk\u00e4paisetta, eik\u00e4 se pystynyt sy\u00f6m\u00e4\u00e4n, koska sen hampaat olivat niin ylikasvaneet.<\/p>\n<p>Toipuminen kuitenkin onnistui ja hiljattain Frostin s\u00e4hk\u00f6postiin kilahti viesti Guinnessin maailmanenn\u00e4tyksest\u00e4.<\/p>\n<p>\u2013 Kun siit\u00e4 tuli virallista, istuin s\u00e4ngyll\u00e4ni ja huusin niin, ett\u00e4 aviomieheni luuli, ett\u00e4 jotain on k\u00e4ynyt.<\/p>\n<p><strong class=\"typography-bold\">Katso videot ja kuvat Hope-aasista ylt\u00e4!<\/strong><\/p>\n<p>L\u00e4hde: CBS\/ENEX<\/p>\n<p><strong class=\"typography-bold\">Lue my\u00f6s: <\/strong><a class=\"cursor-pointer underline\" data-testid=\"internal-link\" role=\"link\" data-sentry-element=\"Link\" data-sentry-component=\"InternalLink\" data-sentry-source-file=\"InternalLink.tsx\" href=\"https:\/\/www.mtvuutiset.fi\/artikkeli\/sahkoyksipyoralla-vuorokaudessa-helsingista-rovaniemelle-ruokalahetti-tallensi-uskomattoman-matkan-uusi-maailmanennatys\/8579606\" rel=\"nofollow noopener\" target=\"_blank\"><strong class=\"typography-bold\">S\u00e4hk\u00f6yksipy\u00f6r\u00e4ll\u00e4 vuorokaudessa Helsingist\u00e4 Rovaniemelle \u2013 uhkarohkea ruokal\u00e4hetti tallensi uskomattoman matkan: \u201cUusi maailmanenn\u00e4tys!\u201d<\/strong><\/a><a class=\"cursor-pointer underline\" data-testid=\"internal-link\" role=\"link\" data-sentry-element=\"Link\" data-sentry-component=\"InternalLink\" data-sentry-source-file=\"InternalLink.tsx\" href=\"https:\/\/www.mtvuutiset.fi\/artikkeli\/ihme-kun-olen-hengissa-helsinkilaislaakari-paula-teki-suomalaishistoriaa-kiipeamalla-tappajavuorelle\/9187532\" rel=\"nofollow noopener\" target=\"_blank\"><strong class=\"typography-bold\">&#8221;Ihme, kun olen hengiss\u00e4&#8221; \u2013 helsinkil\u00e4isl\u00e4\u00e4k\u00e4ri Paula teki suomalaishistoriaa kiipe\u00e4m\u00e4ll\u00e4 tappajavuorelle<\/strong><\/a><a class=\"cursor-pointer underline\" data-testid=\"internal-link\" role=\"link\" data-sentry-element=\"Link\" data-sentry-component=\"InternalLink\" data-sentry-source-file=\"InternalLink.tsx\" href=\"https:\/\/www.mtvuutiset.fi\/artikkeli\/karl-lahti-kavelemaan-27-vuotta-sitten-maailma-kohta-kierretty-idea-lahti-huonosta-vedosta\/9261526\" rel=\"nofollow noopener\" target=\"_blank\"><strong class=\"typography-bold\">Karl l\u00e4hti k\u00e4velem\u00e4\u00e4n 27 vuotta sitten \u2013 maailma kohta kierretty: &#8221;Idea l\u00e4hti huonosta vedosta&#8221;<\/strong><\/a><\/p>\n","protected":false},"excerpt":{"rendered":"Hope-aasi selvisi rajuista olosuhteista ja nappasi itselleen maailmanenn\u00e4tyksen. Katso tarina ylt\u00e4! 15-vuotias Hope on poikkeuksellista\u00a0American mammoth jackstock -rotua&hellip;\n","protected":false},"author":2,"featured_media":135801,"comment_status":"","ping_status":"","sticky":false,"template":"","format":"standard","meta":{"footnotes":""},"categories":[112],"tags":[33,31,30,118,32,119],"class_list":{"0":"post-135800","1":"post","2":"type-post","3":"status-publish","4":"format-standard","5":"has-post-thumbnail","7":"category-tiede","8":"tag-fi","9":"tag-finland","10":"tag-finnish","11":"tag-science","12":"tag-suomi","13":"tag-tiede"},"share_on_mastodon":{"url":"https:\/\/pubeurope.com\/@fi\/115853572352484070","error":""},"_links":{"self":[{"href":"https:\/\/www.europesays.com\/fi\/wp-json\/wp\/v2\/posts\/135800","targetHints":{"allow":["GET"]}}],"collection":[{"href":"https:\/\/www.europesays.com\/fi\/wp-json\/wp\/v2\/posts"}],"about":[{"href":"https:\/\/www.europesays.com\/fi\/wp-json\/wp\/v2\/types\/post"}],"author":[{"embeddable":true,"href":"https:\/\/www.europesays.com\/fi\/wp-json\/wp\/v2\/users\/2"}],"replies":[{"embeddable":true,"href":"https:\/\/www.europesays.com\/fi\/wp-json\/wp\/v2\/comments?post=135800"}],"version-history":[{"count":0,"href":"https:\/\/www.europesays.com\/fi\/wp-json\/wp\/v2\/posts\/135800\/revisions"}],"wp:featuredmedia":[{"embeddable":true,"href":"https:\/\/www.europesays.com\/fi\/wp-json\/wp\/v2\/media\/135801"}],"wp:attachment":[{"href":"https:\/\/www.europesays.com\/fi\/wp-json\/wp\/v2\/media?parent=135800"}],"wp:term":[{"taxonomy":"category","embeddable":true,"href":"https:\/\/www.europesays.com\/fi\/wp-json\/wp\/v2\/categories?post=135800"},{"taxonomy":"post_tag","embeddable":true,"href":"https:\/\/www.europesays.com\/fi\/wp-json\/wp\/v2\/tags?post=135800"}],"curies":[{"name":"wp","href":"https:\/\/api.w.org\/{rel}","templated":true}]}}